{"id":34642,"date":"2025-07-14T23:05:29","date_gmt":"2025-07-14T23:05:29","guid":{"rendered":"https:\/\/conakrynews.org\/?p=34642"},"modified":"2025-07-14T23:05:29","modified_gmt":"2025-07-14T23:05:29","slug":"guinee-vulgarisation-du-projet-de-nouvelle-constitution-cest-une-action-civique-tout-le-monde-est-concerne-dixit-le-pm-amadou-oury-bah","status":"publish","type":"post","link":"https:\/\/conakrynews.org\/index.php\/guinee-vulgarisation-du-projet-de-nouvelle-constitution-cest-une-action-civique-tout-le-monde-est-concerne-dixit-le-pm-amadou-oury-bah\/","title":{"rendered":"Guin\u00e9e\/Vulgarisation du projet de nouvelle constitution : \u00ab\u00a0c\u2019est une action civique, tout le monde est concern\u00e9\u00a0\u00bb dixit le PM Amadou Oury Bah"},"content":{"rendered":"<h1 class=\"name post-title entry-title\"><\/h1>\n<p class=\"post-meta\">\n<div class=\"clear\"><\/div>\n<div class=\"entry\">\n<p>Le Premier ministre, Chef du Gouvernement, Amadou Oury BAH, a \u00e9chang\u00e9 avec le personnel de la Primature dans la salle de l\u2019auditorium. Cette rencontre visait \u00e0 pr\u00e9senter les innovations contenues dans le projet de nouvelle Constitution et \u00e0 sensibiliser les cadres sur leur r\u00f4le dans sa compr\u00e9hension et sa diffusion.<\/p>\n<p>Le Chef du Gouvernement a rappel\u00e9 que ce texte est le fruit d\u2019un processus transversal et inclusif. Il constitue une r\u00e9ponse aux faiblesses de gouvernance ayant conduit \u00e0 des instabilit\u00e9s dans le pass\u00e9. \u00ab Tirer les le\u00e7ons de l\u2019histoire pour construire une R\u00e9publique plus stable, plus coh\u00e9sive et r\u00e9solument tourn\u00e9e vers l\u2019avenir. C\u2019est la Constitution de la Guin\u00e9e d\u2019aujourd\u2019hui et de demain qui r\u00e9gira les institutions et garantira la stabilit\u00e9 dans la dur\u00e9e \u00bb, a-t-il d\u00e9clar\u00e9.<\/p>\n<p>Le Premier ministre a invit\u00e9 les cadres \u00e0 s\u2019approprier le texte, \u00e0 en comprendre les articulations et \u00e0 savoir en expliquer les points essentiels, notamment les \u00e9l\u00e9ments rassurants. Il a insist\u00e9 sur une communication d\u00e9personnalis\u00e9e, centr\u00e9e sur l\u2019int\u00e9r\u00eat g\u00e9n\u00e9ral.<\/p>\n<p>\u00ab On ne peut pas aller ailleurs sans le faire d\u2019abord avec nos proches collaborateurs \u00bb, a-t-il soulign\u00e9.<\/p>\n<p>La campagne de vulgarisation, a-t-il pr\u00e9cis\u00e9, repose sur deux \u00e9tapes cl\u00e9s : \u00ab une appropriation individuelle du texte, suivie de sa diffusion aupr\u00e8s des citoyens. Cette mission incombe \u00e0 tous les agents publics, en particulier ceux investis d\u2019un r\u00f4le d\u2019influence \u00bb.<\/p>\n<p>Il a par ailleurs rappel\u00e9 que le Pr\u00e9sident de la R\u00e9publique a confi\u00e9 au gouvernement la responsabilit\u00e9 de vulgariser le texte afin de d\u00e9montrer que la majorit\u00e9 des citoyens a \u00e9t\u00e9 consult\u00e9e.<\/p>\n<p>En conclusion, le Premier ministre a appel\u00e9 \u00e0 un engagement civique et collectif. Informer, expliquer, rassurer, vulgariser : tels sont les mots d\u2019ordre. \u00ab Participer \u00e0 cette \u0153uvre, c\u2019est contribuer \u00e0 \u00e9crire l\u2019histoire de notre R\u00e9publique dans une lecture la plus objective possible \u00bb, a-t-il affirm\u00e9.<\/p>\n<p><strong>Avec CCG<\/strong><\/p>\n<\/div>\n","protected":false},"excerpt":{"rendered":"<p>Le Premier ministre, Chef du Gouvernement, Amadou Oury BAH, a \u00e9chang\u00e9 avec le personnel de la Primature dans la salle de l\u2019auditorium. Cette rencontre visait \u00e0 pr\u00e9senter les innovations contenues dans le projet de nouvelle Constitution et \u00e0 sensibiliser les cadres sur leur r\u00f4le dans sa compr\u00e9hension et sa diffusion. Le Chef du Gouvernement a [&hellip;]<\/p>\n","protected":false},"author":2,"featured_media":34643,"comment_status":"closed","ping_status":"closed","sticky":false,"template":"","format":"standard","meta":{"footnotes":""},"categories":[57],"tags":[],"class_list":{"0":"post-34642","1":"post","2":"type-post","3":"status-publish","4":"format-standard","5":"has-post-thumbnail","7":"category-politique"},"_links":{"self":[{"href":"https:\/\/conakrynews.org\/index.php\/wp-json\/wp\/v2\/posts\/34642","targetHints":{"allow":["GET"]}}],"collection":[{"href":"https:\/\/conakrynews.org\/index.php\/wp-json\/wp\/v2\/posts"}],"about":[{"href":"https:\/\/conakrynews.org\/index.php\/wp-json\/wp\/v2\/types\/post"}],"author":[{"embeddable":true,"href":"https:\/\/conakrynews.org\/index.php\/wp-json\/wp\/v2\/users\/2"}],"replies":[{"embeddable":true,"href":"https:\/\/conakrynews.org\/index.php\/wp-json\/wp\/v2\/comments?post=34642"}],"version-history":[{"count":0,"href":"https:\/\/conakrynews.org\/index.php\/wp-json\/wp\/v2\/posts\/34642\/revisions"}],"wp:featuredmedia":[{"embeddable":true,"href":"https:\/\/conakrynews.org\/index.php\/wp-json\/wp\/v2\/media\/34643"}],"wp:attachment":[{"href":"https:\/\/conakrynews.org\/index.php\/wp-json\/wp\/v2\/media?parent=34642"}],"wp:term":[{"taxonomy":"category","embeddable":true,"href":"https:\/\/conakrynews.org\/index.php\/wp-json\/wp\/v2\/categories?post=34642"},{"taxonomy":"post_tag","embeddable":true,"href":"https:\/\/conakrynews.org\/index.php\/wp-json\/wp\/v2\/tags?post=34642"}],"curies":[{"name":"wp","href":"https:\/\/api.w.org\/{rel}","templated":true}]}}