{"id":3465,"date":"2019-12-05T09:31:27","date_gmt":"2019-12-05T08:31:27","guid":{"rendered":"https:\/\/conakrynews.org\/?p=3465"},"modified":"2019-12-06T09:36:42","modified_gmt":"2019-12-06T08:36:42","slug":"assemblee-generale-de-lucesif-guinee-assure-presidence-a-travers-presidente-hadja-rabiatou-serah-diallo","status":"publish","type":"post","link":"https:\/\/conakrynews.org\/index.php\/assemblee-generale-de-lucesif-guinee-assure-presidence-a-travers-presidente-hadja-rabiatou-serah-diallo\/","title":{"rendered":"Assembl\u00e9e G\u00e9n\u00e9rale de l\u2019UCESIF : La Guin\u00e9e assure la pr\u00e9sidence \u00e0 travers la pr\u00e9sidente du CES ,Hadja Rabiatou Serah Diallo"},"content":{"rendered":"<p><strong>LL\u2019assembl\u00e9e g\u00e9n\u00e9rale \u00e9lective de l\u2019Union des Conseils \u00c9conomiques<img loading=\"lazy\" decoding=\"async\" class=\"alignright size-medium wp-image-3466\" src=\"https:\/\/conakrynews.org\/wp-content\/uploads\/2019\/12\/ces-\u00e0-afficher-1-515x290.jpg\" alt=\"\" width=\"515\" height=\"290\" srcset=\"https:\/\/conakrynews.org\/wp-content\/uploads\/2019\/12\/ces-\u00e0-afficher-1-515x290.jpg 515w, https:\/\/conakrynews.org\/wp-content\/uploads\/2019\/12\/ces-\u00e0-afficher-1-768x432.jpg 768w\" sizes=\"auto, (max-width: 515px) 100vw, 515px\" \/><img loading=\"lazy\" decoding=\"async\" class=\"alignright size-medium wp-image-3467\" src=\"https:\/\/conakrynews.org\/wp-content\/uploads\/2019\/12\/ces-\u00e0-afficher-3-515x290.jpg\" alt=\"\" width=\"515\" height=\"290\" srcset=\"https:\/\/conakrynews.org\/wp-content\/uploads\/2019\/12\/ces-\u00e0-afficher-3-515x290.jpg 515w, https:\/\/conakrynews.org\/wp-content\/uploads\/2019\/12\/ces-\u00e0-afficher-3-768x432.jpg 768w\" sizes=\"auto, (max-width: 515px) 100vw, 515px\" \/><img loading=\"lazy\" decoding=\"async\" class=\"alignright size-medium wp-image-3468\" src=\"https:\/\/conakrynews.org\/wp-content\/uploads\/2019\/12\/ces-\u00e0-afficher-4-515x290.jpg\" alt=\"\" width=\"515\" height=\"290\" srcset=\"https:\/\/conakrynews.org\/wp-content\/uploads\/2019\/12\/ces-\u00e0-afficher-4-515x290.jpg 515w, https:\/\/conakrynews.org\/wp-content\/uploads\/2019\/12\/ces-\u00e0-afficher-4-768x432.jpg 768w\" sizes=\"auto, (max-width: 515px) 100vw, 515px\" \/><img loading=\"lazy\" decoding=\"async\" class=\"alignright size-medium wp-image-3469\" src=\"https:\/\/conakrynews.org\/wp-content\/uploads\/2019\/12\/IMG_20191203_192117-515x290.jpg\" alt=\"\" width=\"515\" height=\"290\" srcset=\"https:\/\/conakrynews.org\/wp-content\/uploads\/2019\/12\/IMG_20191203_192117-515x290.jpg 515w, https:\/\/conakrynews.org\/wp-content\/uploads\/2019\/12\/IMG_20191203_192117-768x432.jpg 768w\" sizes=\"auto, (max-width: 515px) 100vw, 515px\" \/> et Sociaux et Institutions Similaires des \u00c9tats et Gouvernements membres de la Francophonie (UCESIF), s\u2019est tenue ce mercredi 04 D\u00e9cembre 2019 \u00e0 Conakry. Sous la pr\u00e9sidence du premier ministre Chef du Gouvernement,Dr Ibrahima Kassory Fofana,plusieurs personnalit\u00e9s ont pris part \u00e0 ladite Assembl\u00e9e notamment, les repr\u00e9sentants de plusieurs pays Africains et d\u2019Europe, ceux des institutions r\u00e9publicaines, ainsi que les corps diplomatiques et consulaires \u00a0accr\u00e9dit\u00e9s en r\u00e9publique de Guin\u00e9e. Il \u00a0\u00e9tait question de faire le bilan du pr\u00e9sident en exercice et transf\u00e9rer \u00a0la pr\u00e9sidence \u00e0 la Guin\u00e9e, mais \u00a0pr\u00e9cis\u00e9ment \u00e0 Madame la pr\u00e9sidente \u00a0du Conseil \u00e9conomique et\u00a0 Social,Hadja Rabiatou Serah Diallo, qui dirigera d\u00e9sormais les destin\u00e9es de cette institution pour une dur\u00e9e de deux (2) ans (2019-2021). \u00a0\u00a0<\/strong><\/p>\n<p>Dans son discours de bienvenue, Mme la pr\u00e9sidente du Conseil Economique et Social de la Guin\u00e9e,Hadja Rabiatou Serah Diallo, a d\u00e9clar\u00e9 \u00eatre \u00a0honor\u00e9e par le fait que ce poste soit occup\u00e9 pour la premi\u00e8re par un Guin\u00e9en.<\/p>\n<p>Avant \u00a0de \u00a0saluer l\u2019accompagnement\u00a0 du chef de l\u2019Etat \u00a0et \u00a0de son Premier ministre, chef du gouvernement et de tous les autres membres du gouvernement pour le bien \u00eatre des activit\u00e9s de sa structure.<\/p>\n<p>De rench\u00e9rir, elle a dit\u00a0: \u00ab Avec l\u2019appui de tout un chacun, nous allons mener \u00e0 bon port l\u2019engagement qui a \u00e9t\u00e9 pris par le Premier ministre. Il faut que les Guin\u00e9ens nous accompagnent pour qu\u2019il y ait un bon r\u00e9sultat au niveau de l\u2019espace francophone, pour un d\u00e9veloppement durable. Il faut en \u00eatre heureux, que \u00e7a soit une femme qui prend la destin\u00e9e de l\u2019UCESIF pendant 2 ans. Tout cela prouve \u00e0 suffisance qu\u2019il faut confier des responsabilit\u00e9s aux femmes et qu\u2019elles participent aux prises de d\u00e9cisions \u00a0au sein de nos soci\u00e9t\u00e9s\u00bb, a fait savoir\u00a0 la pr\u00e9sidente du CES de la Guin\u00e9e et pr\u00e9sidente de l\u2019UCESIF.<\/p>\n<p>Iacob Baciu, \u00a0pr\u00e9sident du CES de la Roumanie et pr\u00e9sident en exercice de l\u2019UCESIF, a fit un rappel de son parcours \u00a0pendant\u00a0 ces deux ann\u00e9es de sa mandature (2017-2019). \u00ab avec les quelques m\u00e9contentements g\u00e9n\u00e9r\u00e9s par l\u2019attitude incompr\u00e9hensible des anciens dirigeants de l\u2019OIF (Organisation internationale de la Francophonie), \u00e0 mon avis, nous montre une Union des conseils \u00e9conomiques et sociaux francophones forte, distingu\u00e9e au sein de la francophonie et dans le contexte international\u00a0\u00bb, a pr\u00e9cis\u00e9 le pr\u00e9sident sortant de l\u2019UCESIF.<\/p>\n<p>En plus du transfert de la pr\u00e9sidence de l\u2019UCESIF du CES de Roumanie vers le CES de la Guin\u00e9e, Iacob Baciu a soulign\u00e9 que cette rencontre est \u00e9galement l\u2019occasion de c\u00e9l\u00e9brer les 15 ans de cr\u00e9ation de l\u2019UCESIF.<\/p>\n<p>Cette rencontre Pr\u00e9sid\u00e9e par lui, le Premier ministre Kassory Fofana a estim\u00e9 que ces assises de Conakry rel\u00e8vent, \u00e0 maints \u00e9gards, d\u2019une grande importance pour la Guin\u00e9e, qui se trouve ainsi plac\u00e9e au c\u0153ur de l\u2019UCESIF, dont elle va avoir le privil\u00e8ge d\u2019assumer la pr\u00e9sidence, de 2019 \u00e0 2021. \u00ab Cette responsabilit\u00e9 \u00a0sera pleinement assum\u00e9e sous le leadership du Conseil \u00e9conomique et Social et avec l\u2019accompagnement infaillible du gouvernement de la R\u00e9publique \u00bb, a rassur\u00e9 Kassory Fofana.<\/p>\n<p>Avant de conclure en disant\u00a0:\u00a0\u00ab\u00a0Le Gouvernement Guin\u00e9en est engag\u00e9 \u00a0\u00e0 faire aboutir les actions pr\u00e9vues dans la d\u00e9claration de Bucarest adopt\u00e9e \u00e0 l\u2019issue de l\u2019assembl\u00e9e g\u00e9n\u00e9rale des conseils \u00e9conomiques et sociaux et institutions membres de la Francophonie\u00a0\u00bb.<\/p>\n<p><strong>Sylla Ibrahima Kalil pour <a href=\"https:\/\/conakrynews.org\">www.conakrynews.org<\/a> 625444534<\/strong><\/p>\n","protected":false},"excerpt":{"rendered":"<p>LL\u2019assembl\u00e9e g\u00e9n\u00e9rale \u00e9lective de l\u2019Union des Conseils \u00c9conomiques et Sociaux et Institutions Similaires des \u00c9tats et Gouvernements membres de la Francophonie (UCESIF), s\u2019est tenue ce mercredi 04 D\u00e9cembre 2019 \u00e0 Conakry. Sous la pr\u00e9sidence du premier ministre Chef du Gouvernement,Dr Ibrahima Kassory Fofana,plusieurs personnalit\u00e9s ont pris part \u00e0 ladite Assembl\u00e9e notamment, les repr\u00e9sentants de plusieurs [&hellip;]<\/p>\n","protected":false},"author":2,"featured_media":0,"comment_status":"open","ping_status":"open","sticky":false,"template":"","format":"standard","meta":{"footnotes":""},"categories":[1],"tags":[],"class_list":{"0":"post-3465","1":"post","2":"type-post","3":"status-publish","4":"format-standard","6":"category-non-classe"},"_links":{"self":[{"href":"https:\/\/conakrynews.org\/index.php\/wp-json\/wp\/v2\/posts\/3465","targetHints":{"allow":["GET"]}}],"collection":[{"href":"https:\/\/conakrynews.org\/index.php\/wp-json\/wp\/v2\/posts"}],"about":[{"href":"https:\/\/conakrynews.org\/index.php\/wp-json\/wp\/v2\/types\/post"}],"author":[{"embeddable":true,"href":"https:\/\/conakrynews.org\/index.php\/wp-json\/wp\/v2\/users\/2"}],"replies":[{"embeddable":true,"href":"https:\/\/conakrynews.org\/index.php\/wp-json\/wp\/v2\/comments?post=3465"}],"version-history":[{"count":0,"href":"https:\/\/conakrynews.org\/index.php\/wp-json\/wp\/v2\/posts\/3465\/revisions"}],"wp:attachment":[{"href":"https:\/\/conakrynews.org\/index.php\/wp-json\/wp\/v2\/media?parent=3465"}],"wp:term":[{"taxonomy":"category","embeddable":true,"href":"https:\/\/conakrynews.org\/index.php\/wp-json\/wp\/v2\/categories?post=3465"},{"taxonomy":"post_tag","embeddable":true,"href":"https:\/\/conakrynews.org\/index.php\/wp-json\/wp\/v2\/tags?post=3465"}],"curies":[{"name":"wp","href":"https:\/\/api.w.org\/{rel}","templated":true}]}}