{"id":34651,"date":"2025-07-16T12:52:19","date_gmt":"2025-07-16T12:52:19","guid":{"rendered":"https:\/\/conakrynews.org\/?p=34651"},"modified":"2025-07-16T12:52:19","modified_gmt":"2025-07-16T12:52:19","slug":"economie-cedeao-lallemagne-cofinance-4-projets-de-developpement","status":"publish","type":"post","link":"https:\/\/conakrynews.org\/index.php\/economie-cedeao-lallemagne-cofinance-4-projets-de-developpement\/","title":{"rendered":"\u00c9conomie\/CEDEAO : L\u2019Allemagne cofinance 4 projets de d\u00e9veloppement"},"content":{"rendered":"<h1 class=\"name post-title entry-title\"><\/h1>\n<p class=\"post-meta\">\n<div class=\"clear\"><\/div>\n<div class=\"entry\">\n<p class=\"teaser\">Ces projets sont port\u00e9s par la Communaut\u00e9 \u00e9conomique des \u00c9tats de l\u2019Afrique de l\u2019Ouest (CEDEAO).<\/p>\n<div class=\"content\">\n<section class=\"main\">Le gouvernement f\u00e9d\u00e9ral allemand a cofinanc\u00e9 quatre projets visant \u00e0 renforcer la paix, la s\u00e9curit\u00e9 et l\u2019int\u00e9gration \u00e9conomique en Afrique de l\u2019Ouest, une r\u00e9gion confront\u00e9e \u00e0 des d\u00e9fis comme le terrorisme et l\u2019ins\u00e9curit\u00e9, le changement climatique et les migrations. Ces projets sont port\u00e9s par la Communaut\u00e9 \u00e9conomique des \u00c9tats de l\u2019Afrique de l\u2019Ouest (CEDEAO), une organisation intergouvernementale bas\u00e9e \u00e0 Abuja au Nigeria.&nbsp;<\/p>\n<p>Financ\u00e9es conjointement par l\u2019Allemagne, l\u2019Union europ\u00e9enne (UE) et l\u2019Espagne \u00e0 hauteur de 105 millions d\u2019euros, les quatre initiatives comprennent :<\/p>\n<ul>\n<li>Le Projet de paix, de s\u00e9curit\u00e9 et de gouvernance de la CEDEAO (EPSG) con\u00e7u pour renforcer les capacit\u00e9s de cette organisation \u00e0 pr\u00e9venir et \u00e0 r\u00e9agir aux conflits violents et \u00e0 d\u2019autres d\u00e9fis s\u00e9curitaires dans la r\u00e9gion, et \u00e0 consolider la paix et la gouvernance d\u00e9mocratique.<\/li>\n<li>La deuxi\u00e8me phase du projet de Soutien institutionnel \u00e0 la CEDEAO (ISE II) visant \u00e0 am\u00e9liorer la capacit\u00e9 et la durabilit\u00e9 des institutions et des partenariats de l\u2019organisation, notamment en r\u00e9ussissant l\u2019\u00e9valuation des piliers pour l\u2019obtention directe de fonds de l\u2019UE.<\/li>\n<li>La composante CEDEAO du programme Comp\u00e9titivit\u00e9 commerciale et acc\u00e8s aux march\u00e9s en Afrique (ATCMA).<\/li>\n<li>Le Programme pour le commerce des services en Afrique de l\u2019Ouest (TiSP West Africa) qui soutient la CEDEAO et ses \u00c9tats membres dans la mise en \u0153uvre de l\u2019Accord \u00e9tablissant la Zone de libre-\u00e9change continentale africaine (ZLECAf).<\/li>\n<\/ul>\n<p>Parmi ces quatre projets, trois sont cofinanc\u00e9s par l\u2019Allemagne pour un budget total d\u2019environ 50 pour cent, a indiqu\u00e9 l\u2019ambassade allemande au Nigeria. \u00ab L\u2019Allemagne est un partenaire engag\u00e9 de la CEDEAO et de ses \u00c9tats membres dans la promotion de notre vision commune : une Afrique de l\u2019Ouest stable, d\u00e9mocratique et prosp\u00e8re \u00bb, a d\u00e9clar\u00e9 l\u2019ambassadrice allemande au Nigeria, Mme Annett G\u00fcnther, s\u2019exprimant lors du lancement des projets.<\/p>\n<p>\u00ab Ces initiatives permettront non seulement de renforcer nos institutions et nos \u00e9conomies, mais aussi d\u2019approfondir les liens de coop\u00e9ration et de solidarit\u00e9 entre nos peuples. Ensemble, nous pouvons relever les d\u00e9fis urgents auxquels notre r\u00e9gion est confront\u00e9e, du terrorisme et de l\u2019ins\u00e9curit\u00e9 au changement climatique et aux migrations, avec r\u00e9silience et unit\u00e9 \u00bb, a dit, de son c\u00f4t\u00e9, Omar Touray, pr\u00e9sident de la Commission de la CEDEAO.<\/p>\n<\/section>\n<p>&nbsp;<\/p>\n<p><strong>Avec dpa-news<\/strong><\/p>\n<\/div>\n<\/div>\n<div class=\"share-post\">\n<p>&nbsp;<\/p>\n<\/div>\n","protected":false},"excerpt":{"rendered":"<p>Ces projets sont port\u00e9s par la Communaut\u00e9 \u00e9conomique des \u00c9tats de l\u2019Afrique de l\u2019Ouest (CEDEAO). Le gouvernement f\u00e9d\u00e9ral allemand a cofinanc\u00e9 quatre projets visant \u00e0 renforcer la paix, la s\u00e9curit\u00e9 et l\u2019int\u00e9gration \u00e9conomique en Afrique de l\u2019Ouest, une r\u00e9gion confront\u00e9e \u00e0 des d\u00e9fis comme le terrorisme et l\u2019ins\u00e9curit\u00e9, le changement climatique et les migrations. Ces [&hellip;]<\/p>\n","protected":false},"author":2,"featured_media":34652,"comment_status":"closed","ping_status":"closed","sticky":false,"template":"","format":"standard","meta":{"footnotes":""},"categories":[66],"tags":[],"class_list":{"0":"post-34651","1":"post","2":"type-post","3":"status-publish","4":"format-standard","5":"has-post-thumbnail","7":"category-economie"},"_links":{"self":[{"href":"https:\/\/conakrynews.org\/index.php\/wp-json\/wp\/v2\/posts\/34651","targetHints":{"allow":["GET"]}}],"collection":[{"href":"https:\/\/conakrynews.org\/index.php\/wp-json\/wp\/v2\/posts"}],"about":[{"href":"https:\/\/conakrynews.org\/index.php\/wp-json\/wp\/v2\/types\/post"}],"author":[{"embeddable":true,"href":"https:\/\/conakrynews.org\/index.php\/wp-json\/wp\/v2\/users\/2"}],"replies":[{"embeddable":true,"href":"https:\/\/conakrynews.org\/index.php\/wp-json\/wp\/v2\/comments?post=34651"}],"version-history":[{"count":0,"href":"https:\/\/conakrynews.org\/index.php\/wp-json\/wp\/v2\/posts\/34651\/revisions"}],"wp:featuredmedia":[{"embeddable":true,"href":"https:\/\/conakrynews.org\/index.php\/wp-json\/wp\/v2\/media\/34652"}],"wp:attachment":[{"href":"https:\/\/conakrynews.org\/index.php\/wp-json\/wp\/v2\/media?parent=34651"}],"wp:term":[{"taxonomy":"category","embeddable":true,"href":"https:\/\/conakrynews.org\/index.php\/wp-json\/wp\/v2\/categories?post=34651"},{"taxonomy":"post_tag","embeddable":true,"href":"https:\/\/conakrynews.org\/index.php\/wp-json\/wp\/v2\/tags?post=34651"}],"curies":[{"name":"wp","href":"https:\/\/api.w.org\/{rel}","templated":true}]}}