{"id":34660,"date":"2025-07-16T13:01:48","date_gmt":"2025-07-16T13:01:48","guid":{"rendered":"https:\/\/conakrynews.org\/?p=34660"},"modified":"2025-07-16T13:01:48","modified_gmt":"2025-07-16T13:01:48","slug":"deces-de-lancien-president-nigerian-muhammadu-buhari-a-82-ans","status":"publish","type":"post","link":"https:\/\/conakrynews.org\/index.php\/deces-de-lancien-president-nigerian-muhammadu-buhari-a-82-ans\/","title":{"rendered":"D\u00e9c\u00e8s de l\u2019ancien pr\u00e9sident nig\u00e9rian Muhammadu Buhari \u00e0 82 ans"},"content":{"rendered":"<h1 class=\"name post-title entry-title\"><\/h1>\n<p class=\"post-meta\">\n<div class=\"clear\"><\/div>\n<div class=\"entry\">\n<p>L\u2019ex-pr\u00e9sident nig\u00e9rian Muhammadu Buhari, qui a dirig\u00e9 son pays d\u2019abord en tant que militaire puis en tant que pr\u00e9sident \u00e9lu, est d\u00e9c\u00e9d\u00e9 dimanche \u00e0 l\u2019\u00e2ge de 82 ans, a annonc\u00e9 son ancien porte-parole.<\/p>\n<p class=\"sk-check-for-highlights\">L\u2019ex-pr\u00e9sident nig\u00e9rian Muhammadu Buhari, qui avait quitt\u00e9 le pouvoir en 2023 apr\u00e8s deux mandats marqu\u00e9s par des d\u00e9fis \u00e9conomiques et s\u00e9curitaires, est mort dimanche 13 juillet \u00e0 Londres \u00e0 82 ans \u00ab\u00a0des suites d\u2019une longue maladie\u00a0\u00bb, ont indiqu\u00e9 la pr\u00e9sidence nig\u00e9riane et son ancien porte-parole.<\/p>\n<p class=\"sk-check-for-highlights\">\u00ab\u00a0La famille de l\u2019ancien pr\u00e9sident a annonc\u00e9 le d\u00e9c\u00e8s de Muhammadu Buhari cet apr\u00e8s-midi dans une clinique \u00e0 Londres\u00a0\u00bb, a annonc\u00e9 sur les r\u00e9seaux sociaux Garba Shehu, qui fut son porte-parole durant sa pr\u00e9sidence (2015-2023).<\/p>\n<p class=\"sk-check-for-highlights\">Muhammadu Buhari a gouvern\u00e9 le\u00a0<a class=\"gtm-add-suggested-tag sk-check-for-highlights\" href=\"https:\/\/www.france24.com\/fr\/tag\/nigeria\/\" target=\"_self\" rel=\"noopener noreferrer\">Nigeria<\/a>\u00a0d\u2019une main de fer en tant que militaire dans les ann\u00e9es 1980, avant de se r\u00e9inventer en \u00ab\u00a0d\u00e9mocrate converti\u00a0\u00bb, effectuant deux mandats pr\u00e9sidentiels de 2015 \u00e0 2023.<\/p>\n<p class=\"sk-check-for-highlights\">Le pr\u00e9sident actuel,\u00a0<a class=\"gtm-add-suggested-tag sk-check-for-highlights\" href=\"https:\/\/www.france24.com\/fr\/tag\/bola-tinubu\/\" target=\"_self\" rel=\"noopener noreferrer\">Bola Tinubu<\/a>, a indiqu\u00e9 dans un communiqu\u00e9 qu\u2019il s\u2019\u00e9tait entretenu avec l\u2019\u00e9pouse de Muhammadu Buhari et avait charg\u00e9 le vice-pr\u00e9sident, Kashim Shettima, de se rendre en Angleterre pour rapatrier le corps au Nigeria.<\/p>\n<p>Il a d\u00e9crit son pr\u00e9d\u00e9cesseur comme \u00ab\u00a0un patriote, un soldat, un homme d\u2019\u00c9tat\u00a0\u00bb et estim\u00e9 que\u00a0Muhammadu Buhari \u00ab\u00a0a tenu bon dans les moments les plus difficiles, dirigeant avec une force tranquille et une profonde int\u00e9grit\u00e9\u00a0\u00bb.<\/p>\n<p>Des messages de condol\u00e9ances ont \u00e9t\u00e9 adress\u00e9s notamment par le pr\u00e9sident sierra-l\u00e9onais Julius Maada Bio et la directrice g\u00e9n\u00e9rale de l\u2019Organisation mondiale du Commerce (OMC) Ngozi Okonjo-Iweala.<\/p>\n<p>Les fr\u00e9quents d\u00e9placements de\u00a0Muhammadu Buhari \u00e0 l\u2019\u00e9tranger pour des soins m\u00e9dicaux durant sa pr\u00e9sidence avaient suscit\u00e9 des critiques sur le manque de transparence du gouvernement, et des inqui\u00e9tudes quant \u00e0 la vacance du pouvoir durant ses longues absences.<\/p>\n<p>Ses d\u00e9tracteurs affirmaient que ses voyages \u00e0 l\u2019\u00e9tranger illustraient l\u2019\u00e9tat d\u00e9faillant du syst\u00e8me de sant\u00e9 nig\u00e9rian.<\/p>\n<h2>\u00ab\u00a0Un \u00e9chec de leadership\u00a0\u00bb<\/h2>\n<p>La semaine derni\u00e8re, son ancien porte-parole a publi\u00e9 un livre dans lequel, selon les m\u00e9dias locaux, il admet avoir invent\u00e9 une histoire en 2017 \u00e0 propos d\u2019une invasion de rats dans les bureaux de la pr\u00e9sidence \u2013 un stratag\u00e8me destin\u00e9 \u00e0 d\u00e9tourner l\u2019attention du public concernant la sant\u00e9 de M. Buhari.<\/p>\n<p>\u00c0 l\u2019\u00e9poque,\u00a0Muhammadu Buhari avait pass\u00e9 pr\u00e8s de trois mois au Royaume-Uni pour y recevoir des soins.<\/p>\n<p>\u00ab\u00a0Lorsque les journalistes ont insist\u00e9 pour savoir pourquoi le pr\u00e9sident travaillait toujours depuis chez lui, m\u00eame s\u2019il \u00e9tait cens\u00e9 avoir r\u00e9cup\u00e9r\u00e9 et pouvoir travailler au bureau, j\u2019ai expliqu\u00e9 que le bureau, inutilis\u00e9 depuis longtemps, n\u00e9cessitait des r\u00e9novations parce que des rats avaient peut-\u00eatre rong\u00e9 des c\u00e2bles\u00a0\u00bb, a \u00e9crit Garba Shehu selon les m\u00e9dias locaux.<\/p>\n<p>Sa victoire \u00e9lectorale en 2015, dans un pays o\u00f9 la r\u00e9\u00e9lection d\u2019un pr\u00e9sident en exercice semblait acquise, avait \u00e9t\u00e9 per\u00e7ue comme une rare opportunit\u00e9 de changement pour le Nigeria.<\/p>\n<p>Mais son accession au pouvoir n\u2019a pas permis de r\u00e9soudre les probl\u00e8mes persistants du pays, notamment la corruption, l\u2019ins\u00e9curit\u00e9 et les difficult\u00e9s \u00e9conomiques auxquelles est confront\u00e9 ce pays p\u00e9trolier.<\/p>\n<p>Malgr\u00e9 les pr\u00e9occupations concernant sa sant\u00e9 fragile, ses politiques \u00e9conomiques contest\u00e9es, les critiques sur l\u2019efficacit\u00e9 de sa lutte contre la corruption, et la persistance de l\u2019ins\u00e9curit\u00e9, il a \u00e9t\u00e9 r\u00e9\u00e9lu pour un second mandat en 2019.<\/p>\n<p>Dans une tribune publi\u00e9e en 2020 dans le New York Times, l\u2019\u00e9crivaine nig\u00e9riane Chimamanda Ngozi Adichie jugeait que son mandat avait \u00e9t\u00e9 \u00ab\u00a0un \u00e9chec de leadership\u00a0\u00bb, accusant son gouvernement d\u2019\u00eatre \u00ab\u00a0inefficace depuis longtemps, avec une forme d\u2019indiff\u00e9rence assum\u00e9e\u00a0\u00bb.<\/p>\n<p>&nbsp;<\/p>\n<p><strong><em>Avec AFP<\/em><\/strong><\/p>\n<\/div>\n","protected":false},"excerpt":{"rendered":"<p>L\u2019ex-pr\u00e9sident nig\u00e9rian Muhammadu Buhari, qui a dirig\u00e9 son pays d\u2019abord en tant que militaire puis en tant que pr\u00e9sident \u00e9lu, est d\u00e9c\u00e9d\u00e9 dimanche \u00e0 l\u2019\u00e2ge de 82 ans, a annonc\u00e9 son ancien porte-parole. L\u2019ex-pr\u00e9sident nig\u00e9rian Muhammadu Buhari, qui avait quitt\u00e9 le pouvoir en 2023 apr\u00e8s deux mandats marqu\u00e9s par des d\u00e9fis \u00e9conomiques et s\u00e9curitaires, est [&hellip;]<\/p>\n","protected":false},"author":2,"featured_media":34661,"comment_status":"closed","ping_status":"closed","sticky":false,"template":"","format":"standard","meta":{"footnotes":""},"categories":[58],"tags":[],"class_list":{"0":"post-34660","1":"post","2":"type-post","3":"status-publish","4":"format-standard","5":"has-post-thumbnail","7":"category-societe"},"_links":{"self":[{"href":"https:\/\/conakrynews.org\/index.php\/wp-json\/wp\/v2\/posts\/34660","targetHints":{"allow":["GET"]}}],"collection":[{"href":"https:\/\/conakrynews.org\/index.php\/wp-json\/wp\/v2\/posts"}],"about":[{"href":"https:\/\/conakrynews.org\/index.php\/wp-json\/wp\/v2\/types\/post"}],"author":[{"embeddable":true,"href":"https:\/\/conakrynews.org\/index.php\/wp-json\/wp\/v2\/users\/2"}],"replies":[{"embeddable":true,"href":"https:\/\/conakrynews.org\/index.php\/wp-json\/wp\/v2\/comments?post=34660"}],"version-history":[{"count":0,"href":"https:\/\/conakrynews.org\/index.php\/wp-json\/wp\/v2\/posts\/34660\/revisions"}],"wp:featuredmedia":[{"embeddable":true,"href":"https:\/\/conakrynews.org\/index.php\/wp-json\/wp\/v2\/media\/34661"}],"wp:attachment":[{"href":"https:\/\/conakrynews.org\/index.php\/wp-json\/wp\/v2\/media?parent=34660"}],"wp:term":[{"taxonomy":"category","embeddable":true,"href":"https:\/\/conakrynews.org\/index.php\/wp-json\/wp\/v2\/categories?post=34660"},{"taxonomy":"post_tag","embeddable":true,"href":"https:\/\/conakrynews.org\/index.php\/wp-json\/wp\/v2\/tags?post=34660"}],"curies":[{"name":"wp","href":"https:\/\/api.w.org\/{rel}","templated":true}]}}