{"id":34664,"date":"2025-07-17T13:19:20","date_gmt":"2025-07-17T13:19:20","guid":{"rendered":"https:\/\/conakrynews.org\/?p=34664"},"modified":"2025-07-17T13:19:20","modified_gmt":"2025-07-17T13:19:20","slug":"matoto-une-quarantaine-dagents-de-la-garde-communale-bouclent-leur-formation-de-renforcement-des-capacites","status":"publish","type":"post","link":"https:\/\/conakrynews.org\/index.php\/matoto-une-quarantaine-dagents-de-la-garde-communale-bouclent-leur-formation-de-renforcement-des-capacites\/","title":{"rendered":"Matoto: Une quarantaine d\u2019agents de la garde communale bouclent leur formation de renforcement des capacit\u00e9s"},"content":{"rendered":"<div class=\"td-pb-row\">\n<div class=\"td-pb-span12\">\n<div class=\"td-post-header\">\n<header class=\"td-post-title\">\n<h1 class=\"entry-title\"><\/h1>\n<div class=\"td-module-meta-info\">\n<div class=\"td-post-author-name\">\n<div class=\"td-author-by\"><\/div>\n<div class=\"td-author-line\"><\/div>\n<\/div>\n<\/div>\n<\/header>\n<\/div>\n<\/div>\n<\/div>\n<div class=\"td-pb-row\">\n<div class=\"td-pb-span8 td-main-content\" role=\"main\">\n<div class=\"td-ss-main-content\">\n<div class=\"td-post-sharing td-post-sharing-top \">\n<div class=\"td-default-sharing\"><\/div>\n<\/div>\n<div class=\"td-post-content\">\n<div class=\"td-post-featured-image\"><\/div>\n<p>&nbsp;<\/p>\n<p>Apr\u00e8s plusieurs jours de formation th\u00e9orique et pratique, quarante (40) agents de la Garde Communale de Matoto ont \u00e9t\u00e9 officiellement pr\u00e9sent\u00e9s ce mercredi 16 juillet 2025, lors d\u2019une c\u00e9r\u00e9monie solennelle.<\/p>\n<p>L\u2019\u00e9v\u00e9nement a r\u00e9uni de nombreuses personnalit\u00e9s, notamment des repr\u00e9sentants du Minist\u00e8re de l\u2019Administration du Territoire, du Gouvernorat de la Ville de Conakry, des autorit\u00e9s communales, des responsables des forces de s\u00e9curit\u00e9 ainsi que des chefs de quartiers.<\/p>\n<p><a href=\"https:\/\/i0.wp.com\/liberationinfo.com\/wp-content\/uploads\/2025\/07\/IMG-20250717-WA0002.jpg\"><img loading=\"lazy\" decoding=\"async\" class=\"alignnone size-medium wp-image-27789 td-animation-stack-type0-2\" src=\"https:\/\/i0.wp.com\/liberationinfo.com\/wp-content\/uploads\/2025\/07\/IMG-20250717-WA0002.jpg?resize=300%2C245\" alt=\"\" width=\"300\" height=\"245\" data-recalc-dims=\"1\" \/><\/a><\/p>\n<p>Prenant la parole \u00e0 son tour, le Secr\u00e9taire g\u00e9n\u00e9ral de la Commune, M. Mamadi Nab\u00e9, a rappel\u00e9 que le recrutement, la formation et l\u2019\u00e9quipement des agents de la garde communale s\u2019inscrivent dans la feuille de route des ex\u00e9cutifs locaux. \u00ab Sous l\u2019impulsion de M. Moussa Diallo et avec le soutien du Minist\u00e8re de l\u2019Administration du Territoire, la Commune de Matoto s\u2019emploie \u00e0 rendre op\u00e9rationnelle sa garde communale pour renforcer la s\u00e9curit\u00e9 locale \u00bb, a-t-il affirm\u00e9.<\/p>\n<p>Dans son discours de bienvenue, le Pr\u00e9sident de la D\u00e9l\u00e9gation Sp\u00e9ciale de Matoto, M. Moussa Diallo, a salu\u00e9 la pr\u00e9sence des invit\u00e9s avant de revenir sur les crit\u00e8res ayant guid\u00e9 la s\u00e9lection des agents : \u00ab Le s\u00e9rieux, la discipline et le sens du devoir ont pr\u00e9valu dans le processus de recrutement. Messieurs les officiers de police et de gendarmerie, nous vous confions ces agents pour une collaboration \u00e9troite au service de la qui\u00e9tude et du bien-\u00eatre des citoyens de notre commune \u00bb, a-t-il soulign\u00e9.<\/p>\n<p><a href=\"https:\/\/i0.wp.com\/liberationinfo.com\/wp-content\/uploads\/2025\/07\/IMG-20250717-WA0005.jpg\"><img loading=\"lazy\" decoding=\"async\" class=\"alignnone size-medium wp-image-27790 td-animation-stack-type0-2\" src=\"https:\/\/i0.wp.com\/liberationinfo.com\/wp-content\/uploads\/2025\/07\/IMG-20250717-WA0005.jpg?resize=300%2C200\" alt=\"\" width=\"300\" height=\"200\" data-recalc-dims=\"1\" \/><\/a><\/p>\n<p>Pour le repr\u00e9sentant de Madame la Gouverneure, la garde communale est un maillon essentiel de la cha\u00eene de s\u00e9curit\u00e9 pr\u00e9ventive : \u00ab Ces agents doivent faire preuve de discipline et de rigueur dans l\u2019exercice de leurs fonctions. Je les encourage \u00e0 poursuivre leur formation de mani\u00e8re continue. Nous saluons l\u2019engagement des autorit\u00e9s communales de Matoto et invitons les 13 autres communes de Conakry \u00e0 suivre cet exemple \u00bb, a-t-il d\u00e9clar\u00e9.<\/p>\n<p>Quant au repr\u00e9sentant du Directeur National de la Garde Communale, M. Aboubacar Sylla, il a exhort\u00e9 les autorit\u00e9s locales \u00e0 maintenir leurs efforts : \u00ab Une garde communale recrut\u00e9e mais laiss\u00e9e sans accompagnement est vou\u00e9e \u00e0 l\u2019\u00e9chec. Ces agents, en tant que service transversal, doivent \u00eatre disponibles pour appuyer l\u2019ensemble des services techniques de la commune, dans le strict respect des r\u00e8gles et sous l\u2019autorit\u00e9 l\u00e9gitime\u00bb.<\/p>\n<p>La c\u00e9r\u00e9monie s\u2019est achev\u00e9e par la remise officielle de moyens logistiques au service communal, notamment des motos et deux tricycles. Le Directeur Communal de la Garde Communale a exprim\u00e9 sa gratitude aux autorit\u00e9s de Matoto et s\u2019est engag\u00e9 \u00e0 assurer une utilisation rationnelle de ces \u00e9quipements.<\/p>\n<p><strong>Oumar Konat\u00e9\u00a0<\/strong><\/p>\n<\/div>\n<\/div>\n<\/div>\n<\/div>\n","protected":false},"excerpt":{"rendered":"<p>&nbsp; Apr\u00e8s plusieurs jours de formation th\u00e9orique et pratique, quarante (40) agents de la Garde Communale de Matoto ont \u00e9t\u00e9 officiellement pr\u00e9sent\u00e9s ce mercredi 16 juillet 2025, lors d\u2019une c\u00e9r\u00e9monie solennelle. L\u2019\u00e9v\u00e9nement a r\u00e9uni de nombreuses personnalit\u00e9s, notamment des repr\u00e9sentants du Minist\u00e8re de l\u2019Administration du Territoire, du Gouvernorat de la Ville de Conakry, des autorit\u00e9s [&hellip;]<\/p>\n","protected":false},"author":2,"featured_media":34665,"comment_status":"closed","ping_status":"closed","sticky":false,"template":"","format":"standard","meta":{"footnotes":""},"categories":[58],"tags":[],"class_list":{"0":"post-34664","1":"post","2":"type-post","3":"status-publish","4":"format-standard","5":"has-post-thumbnail","7":"category-societe"},"_links":{"self":[{"href":"https:\/\/conakrynews.org\/index.php\/wp-json\/wp\/v2\/posts\/34664","targetHints":{"allow":["GET"]}}],"collection":[{"href":"https:\/\/conakrynews.org\/index.php\/wp-json\/wp\/v2\/posts"}],"about":[{"href":"https:\/\/conakrynews.org\/index.php\/wp-json\/wp\/v2\/types\/post"}],"author":[{"embeddable":true,"href":"https:\/\/conakrynews.org\/index.php\/wp-json\/wp\/v2\/users\/2"}],"replies":[{"embeddable":true,"href":"https:\/\/conakrynews.org\/index.php\/wp-json\/wp\/v2\/comments?post=34664"}],"version-history":[{"count":0,"href":"https:\/\/conakrynews.org\/index.php\/wp-json\/wp\/v2\/posts\/34664\/revisions"}],"wp:featuredmedia":[{"embeddable":true,"href":"https:\/\/conakrynews.org\/index.php\/wp-json\/wp\/v2\/media\/34665"}],"wp:attachment":[{"href":"https:\/\/conakrynews.org\/index.php\/wp-json\/wp\/v2\/media?parent=34664"}],"wp:term":[{"taxonomy":"category","embeddable":true,"href":"https:\/\/conakrynews.org\/index.php\/wp-json\/wp\/v2\/categories?post=34664"},{"taxonomy":"post_tag","embeddable":true,"href":"https:\/\/conakrynews.org\/index.php\/wp-json\/wp\/v2\/tags?post=34664"}],"curies":[{"name":"wp","href":"https:\/\/api.w.org\/{rel}","templated":true}]}}