{"id":34672,"date":"2025-07-17T15:20:52","date_gmt":"2025-07-17T15:20:52","guid":{"rendered":"https:\/\/conakrynews.org\/?p=34672"},"modified":"2025-07-17T15:20:52","modified_gmt":"2025-07-17T15:20:52","slug":"guinee-vulgarisation-du-projet-de-nouvelle-constitution-le-premier-ministre-amadou-oury-bah-rencontre-ses-predecesseurs","status":"publish","type":"post","link":"https:\/\/conakrynews.org\/index.php\/guinee-vulgarisation-du-projet-de-nouvelle-constitution-le-premier-ministre-amadou-oury-bah-rencontre-ses-predecesseurs\/","title":{"rendered":"Guin\u00e9e\/Vulgarisation du projet de nouvelle constitution: le premier ministre Amadou Oury Bah rencontre ses pr\u00e9d\u00e9cesseurs"},"content":{"rendered":"<h1 class=\"name post-title entry-title\"><\/h1>\n<p class=\"post-meta\">\n<div class=\"clear\"><\/div>\n<div class=\"entry\">\n<div class=\"xdj266r x14z9mp xat24cr x1lziwak x1vvkbs x126k92a\">\n<div dir=\"auto\">Le Premier ministre, Amadou Oury BAH, a re\u00e7u \u00e0 la Primature, cinq de ses pr\u00e9d\u00e9cesseurs pour un \u00e9change de haut niveau autour du projet de la nouvelle Constitution.<\/div>\n<\/div>\n<div class=\"x14z9mp xat24cr x1lziwak x1vvkbs xtlvy1s x126k92a\">\n<div dir=\"auto\"><\/div>\n<\/div>\n<div class=\"x14z9mp xat24cr x1lziwak x1vvkbs xtlvy1s x126k92a\">\n<div dir=\"auto\">Cette rencontre s\u2019inscrit dans le cadre des consultations engag\u00e9es par le Chef du Gouvernement avec les diff\u00e9rentes institutions et organisation socio-professionnelles et communaut\u00e9s du pays, depuis la transmission officielle du projet de Constitution par le Conseil National de la Transition au Pr\u00e9sident de la R\u00e9publique, G\u00e9n\u00e9ral Mamadi Doumbouya.<\/div>\n<div dir=\"auto\"><\/div>\n<div dir=\"auto\">Par cette d\u00e9marche inclusive, le Gouvernement entend s\u2019assurer de la compr\u00e9hension et de l\u2019appropriation des dispositions du projet constitutionnel par chaque citoyen.<\/div>\n<div dir=\"auto\"><\/div>\n<\/div>\n<div class=\"x14z9mp xat24cr x1lziwak x1vvkbs xtlvy1s x126k92a\">\n<div dir=\"auto\">Au terme de la rencontre, M. Lounc\u00e9ny Fall, s\u2019est exprim\u00e9 au nom de ses pairs en saluant une initiative r\u00e9publicaine porteuse d\u2019espoir :<\/div>\n<div dir=\"auto\">\u00ab Ce n\u2019est pas la premi\u00e8re fois que le Premier ministre re\u00e7oit ses pr\u00e9d\u00e9cesseurs. C\u2019est une tr\u00e8s bonne habitude qu\u2019il a instaur\u00e9e, que nous saluons vivement \u00bb, a-t-il d\u00e9clar\u00e9.<\/div>\n<div dir=\"auto\"><\/div>\n<div dir=\"auto\">Selon M. FALL, cette rencontre a permis aux anciens chefs de gouvernement de prendre connaissance du contenu du projet de Constitution, remis officiellement par le Premier ministre.<\/div>\n<div dir=\"auto\"><\/div>\n<\/div>\n<div class=\"x14z9mp xat24cr x1lziwak x1vvkbs xtlvy1s x126k92a\">\n<div dir=\"auto\">\u00ab Nous avons eu l\u2019avantage de recevoir, de ses propres mains, une copie du projet de la nouvelle Constitution qui sera soumis \u00e0 r\u00e9f\u00e9rendum au mois de septembre prochain \u00bb, a-t-il pr\u00e9cis\u00e9.<\/div>\n<div dir=\"auto\"><\/div>\n<\/div>\n<div class=\"x14z9mp xat24cr x1lziwak x1vvkbs xtlvy1s x126k92a\">\n<div dir=\"auto\">Les discussions ont \u00e9galement port\u00e9 sur la situation nationale, le climat de paix qui pr\u00e9vaut dans le pays, et la n\u00e9cessit\u00e9 de pr\u00e9server cette stabilit\u00e9 : \u00ab Nous nous sommes f\u00e9licit\u00e9s de l\u2019engagement du Premier ministre sur plusieurs fronts afin d\u2019apporter des solutions consensuelles et d\u2019apaiser la situation politique \u00bb, a soulign\u00e9 l\u2019ancien chef du gouvernement.<\/div>\n<div dir=\"auto\"><\/div>\n<\/div>\n<div class=\"x14z9mp xat24cr x1lziwak x1vvkbs xtlvy1s x126k92a\">\n<div dir=\"auto\">Interrog\u00e9 sur leur \u00e9ventuelle implication dans la vulgarisation du projet, Lounc\u00e9ny Fall a \u00e9t\u00e9 sans \u00e9quivoque : \u00ab Bien s\u00fbr, en tant que Guin\u00e9ens, nous sommes tous concern\u00e9s. Il en va de l\u2019int\u00e9r\u00eat sup\u00e9rieur de la nation \u00bb.<\/div>\n<\/div>\n<div dir=\"auto\"><\/div>\n<div dir=\"auto\"><\/div>\n<div dir=\"auto\"><strong>Avec CCG<\/strong><\/div>\n<\/div>\n","protected":false},"excerpt":{"rendered":"<p>Le Premier ministre, Amadou Oury BAH, a re\u00e7u \u00e0 la Primature, cinq de ses pr\u00e9d\u00e9cesseurs pour un \u00e9change de haut niveau autour du projet de la nouvelle Constitution. Cette rencontre s\u2019inscrit dans le cadre des consultations engag\u00e9es par le Chef du Gouvernement avec les diff\u00e9rentes institutions et organisation socio-professionnelles et communaut\u00e9s du pays, depuis la [&hellip;]<\/p>\n","protected":false},"author":2,"featured_media":34673,"comment_status":"closed","ping_status":"closed","sticky":false,"template":"","format":"standard","meta":{"footnotes":""},"categories":[57],"tags":[],"class_list":{"0":"post-34672","1":"post","2":"type-post","3":"status-publish","4":"format-standard","5":"has-post-thumbnail","7":"category-politique"},"_links":{"self":[{"href":"https:\/\/conakrynews.org\/index.php\/wp-json\/wp\/v2\/posts\/34672","targetHints":{"allow":["GET"]}}],"collection":[{"href":"https:\/\/conakrynews.org\/index.php\/wp-json\/wp\/v2\/posts"}],"about":[{"href":"https:\/\/conakrynews.org\/index.php\/wp-json\/wp\/v2\/types\/post"}],"author":[{"embeddable":true,"href":"https:\/\/conakrynews.org\/index.php\/wp-json\/wp\/v2\/users\/2"}],"replies":[{"embeddable":true,"href":"https:\/\/conakrynews.org\/index.php\/wp-json\/wp\/v2\/comments?post=34672"}],"version-history":[{"count":0,"href":"https:\/\/conakrynews.org\/index.php\/wp-json\/wp\/v2\/posts\/34672\/revisions"}],"wp:featuredmedia":[{"embeddable":true,"href":"https:\/\/conakrynews.org\/index.php\/wp-json\/wp\/v2\/media\/34673"}],"wp:attachment":[{"href":"https:\/\/conakrynews.org\/index.php\/wp-json\/wp\/v2\/media?parent=34672"}],"wp:term":[{"taxonomy":"category","embeddable":true,"href":"https:\/\/conakrynews.org\/index.php\/wp-json\/wp\/v2\/categories?post=34672"},{"taxonomy":"post_tag","embeddable":true,"href":"https:\/\/conakrynews.org\/index.php\/wp-json\/wp\/v2\/tags?post=34672"}],"curies":[{"name":"wp","href":"https:\/\/api.w.org\/{rel}","templated":true}]}}