{"id":34680,"date":"2025-07-17T20:10:58","date_gmt":"2025-07-17T20:10:58","guid":{"rendered":"https:\/\/conakrynews.org\/?p=34680"},"modified":"2025-07-17T20:12:33","modified_gmt":"2025-07-17T20:12:33","slug":"consolidation-de-la-paix-en-guinee-le-gouvernement-et-nations-unies-reaffirment-leur-faveur-de-la-cohesion-sociale","status":"publish","type":"post","link":"https:\/\/conakrynews.org\/index.php\/consolidation-de-la-paix-en-guinee-le-gouvernement-et-nations-unies-reaffirment-leur-faveur-de-la-cohesion-sociale\/","title":{"rendered":"Consolidation de la paix en Guin\u00e9e: le gouvernement et Nations unies r\u00e9affirment leur faveur de la coh\u00e9sion sociale"},"content":{"rendered":"<h1 class=\"name post-title entry-title\"><\/h1>\n<div class=\"clear\"><\/div>\n<div class=\"entry\">\n<p class=\"elementor-heading-title elementor-size-default\">Le gouvernement guin\u00e9en et le syst\u00e8me des Nations Unies ont r\u00e9affirm\u00e9 leur engagement \u00e0 \u0153uvrer ensemble pour la consolidation de la paix et la promotion de la coh\u00e9sion sociale en Guin\u00e9e.<\/p>\n<p>Cette volont\u00e9 commune s\u2019est exprim\u00e9e lors de la premi\u00e8re session 2025 du comit\u00e9 de pilotage conjoint du portefeuille de projets du Fonds pour la Consolidation de la Paix (PBF), tenue ce mardi \u00e0 Conakry.<\/p>\n<p>Cette rencontre, pr\u00e9sid\u00e9e par le Premier ministre Amadou Oury BAH, a r\u00e9uni des membres du gouvernement, des repr\u00e9sentants du syst\u00e8me des Nations Unies, des partenaires techniques et financiers ainsi que des acteurs de la soci\u00e9t\u00e9 civile.<\/p>\n<p>Objectif : passer en revue l\u2019\u00e9tat d\u2019avancement des diff\u00e9rents projets financ\u00e9s par le PBF.<\/p>\n<p>Le Premier ministre a salu\u00e9 la mobilisation collective autour de la paix, rappelant que \u00ab sans paix, il ne peut y avoir ni d\u00e9veloppement \u00e9conomique, ni climat favorable aux investissements \u00bb. Pour le Chef du Gouvernement, la coordination strat\u00e9gique des projets financ\u00e9s par le PBF est indispensable pour maximiser leur impact :<br \/>\n\u00ab Beaucoup d\u2019actions sont men\u00e9es. Mais en mutualisant nos efforts, nous pouvons atteindre des r\u00e9sultats beaucoup plus visibles et durables \u00bb, a-t-il soulign\u00e9.<\/p>\n<p>De son c\u00f4t\u00e9, la Coordinatrice r\u00e9sidente du syst\u00e8me des Nations Unies, Madame Christelle YOUNES, a mis en avant l\u2019importance du PBF dans la dynamique de consolidation de la paix en Guin\u00e9e :<br \/>\n\u00ab Ce fonds est un outil de travail synergique entre les autorit\u00e9s nationales, les agences onusiennes et les organisations de la soci\u00e9t\u00e9 civile. Ensemble, nous devons d\u00e9finir des orientations strat\u00e9giques, appr\u00e9cier les progr\u00e8s r\u00e9alis\u00e9s, identifier les \u00e9carts et prendre les mesures correctives n\u00e9cessaires \u00bb, a-t-elle expliqu\u00e9.<\/p>\n<p>Mme YOUNES a \u00e9galement r\u00e9affirm\u00e9 l\u2019engagement des Nations Unies \u00e0 accompagner la vision du gouvernement guin\u00e9en en mati\u00e8re de paix et de coh\u00e9sion sociale.<\/p>\n<p>Des r\u00e9sultats encourageants mais des d\u00e9fis \u00e0 relever<\/p>\n<p>La ministre de la P\u00eache et de l\u2019\u00c9conomie maritime, Charlotte Daff\u00e9, a dress\u00e9 un bilan globalement positif de la mise en \u0153uvre des projets soutenus par le PBF, citant notamment la cr\u00e9ation du Conseil national de la jeunesse et du Conseil national des femmes et filles de Guin\u00e9e. Selon elle :<br \/>\n\u00ab La majorit\u00e9 des programmes sont ex\u00e9cut\u00e9s, plusieurs arrivent \u00e0 terme et d\u2019autres sont en pr\u00e9paration, toujours en faveur de l\u2019apaisement et de l\u2019autonomisation des jeunes et des femmes. \u00bb<\/p>\n<p>Mme Daff\u00e9 a toutefois insist\u00e9 sur la n\u00e9cessit\u00e9 de renforcer l\u2019appropriation nationale :<br \/>\n\u00ab Ces financements sont catalytiques. Le gouvernement doit d\u00e9sormais prendre le relais pour assurer la p\u00e9rennit\u00e9 des acquis et garantir la durabilit\u00e9 des programmes en cours \u00bb, a-t-elle conclu.<\/p>\n<p>La rencontre s\u2019est achev\u00e9e sur une note d\u2019engagement collectif. L\u2019ensemble des parties prenantes ont r\u00e9it\u00e9r\u00e9 leur volont\u00e9 de maintenir un dialogue constructif et de renforcer la coordination pour assurer un impact durable des projets sur le terrain, au service de la paix, de la coh\u00e9sion sociale et du d\u00e9veloppement durable en Guin\u00e9e.<\/p>\n<p><strong>Avec CCG<\/strong><\/p>\n<p>&nbsp;<\/p>\n<\/div>\n","protected":false},"excerpt":{"rendered":"<p>Le gouvernement guin\u00e9en et le syst\u00e8me des Nations Unies ont r\u00e9affirm\u00e9 leur engagement \u00e0 \u0153uvrer ensemble pour la consolidation de la paix et la promotion de la coh\u00e9sion sociale en Guin\u00e9e. Cette volont\u00e9 commune s\u2019est exprim\u00e9e lors de la premi\u00e8re session 2025 du comit\u00e9 de pilotage conjoint du portefeuille de projets du Fonds pour la [&hellip;]<\/p>\n","protected":false},"author":2,"featured_media":34681,"comment_status":"closed","ping_status":"closed","sticky":false,"template":"","format":"standard","meta":{"footnotes":""},"categories":[57,58],"tags":[],"class_list":{"0":"post-34680","1":"post","2":"type-post","3":"status-publish","4":"format-standard","5":"has-post-thumbnail","7":"category-politique","8":"category-societe"},"_links":{"self":[{"href":"https:\/\/conakrynews.org\/index.php\/wp-json\/wp\/v2\/posts\/34680","targetHints":{"allow":["GET"]}}],"collection":[{"href":"https:\/\/conakrynews.org\/index.php\/wp-json\/wp\/v2\/posts"}],"about":[{"href":"https:\/\/conakrynews.org\/index.php\/wp-json\/wp\/v2\/types\/post"}],"author":[{"embeddable":true,"href":"https:\/\/conakrynews.org\/index.php\/wp-json\/wp\/v2\/users\/2"}],"replies":[{"embeddable":true,"href":"https:\/\/conakrynews.org\/index.php\/wp-json\/wp\/v2\/comments?post=34680"}],"version-history":[{"count":0,"href":"https:\/\/conakrynews.org\/index.php\/wp-json\/wp\/v2\/posts\/34680\/revisions"}],"wp:featuredmedia":[{"embeddable":true,"href":"https:\/\/conakrynews.org\/index.php\/wp-json\/wp\/v2\/media\/34681"}],"wp:attachment":[{"href":"https:\/\/conakrynews.org\/index.php\/wp-json\/wp\/v2\/media?parent=34680"}],"wp:term":[{"taxonomy":"category","embeddable":true,"href":"https:\/\/conakrynews.org\/index.php\/wp-json\/wp\/v2\/categories?post=34680"},{"taxonomy":"post_tag","embeddable":true,"href":"https:\/\/conakrynews.org\/index.php\/wp-json\/wp\/v2\/tags?post=34680"}],"curies":[{"name":"wp","href":"https:\/\/api.w.org\/{rel}","templated":true}]}}