{"id":34721,"date":"2025-07-20T21:23:57","date_gmt":"2025-07-20T21:23:57","guid":{"rendered":"https:\/\/conakrynews.org\/?p=34721"},"modified":"2025-07-20T21:31:02","modified_gmt":"2025-07-20T21:31:02","slug":"necrologiedeces-a-conakry-de-lentrepreneur-pierre-louis-yopa","status":"publish","type":"post","link":"https:\/\/conakrynews.org\/index.php\/necrologiedeces-a-conakry-de-lentrepreneur-pierre-louis-yopa\/","title":{"rendered":"N\u00e9crologie:D\u00e9c\u00e8s  de l&rsquo;entrepreneur Pierre Louis Yopa \u00e0 Conakry\u00a0"},"content":{"rendered":"<p>La communaut\u00e9 entrepreneuriale et patronale est en deuil suite au rappel \u00e0 Dieu de Pierre Louis Yopa, un entrepreneur \u00e9minent et dynamique, survenu ce dimanche 20 juillet 2025. M. Yopa, qui a marqu\u00e9 son passage par son engagement et son leadership au sein de la F\u00e9d\u00e9ration des Transports et de la Chambre de Commerce de la Guin\u00e9e au Canada, laisse un vide immense.<br \/>\nLes condol\u00e9ances sont accueillies \u00e0 la r\u00e9sidence familiale \u00e0 Col\u00e9ah Permanence.<br \/>\nPaix \u00e0 son \u00e2me \ud83d\ude4f<\/p>\n","protected":false},"excerpt":{"rendered":"<p>La communaut\u00e9 entrepreneuriale et patronale est en deuil suite au rappel \u00e0 Dieu de Pierre Louis Yopa, un entrepreneur \u00e9minent et dynamique, survenu ce dimanche 20 juillet 2025. M. Yopa, qui a marqu\u00e9 son passage par son engagement et son leadership au sein de la F\u00e9d\u00e9ration des Transports et de la Chambre de Commerce de [&hellip;]<\/p>\n","protected":false},"author":2,"featured_media":34722,"comment_status":"closed","ping_status":"closed","sticky":false,"template":"","format":"standard","meta":{"footnotes":""},"categories":[58],"tags":[],"class_list":{"0":"post-34721","1":"post","2":"type-post","3":"status-publish","4":"format-standard","5":"has-post-thumbnail","7":"category-societe"},"_links":{"self":[{"href":"https:\/\/conakrynews.org\/index.php\/wp-json\/wp\/v2\/posts\/34721","targetHints":{"allow":["GET"]}}],"collection":[{"href":"https:\/\/conakrynews.org\/index.php\/wp-json\/wp\/v2\/posts"}],"about":[{"href":"https:\/\/conakrynews.org\/index.php\/wp-json\/wp\/v2\/types\/post"}],"author":[{"embeddable":true,"href":"https:\/\/conakrynews.org\/index.php\/wp-json\/wp\/v2\/users\/2"}],"replies":[{"embeddable":true,"href":"https:\/\/conakrynews.org\/index.php\/wp-json\/wp\/v2\/comments?post=34721"}],"version-history":[{"count":0,"href":"https:\/\/conakrynews.org\/index.php\/wp-json\/wp\/v2\/posts\/34721\/revisions"}],"wp:featuredmedia":[{"embeddable":true,"href":"https:\/\/conakrynews.org\/index.php\/wp-json\/wp\/v2\/media\/34722"}],"wp:attachment":[{"href":"https:\/\/conakrynews.org\/index.php\/wp-json\/wp\/v2\/media?parent=34721"}],"wp:term":[{"taxonomy":"category","embeddable":true,"href":"https:\/\/conakrynews.org\/index.php\/wp-json\/wp\/v2\/categories?post=34721"},{"taxonomy":"post_tag","embeddable":true,"href":"https:\/\/conakrynews.org\/index.php\/wp-json\/wp\/v2\/tags?post=34721"}],"curies":[{"name":"wp","href":"https:\/\/api.w.org\/{rel}","templated":true}]}}