{"id":34733,"date":"2025-07-21T18:10:54","date_gmt":"2025-07-21T18:10:54","guid":{"rendered":"https:\/\/conakrynews.org\/?p=34733"},"modified":"2025-07-21T18:10:54","modified_gmt":"2025-07-21T18:10:54","slug":"le-baron-de-la-drogue-equatorien-fito-extrade-vers-les-etats-unis","status":"publish","type":"post","link":"https:\/\/conakrynews.org\/index.php\/le-baron-de-la-drogue-equatorien-fito-extrade-vers-les-etats-unis\/","title":{"rendered":"Le baron de la drogue \u00e9quatorien \u00ab\u00a0Fito\u00a0\u00bb extrad\u00e9 vers les \u00c9tats-Unis"},"content":{"rendered":"<h1 class=\"name post-title entry-title\"><\/h1>\n<p class=\"post-meta\">\n<div class=\"clear\"><\/div>\n<div class=\"entry\">\n<p>Adolfo Mac\u00edas, alias \u00ab\u00a0Fito\u00a0\u00bb, l\u2019un des narcotrafiquants les plus puissants d\u2019\u00c9quateur, a \u00e9t\u00e9 extrad\u00e9 dimanche vers les \u00c9tats-Unis, a annonc\u00e9 l\u2019autorit\u00e9 p\u00e9nitentiaire \u00e9quatorienne. Chef du gang des Choneros, il devient le premier \u00c9quatorien remis \u00e0 la justice am\u00e9ricaine depuis le r\u00e9tablissement de l\u2019extradition par r\u00e9f\u00e9rendum en 2024.<\/p>\n<p>Le gouvernement \u00e9quatorien\u00a0<a href=\"https:\/\/www.france24.com\/fr\/vid%C3%A9o\/20250716-%C3%A9quateur-le-narcotrafiquant-fito-extrad%C3%A9-aux-%C3%A9tats-unis\" target=\"_self\" rel=\"noopener noreferrer\">a extrad\u00e9<\/a>\u00a0dimanche 20 juillet vers les\u00a0<a class=\"gtm-add-suggested-tag\" href=\"https:\/\/www.france24.com\/fr\/tag\/%C3%A9tats-unis\/\" target=\"_self\" rel=\"noopener noreferrer\">\u00c9tats-Unis<\/a>\u00a0Adolfo Mac\u00edas, alias \u00ab\u00a0Fito\u00a0\u00bb, le plus grand trafiquant de drogue d\u2019\u00c9quateur,\u00a0<a href=\"https:\/\/www.france24.com\/fr\/am%C3%A9riques\/20250626-daniel-noboa-pr%C3%A9sident-%C3%A9quateur-annonce-capture-de-fito-ponte-narcotrafic-cavale-evasion-choneros-extradition\" target=\"_self\" rel=\"noopener noreferrer\">arr\u00eat\u00e9 fin juin apr\u00e8s un an et demi de cavale<\/a>, a annonc\u00e9 l\u2019autorit\u00e9 p\u00e9nitentiaire.<\/p>\n<p>Le parquet am\u00e9ricain a accus\u00e9 en avril \u00ab\u00a0Fito\u00a0\u00bb de trafic de coca\u00efne et d\u2019armes. John Durham, procureur d\u2019un tribunal de Brooklyn, l\u2019avait alors d\u00e9crit comme \u00ab\u00a0un leader impitoyable et un narcotrafiquant prolifique pour le compte d\u2019une violente organisation criminelle transnationale\u00a0\u00bb.<\/p>\n<p>Le\u00a0<a href=\"https:\/\/www.france24.com\/fr\/am%C3%A9riques\/20250626-daniel-noboa-pr%C3%A9sident-%C3%A9quateur-annonce-capture-de-fito-ponte-narcotrafic-cavale-evasion-choneros-extradition\" target=\"_self\" rel=\"noopener noreferrer\">baron de la drogue<\/a>\u00a0\u00ab\u00a0a quitt\u00e9 le Centre de privation de libert\u00e9 La Roca\u00a0\u00bb, gard\u00e9 par des policiers et des militaires, \u00ab\u00a0dans le cadre d\u2019un processus d\u2019extradition\u00a0\u00bb, a d\u00e9clar\u00e9 l\u2019autorit\u00e9 p\u00e9nitentiaire (SNAI), dans un message envoy\u00e9 aux journalistes. Il a atterri \u00e0 New York dans la nuit de dimanche \u00e0 lundi, a montr\u00e9 le site de suivi du trafic a\u00e9rien Flightradar.<\/p>\n<p>D\u2019apr\u00e8s un document publi\u00e9 dimanche par le minist\u00e8re am\u00e9ricain de la justice, \u00ab\u00a0Fito\u00a0\u00bb doit compara\u00eetre lundi devant un tribunal f\u00e9d\u00e9ral \u00ab\u00a0sur la base d\u2019un acte d\u2019accusation compl\u00e9mentaire\u00a0\u00bb.<\/p>\n<h2>\u00ab\u00a0\u00c0 jamais, Fito\u00a0\u00bb<\/h2>\n<p>Depuis sa cellule dans une prison de haute s\u00e9curit\u00e9, \u00ab\u00a0Fito\u00a0\u00bb avait accept\u00e9 la semaine derni\u00e8re d\u2019\u00eatre extrad\u00e9 vers les \u00c9tats-Unis lors d\u2019une audience en visio-conf\u00e9rence.<\/p>\n<p>Il devient ainsi le premier \u00c9quatorien \u00e0 \u00eatre extrad\u00e9 par son propre pays depuis le r\u00e9tablissement en \u00c9quateur de cette proc\u00e9dure par r\u00e9f\u00e9rendum en 2024, une mesure d\u00e9fendue par le pr\u00e9sident \u00e9quatorien\u00a0<a class=\"gtm-add-suggested-tag\" href=\"https:\/\/www.france24.com\/fr\/tag\/daniel-noboa\/\" target=\"_self\" rel=\"noopener noreferrer\">Daniel Noboa<\/a>\u00a0dans sa lutte contre le crime organis\u00e9.<\/p>\n<p>\u00ab\u00a0\u00c0 jamais, Fito\u00a0\u00bb, a r\u00e9agi Daniel Noboa sur ses r\u00e9seaux sociaux dimanche soir. \u00ab\u00a0Fito est d\u00e9j\u00e0 aux \u00c9tats-Unis. C\u2019est gr\u00e2ce \u00e0 vous, \u00c9quatoriens, qui avez dit oui \u00e0 la consultation populaire\u00a0\u00bb organis\u00e9e en avril 2024 et dont les th\u00e8mes principaux \u00e9taient la lutte contre le trafic de drogue et la criminalit\u00e9.<\/p>\n<p><a href=\"https:\/\/www.france24.com\/fr\/am%C3%A9riques\/20240110-fito-le-ponte-du-narcotrafique-%C3%A9quatorien-%C3%A9vad%C3%A9-d-une-prison-de-haute-s%C3%A9curit%C3%A9\" target=\"_self\" rel=\"noopener noreferrer\">\u00ab\u00a0Fito\u00a0\u00bb s\u2019\u00e9tait \u00e9vad\u00e9 en janvier 2024<\/a>\u00a0du centre p\u00e9nitentiaire de Guayaquil (sud-ouest de l\u2019\u00c9quateur) o\u00f9 il purgeait depuis 2011 une peine de 34 ans de r\u00e9clusion pour crime organis\u00e9, trafic de drogue et meurtre.<\/p>\n<p>&nbsp;<\/p>\n<p>Chef d\u2019un des principaux gangs du pays, les Choneros, qui r\u00e8gne notamment sur le trafic de coca\u00efne, \u00ab\u00a0Fito\u00a0\u00bb a \u00e9t\u00e9 associ\u00e9 \u00e0 l\u2019assassinat en ao\u00fbt 2023 de l\u2019un des principaux candidats \u00e0 l\u2019\u00e9lection pr\u00e9sidentielle \u00e9quatorienne, Fernando Villavicencio.<\/p>\n<h2>Un \u00ab\u00a0criminel aux caract\u00e9ristiques extr\u00eamement dangereuses\u00a0\u00bb<\/h2>\n<p>Ancien chauffeur de taxi, il \u00e9tait devenu l\u2019ennemi public num\u00e9ro un en \u00c9quateur, les autorit\u00e9s le d\u00e9signant comme un \u00ab\u00a0criminel aux caract\u00e9ristiques extr\u00eamement dangereuses\u00a0\u00bb.<\/p>\n<p>Son \u00e9vasion avait d\u00e9clench\u00e9 une vague de violences sans pr\u00e9c\u00e9dent dans le pays, faisant des dizaines de morts et suscitant des mutineries dans plusieurs prisons, des combats de rue d\u00e9clench\u00e9s par les gangs et une prise d\u2019otages sur un plateau de t\u00e9l\u00e9vision.<\/p>\n<p>Daniel Noboa avait alors d\u00e9clar\u00e9 le pays en \u00ab\u00a0conflit arm\u00e9 interne\u00a0\u00bb et d\u00e9ploy\u00e9 l\u2019arm\u00e9e pour tenter de neutraliser la vingtaine de groupes criminels impliqu\u00e9s.<\/p>\n<p>Du fait de sa situation entre la Colombie et le P\u00e9rou \u2013 les plus grands pays producteurs mondiaux de coca\u00efne \u2013 et de ses ports strat\u00e9giques sur le Pacifique, l\u2019\u00c9quateur est devenu ces derni\u00e8res ann\u00e9es le th\u00e9\u00e2tre de violents affrontements pour le contr\u00f4le des territoires destin\u00e9s \u00e0 l\u2019acheminement de la coca\u00efne vers les \u00c9tats-Unis et l\u2019Europe.<\/p>\n<p>Le gang des Choneros a des liens avec le cartel de Sinaloa au Mexique, le Clan del Golfo en Colombie, plus grand exportateur de coca\u00efne au monde, et les mafias des Balkans, selon l\u2019Observatoire \u00e9quatorien du crime organis\u00e9.<\/p>\n<p>Plus de 70 % de toute la coca\u00efne produite dans le monde transite d\u00e9sormais par les ports de l\u2019\u00c9quateur. En 2024, le pays a saisi un record de 294 tonnes de drogues, principalement de la coca\u00efne.<\/p>\n<p><strong><em>Avec AFP<\/em><\/strong><\/p>\n<\/div>\n<div class=\"share-post\">\n<p>&nbsp;<\/p>\n<\/div>\n","protected":false},"excerpt":{"rendered":"<p>Adolfo Mac\u00edas, alias \u00ab\u00a0Fito\u00a0\u00bb, l\u2019un des narcotrafiquants les plus puissants d\u2019\u00c9quateur, a \u00e9t\u00e9 extrad\u00e9 dimanche vers les \u00c9tats-Unis, a annonc\u00e9 l\u2019autorit\u00e9 p\u00e9nitentiaire \u00e9quatorienne. Chef du gang des Choneros, il devient le premier \u00c9quatorien remis \u00e0 la justice am\u00e9ricaine depuis le r\u00e9tablissement de l\u2019extradition par r\u00e9f\u00e9rendum en 2024. Le gouvernement \u00e9quatorien\u00a0a extrad\u00e9\u00a0dimanche 20 juillet vers les\u00a0\u00c9tats-Unis\u00a0Adolfo [&hellip;]<\/p>\n","protected":false},"author":2,"featured_media":34734,"comment_status":"closed","ping_status":"closed","sticky":false,"template":"","format":"standard","meta":{"footnotes":""},"categories":[58],"tags":[],"class_list":{"0":"post-34733","1":"post","2":"type-post","3":"status-publish","4":"format-standard","5":"has-post-thumbnail","7":"category-societe"},"_links":{"self":[{"href":"https:\/\/conakrynews.org\/index.php\/wp-json\/wp\/v2\/posts\/34733","targetHints":{"allow":["GET"]}}],"collection":[{"href":"https:\/\/conakrynews.org\/index.php\/wp-json\/wp\/v2\/posts"}],"about":[{"href":"https:\/\/conakrynews.org\/index.php\/wp-json\/wp\/v2\/types\/post"}],"author":[{"embeddable":true,"href":"https:\/\/conakrynews.org\/index.php\/wp-json\/wp\/v2\/users\/2"}],"replies":[{"embeddable":true,"href":"https:\/\/conakrynews.org\/index.php\/wp-json\/wp\/v2\/comments?post=34733"}],"version-history":[{"count":0,"href":"https:\/\/conakrynews.org\/index.php\/wp-json\/wp\/v2\/posts\/34733\/revisions"}],"wp:featuredmedia":[{"embeddable":true,"href":"https:\/\/conakrynews.org\/index.php\/wp-json\/wp\/v2\/media\/34734"}],"wp:attachment":[{"href":"https:\/\/conakrynews.org\/index.php\/wp-json\/wp\/v2\/media?parent=34733"}],"wp:term":[{"taxonomy":"category","embeddable":true,"href":"https:\/\/conakrynews.org\/index.php\/wp-json\/wp\/v2\/categories?post=34733"},{"taxonomy":"post_tag","embeddable":true,"href":"https:\/\/conakrynews.org\/index.php\/wp-json\/wp\/v2\/tags?post=34733"}],"curies":[{"name":"wp","href":"https:\/\/api.w.org\/{rel}","templated":true}]}}