{"id":34745,"date":"2025-07-22T12:28:25","date_gmt":"2025-07-22T12:28:25","guid":{"rendered":"https:\/\/conakrynews.org\/?p=34745"},"modified":"2025-07-22T12:28:25","modified_gmt":"2025-07-22T12:28:25","slug":"guinee-decret-creation-dun-escadron-de-drones-es-dro-place-sous-lautorite-du-chef-detat-major-general-des-armees","status":"publish","type":"post","link":"https:\/\/conakrynews.org\/index.php\/guinee-decret-creation-dun-escadron-de-drones-es-dro-place-sous-lautorite-du-chef-detat-major-general-des-armees\/","title":{"rendered":"Guin\u00e9e\/D\u00e9cret: cr\u00e9ation d\u2019un escadron de drones (Es-Dro), plac\u00e9 sous l\u2019autorit\u00e9 du chef d\u2019\u00e9tat-major g\u00e9n\u00e9ral des arm\u00e9es"},"content":{"rendered":"<h1 class=\"name post-title entry-title\"><\/h1>\n<p class=\"post-meta\">\n<div class=\"clear\"><\/div>\n<div class=\"entry\">\n<div class=\"xdj266r x14z9mp xat24cr x1lziwak x1vvkbs x126k92a\">\n<div dir=\"auto\">Dans un d\u00e9cret lu dans la soir\u00e9e du lundi 21 juillet \u00e0 la t\u00e9l\u00e9vision nationale, le Chef de l\u2019Etat G\u00e9n\u00e9ral Mamadi Doumbouya a proc\u00e9d\u00e9 \u00e0 la cr\u00e9ation d\u2019un escadron de drones (Es-Dro), plac\u00e9 sous l\u2019autorit\u00e9 du chef d\u2019\u00e9tat-major g\u00e9n\u00e9ral des arm\u00e9es.<\/div>\n<div dir=\"auto\">Selon le d\u00e9cret dans son article 1er,\u00a0 sur le plan op\u00e9rationnel, l\u2019Es-Dro d\u00e9pend du poste de commandement interarm\u00e9, via le centre de commandement et de conduite des op\u00e9rations a\u00e9riennes (C-30A).<\/div>\n<div dir=\"auto\">Cette nouvelle structure de l\u2019arm\u00e9e est bas\u00e9e \u00e0 Conakry et elle disposera d\u2019escadrilles d\u00e9ploy\u00e9es sur les bases a\u00e9riennes secondaires, en appui aux r\u00e9gions militaires, sous la coordination de l\u2019\u00e9tat-major de l\u2019arm\u00e9e de l\u2019air<\/div>\n<\/div>\n<div dir=\"auto\">Ensuite, les missions, les attributions, l\u2019organisation et le fonctionnement de l\u2019escadron seront d\u00e9finis ult\u00e9rieurement par un arr\u00eat\u00e9 du ministre en charge de la D\u00e9fense nationale.<\/div>\n<div dir=\"auto\"><\/div>\n<div dir=\"auto\"><strong>Mohamed Sylla pour GuineeQuotidien\u00a0<\/strong><\/div>\n<div class=\"x14z9mp xat24cr x1lziwak x1vvkbs xtlvy1s x126k92a\"><\/div>\n<div class=\"x14z9mp xat24cr x1lziwak x1vvkbs xtlvy1s x126k92a\">\n<div dir=\"auto\"><\/div>\n<\/div>\n<\/div>\n<div class=\"share-post\">\n<ul class=\"flat-social\">\n<li><\/li>\n<\/ul>\n<\/div>\n","protected":false},"excerpt":{"rendered":"<p>Dans un d\u00e9cret lu dans la soir\u00e9e du lundi 21 juillet \u00e0 la t\u00e9l\u00e9vision nationale, le Chef de l\u2019Etat G\u00e9n\u00e9ral Mamadi Doumbouya a proc\u00e9d\u00e9 \u00e0 la cr\u00e9ation d\u2019un escadron de drones (Es-Dro), plac\u00e9 sous l\u2019autorit\u00e9 du chef d\u2019\u00e9tat-major g\u00e9n\u00e9ral des arm\u00e9es. Selon le d\u00e9cret dans son article 1er,\u00a0 sur le plan op\u00e9rationnel, l\u2019Es-Dro d\u00e9pend du [&hellip;]<\/p>\n","protected":false},"author":2,"featured_media":34746,"comment_status":"closed","ping_status":"closed","sticky":false,"template":"","format":"standard","meta":{"footnotes":""},"categories":[58],"tags":[],"class_list":{"0":"post-34745","1":"post","2":"type-post","3":"status-publish","4":"format-standard","5":"has-post-thumbnail","7":"category-societe"},"_links":{"self":[{"href":"https:\/\/conakrynews.org\/index.php\/wp-json\/wp\/v2\/posts\/34745","targetHints":{"allow":["GET"]}}],"collection":[{"href":"https:\/\/conakrynews.org\/index.php\/wp-json\/wp\/v2\/posts"}],"about":[{"href":"https:\/\/conakrynews.org\/index.php\/wp-json\/wp\/v2\/types\/post"}],"author":[{"embeddable":true,"href":"https:\/\/conakrynews.org\/index.php\/wp-json\/wp\/v2\/users\/2"}],"replies":[{"embeddable":true,"href":"https:\/\/conakrynews.org\/index.php\/wp-json\/wp\/v2\/comments?post=34745"}],"version-history":[{"count":0,"href":"https:\/\/conakrynews.org\/index.php\/wp-json\/wp\/v2\/posts\/34745\/revisions"}],"wp:featuredmedia":[{"embeddable":true,"href":"https:\/\/conakrynews.org\/index.php\/wp-json\/wp\/v2\/media\/34746"}],"wp:attachment":[{"href":"https:\/\/conakrynews.org\/index.php\/wp-json\/wp\/v2\/media?parent=34745"}],"wp:term":[{"taxonomy":"category","embeddable":true,"href":"https:\/\/conakrynews.org\/index.php\/wp-json\/wp\/v2\/categories?post=34745"},{"taxonomy":"post_tag","embeddable":true,"href":"https:\/\/conakrynews.org\/index.php\/wp-json\/wp\/v2\/tags?post=34745"}],"curies":[{"name":"wp","href":"https:\/\/api.w.org\/{rel}","templated":true}]}}