{"id":34760,"date":"2025-07-23T09:52:53","date_gmt":"2025-07-23T09:52:53","guid":{"rendered":"https:\/\/conakrynews.org\/?p=34760"},"modified":"2025-07-23T09:55:43","modified_gmt":"2025-07-23T09:55:43","slug":"conakry-tenue-de-la-deuxieme-edition-du-forum-du-dialogue-citoyen","status":"publish","type":"post","link":"https:\/\/conakrynews.org\/index.php\/conakry-tenue-de-la-deuxieme-edition-du-forum-du-dialogue-citoyen\/","title":{"rendered":"Conakry: Tenue de la\u00a0 deuxi\u00e8me \u00e9dition du Forum du Dialogue Citoyen"},"content":{"rendered":"<div id=\"m#msg-a:r-7956551809662877530\" class=\"mail-message expanded\">\n<div id=\"m#msg-a:r-7956551809662877530-content\" class=\"mail-message-content collapsible zoom-normal mail-show-images \">\n<div class=\"clear\">\n<div dir=\"auto\">\n<div dir=\"auto\">\n<p>&nbsp;<\/p>\n<p>Ce mardi 22 juillet 2025 \u00e0 Conakry,la deuxi\u00e8me \u00e9dition du Forum du Dialogue Citoyen s&rsquo;est tenue dans un h\u00f4tel de la place.<img loading=\"lazy\" decoding=\"async\" class=\"alignnone size-medium wp-image-34761\" src=\"https:\/\/conakrynews.org\/wp-content\/uploads\/2025\/07\/IMG_20250722_114541-498x375.jpg\" alt=\"\" width=\"498\" height=\"375\" srcset=\"https:\/\/conakrynews.org\/wp-content\/uploads\/2025\/07\/IMG_20250722_114541-498x375.jpg 498w, https:\/\/conakrynews.org\/wp-content\/uploads\/2025\/07\/IMG_20250722_114541-768x578.jpg 768w, https:\/\/conakrynews.org\/wp-content\/uploads\/2025\/07\/IMG_20250722_114541-1536x1157.jpg 1536w, https:\/\/conakrynews.org\/wp-content\/uploads\/2025\/07\/IMG_20250722_114541-2048x1542.jpg 2048w, https:\/\/conakrynews.org\/wp-content\/uploads\/2025\/07\/IMG_20250722_114541-150x113.jpg 150w, https:\/\/conakrynews.org\/wp-content\/uploads\/2025\/07\/IMG_20250722_114541-300x226.jpg 300w, https:\/\/conakrynews.org\/wp-content\/uploads\/2025\/07\/IMG_20250722_114541-696x524.jpg 696w, https:\/\/conakrynews.org\/wp-content\/uploads\/2025\/07\/IMG_20250722_114541-1068x804.jpg 1068w, https:\/\/conakrynews.org\/wp-content\/uploads\/2025\/07\/IMG_20250722_114541-1920x1446.jpg 1920w, https:\/\/conakrynews.org\/wp-content\/uploads\/2025\/07\/IMG_20250722_114541-558x420.jpg 558w, https:\/\/conakrynews.org\/wp-content\/uploads\/2025\/07\/IMG_20250722_114541-80x60.jpg 80w\" sizes=\"auto, (max-width: 498px) 100vw, 498px\" \/> <img loading=\"lazy\" decoding=\"async\" class=\"alignnone size-medium wp-image-34762\" src=\"https:\/\/conakrynews.org\/wp-content\/uploads\/2025\/07\/IMG_20250722_143344-498x375.jpg\" alt=\"\" width=\"498\" height=\"375\" srcset=\"https:\/\/conakrynews.org\/wp-content\/uploads\/2025\/07\/IMG_20250722_143344-498x375.jpg 498w, https:\/\/conakrynews.org\/wp-content\/uploads\/2025\/07\/IMG_20250722_143344-768x578.jpg 768w, https:\/\/conakrynews.org\/wp-content\/uploads\/2025\/07\/IMG_20250722_143344-1536x1157.jpg 1536w, https:\/\/conakrynews.org\/wp-content\/uploads\/2025\/07\/IMG_20250722_143344-2048x1542.jpg 2048w, https:\/\/conakrynews.org\/wp-content\/uploads\/2025\/07\/IMG_20250722_143344-150x113.jpg 150w, https:\/\/conakrynews.org\/wp-content\/uploads\/2025\/07\/IMG_20250722_143344-300x226.jpg 300w, https:\/\/conakrynews.org\/wp-content\/uploads\/2025\/07\/IMG_20250722_143344-696x524.jpg 696w, https:\/\/conakrynews.org\/wp-content\/uploads\/2025\/07\/IMG_20250722_143344-1068x804.jpg 1068w, https:\/\/conakrynews.org\/wp-content\/uploads\/2025\/07\/IMG_20250722_143344-1920x1446.jpg 1920w, https:\/\/conakrynews.org\/wp-content\/uploads\/2025\/07\/IMG_20250722_143344-558x420.jpg 558w, https:\/\/conakrynews.org\/wp-content\/uploads\/2025\/07\/IMG_20250722_143344-80x60.jpg 80w\" sizes=\"auto, (max-width: 498px) 100vw, 498px\" \/>Cette seconde \u00e9dition avait pour th\u00e8me central : \u00ab Leadership F\u00e9minin et Responsabilit\u00e9 Citoyenne \u00bb.Ce forum est une initiative\u00a0 de\u00a0 Dr S\u00e9kou Koureissy Cond\u00e9, a r\u00e9uni plusieurs femmes leaders, d\u2019anciens ministres et de nombreuses personnalit\u00e9s engag\u00e9es dans la promotion de la femme en Guin\u00e9e.<\/p>\n<p>\u00c0 cette occasion , le\u00a0coordinateur national du Dialogue Citoyen, Dr S\u00e9kou Koureissy Cond\u00e9, a rappel\u00e9\u00a0 \u00a0l\u2019importance du leadership f\u00e9minin dans la construction d\u2019une soci\u00e9t\u00e9 apais\u00e9e et prosp\u00e8re :\u00ab Le leadership f\u00e9minin est un acte moral. Le Tout-Puissant Allah a cr\u00e9\u00e9 la femme pour r\u00e9soudre beaucoup de choses. Cela commence d\u2019abord dans la famille, qui est un v\u00e9ritable lieu de r\u00e8glement des conflits. Si on ne reconna\u00eet pas cette capacit\u00e9 chez les femmes, on risque de passer \u00e0 c\u00f4t\u00e9\u00a0\u00bb, a fait savoir le coordinateur du Forum.<\/p>\n<p>De m\u00eame , M.Co&rsquo;d\u00e9 a pr\u00e9cis\u00e9 son initiative n&rsquo;est pas un espace politique, mais plut\u00f4t un\u00a0cadre citoyen\u00a0destin\u00e9 \u00e0 favoriser la coh\u00e9sion sociale et la participation active des femmes dans le d\u00e9veloppement national :\u00ab L\u2019id\u00e9e de ce forum, c\u2019est de r\u00e9unir l\u2019ensemble des Guin\u00e9ennes pour que notre pays avance. Les femmes leaders doivent pleinement s\u2019associer \u00e0 cette dynamique\u00a0\u00bb, dit-il.<\/p>\n<p>Prenant la parole au nom du\u00a0Groupement des Femmes d\u2019Affaires de Guin\u00e9e (GFAG),\u00a0Dr Fatou Sikh\u00e9 Camara, repr\u00e9sentant du Groupement des Femmes d&rsquo;affaires de Guin\u00e9e s&rsquo;est r\u00e9joui de l&rsquo;organisation\u00a0 de\u00a0 ce forum et le choix des\u00a0 th\u00e9matiques :\u00ab Ce th\u00e8me honore la cause f\u00e9minine. Les femmes se battent chaque jour pour faire avancer ce pays. Le GFAG existe depuis 38 ans. Cela prouve que nous grandissons et que nous devons continuer \u00e0 contribuer au d\u00e9veloppement de la Guin\u00e9e\u00a0\u00bb a clam\u00e9 Mme Dr Sik\u00e9.<\/p>\n<p>Sylla Ibrahima Kalil, pour www.conakrynews.org 625444534<\/p>\n<\/div>\n<\/div>\n<\/div>\n<\/div>\n<div id=\"m#msg-a:r-7956551809662877530-footer\" class=\"mail-message-footer spacer collapsible\"><\/div>\n<\/div>\n","protected":false},"excerpt":{"rendered":"<p>&nbsp; Ce mardi 22 juillet 2025 \u00e0 Conakry,la deuxi\u00e8me \u00e9dition du Forum du Dialogue Citoyen s&rsquo;est tenue dans un h\u00f4tel de la place. Cette seconde \u00e9dition avait pour th\u00e8me central : \u00ab Leadership F\u00e9minin et Responsabilit\u00e9 Citoyenne \u00bb.Ce forum est une initiative\u00a0 de\u00a0 Dr S\u00e9kou Koureissy Cond\u00e9, a r\u00e9uni plusieurs femmes leaders, d\u2019anciens ministres et [&hellip;]<\/p>\n","protected":false},"author":2,"featured_media":34763,"comment_status":"closed","ping_status":"closed","sticky":false,"template":"","format":"standard","meta":{"footnotes":""},"categories":[58],"tags":[],"class_list":{"0":"post-34760","1":"post","2":"type-post","3":"status-publish","4":"format-standard","5":"has-post-thumbnail","7":"category-societe"},"_links":{"self":[{"href":"https:\/\/conakrynews.org\/index.php\/wp-json\/wp\/v2\/posts\/34760","targetHints":{"allow":["GET"]}}],"collection":[{"href":"https:\/\/conakrynews.org\/index.php\/wp-json\/wp\/v2\/posts"}],"about":[{"href":"https:\/\/conakrynews.org\/index.php\/wp-json\/wp\/v2\/types\/post"}],"author":[{"embeddable":true,"href":"https:\/\/conakrynews.org\/index.php\/wp-json\/wp\/v2\/users\/2"}],"replies":[{"embeddable":true,"href":"https:\/\/conakrynews.org\/index.php\/wp-json\/wp\/v2\/comments?post=34760"}],"version-history":[{"count":0,"href":"https:\/\/conakrynews.org\/index.php\/wp-json\/wp\/v2\/posts\/34760\/revisions"}],"wp:featuredmedia":[{"embeddable":true,"href":"https:\/\/conakrynews.org\/index.php\/wp-json\/wp\/v2\/media\/34763"}],"wp:attachment":[{"href":"https:\/\/conakrynews.org\/index.php\/wp-json\/wp\/v2\/media?parent=34760"}],"wp:term":[{"taxonomy":"category","embeddable":true,"href":"https:\/\/conakrynews.org\/index.php\/wp-json\/wp\/v2\/categories?post=34760"},{"taxonomy":"post_tag","embeddable":true,"href":"https:\/\/conakrynews.org\/index.php\/wp-json\/wp\/v2\/tags?post=34760"}],"curies":[{"name":"wp","href":"https:\/\/api.w.org\/{rel}","templated":true}]}}