{"id":34765,"date":"2025-07-23T10:11:06","date_gmt":"2025-07-23T10:11:06","guid":{"rendered":"https:\/\/conakrynews.org\/?p=34765"},"modified":"2025-07-23T10:11:06","modified_gmt":"2025-07-23T10:11:06","slug":"guinee-decret-nomination-de-plusieurs-hauts-cadres-au-ministere-de-la-sante-et-de-lhygiene-publique","status":"publish","type":"post","link":"https:\/\/conakrynews.org\/index.php\/guinee-decret-nomination-de-plusieurs-hauts-cadres-au-ministere-de-la-sante-et-de-lhygiene-publique\/","title":{"rendered":"Guin\u00e9e\/D\u00e9cret : Nomination de plusieurs hauts cadres au minist\u00e8re de la Sant\u00e9 et de l\u2019Hygi\u00e8ne Publique"},"content":{"rendered":"<h1 class=\"name post-title entry-title\"><\/h1>\n<p class=\"post-meta\">\n<div class=\"clear\"><\/div>\n<div class=\"entry\">\n<p>\u00c0 travers une s\u00e9rie de d\u00e9crets lue \u00e0 la t\u00e9l\u00e9vision nationale dans la soir\u00e9e du mardi 22 juillet 2025, le Chef de l\u2019\u00c9tat, le g\u00e9n\u00e9ral Mamadi Doumbouya, a proc\u00e9d\u00e9 \u00e0 la nomination de plusieurs hauts cadres au minist\u00e8re de la Sant\u00e9 et de l\u2019Hygi\u00e8ne Publique.<\/p>\n<p><strong>Voici la liste des cadres promus<\/strong><\/p>\n<p><strong>1-<\/strong>\u00a0Directeur r\u00e9gional de la sant\u00e9 de la ville de Conakry : Dr. Abdoulaye Sano, pr\u00e9c\u00e9demment m\u00e9decin urgentiste au centre m\u00e9dical communal de Matam.<\/p>\n<p><strong>2-<\/strong>\u00a0Inspecteur r\u00e9gional de la sant\u00e9 et de l\u2019hygi\u00e8ne publique de Kindia : Dr. S\u00e9kou Mohamed Camara, ancien Directeur pr\u00e9fectoral de la sant\u00e9 de T\u00e9l\u00e9m\u00e9l\u00e9.<\/p>\n<p><strong>3-<\/strong>\u00a0Inspecteur r\u00e9gional de la sant\u00e9 et de l\u2019hygi\u00e8ne publique de Bok\u00e9 : Dr. Abdoulaye Diallo, ex-repr\u00e9sentant de l\u2019ONG Panfunder International dans le consortium du projet \u00ab Notre Sant\u00e9 \u00bb financ\u00e9 par l\u2019USAID.<\/p>\n<p><strong>4-<\/strong>\u00a0Inspecteur r\u00e9gional de la sant\u00e9 et de l\u2019hygi\u00e8ne publique de Mamou : Dr. Mamadou Houdy Bah, pr\u00e9c\u00e9demment inspecteur r\u00e9gional de la sant\u00e9 et de l\u2019hygi\u00e8ne publique de Kindia.<\/p>\n<p><strong>5-<\/strong>\u00a0Inspecteur r\u00e9gional de la sant\u00e9 et de l\u2019hygi\u00e8ne publique de Lab\u00e9 : Dr. Fangamou Kassi\u00e9.<\/p>\n<p><strong>6-<\/strong>\u00a0Inspecteur r\u00e9gional de la sant\u00e9 et de l\u2019hygi\u00e8ne publique de Kankan : Dr. Ibrahima Sory Kourouma.<\/p>\n<p><strong>7-\u00a0<\/strong>Inspecteur r\u00e9gional de la sant\u00e9 et de l\u2019hygi\u00e8ne publique de Faranah : Dr. Souleymane Diakit\u00e9, ancien directeur g\u00e9n\u00e9ral du Bureau de Strat\u00e9gie et de D\u00e9veloppement.<\/p>\n<p><strong>8-<\/strong>\u00a0Inspecteur r\u00e9gional de la sant\u00e9 et de l\u2019hygi\u00e8ne publique de N\u2019Z\u00e9r\u00e9kor\u00e9 : Dr. Aly Fancinadouno, ex-directeur pr\u00e9fectoral de la sant\u00e9 de For\u00e9cariah.<\/p>\n<p>&nbsp;<\/p>\n<p><strong>Fanta Kamano pour GuineeQuotidien\u00a0\u00a0<\/strong><\/p>\n<\/div>\n","protected":false},"excerpt":{"rendered":"<p>\u00c0 travers une s\u00e9rie de d\u00e9crets lue \u00e0 la t\u00e9l\u00e9vision nationale dans la soir\u00e9e du mardi 22 juillet 2025, le Chef de l\u2019\u00c9tat, le g\u00e9n\u00e9ral Mamadi Doumbouya, a proc\u00e9d\u00e9 \u00e0 la nomination de plusieurs hauts cadres au minist\u00e8re de la Sant\u00e9 et de l\u2019Hygi\u00e8ne Publique. Voici la liste des cadres promus 1-\u00a0Directeur r\u00e9gional de la [&hellip;]<\/p>\n","protected":false},"author":2,"featured_media":34766,"comment_status":"closed","ping_status":"closed","sticky":false,"template":"","format":"standard","meta":{"footnotes":""},"categories":[59],"tags":[],"class_list":{"0":"post-34765","1":"post","2":"type-post","3":"status-publish","4":"format-standard","5":"has-post-thumbnail","7":"category-sante"},"_links":{"self":[{"href":"https:\/\/conakrynews.org\/index.php\/wp-json\/wp\/v2\/posts\/34765","targetHints":{"allow":["GET"]}}],"collection":[{"href":"https:\/\/conakrynews.org\/index.php\/wp-json\/wp\/v2\/posts"}],"about":[{"href":"https:\/\/conakrynews.org\/index.php\/wp-json\/wp\/v2\/types\/post"}],"author":[{"embeddable":true,"href":"https:\/\/conakrynews.org\/index.php\/wp-json\/wp\/v2\/users\/2"}],"replies":[{"embeddable":true,"href":"https:\/\/conakrynews.org\/index.php\/wp-json\/wp\/v2\/comments?post=34765"}],"version-history":[{"count":0,"href":"https:\/\/conakrynews.org\/index.php\/wp-json\/wp\/v2\/posts\/34765\/revisions"}],"wp:featuredmedia":[{"embeddable":true,"href":"https:\/\/conakrynews.org\/index.php\/wp-json\/wp\/v2\/media\/34766"}],"wp:attachment":[{"href":"https:\/\/conakrynews.org\/index.php\/wp-json\/wp\/v2\/media?parent=34765"}],"wp:term":[{"taxonomy":"category","embeddable":true,"href":"https:\/\/conakrynews.org\/index.php\/wp-json\/wp\/v2\/categories?post=34765"},{"taxonomy":"post_tag","embeddable":true,"href":"https:\/\/conakrynews.org\/index.php\/wp-json\/wp\/v2\/tags?post=34765"}],"curies":[{"name":"wp","href":"https:\/\/api.w.org\/{rel}","templated":true}]}}