{"id":34773,"date":"2025-07-24T10:15:23","date_gmt":"2025-07-24T10:15:23","guid":{"rendered":"https:\/\/conakrynews.org\/?p=34773"},"modified":"2025-07-24T10:15:23","modified_gmt":"2025-07-24T10:15:23","slug":"conakry-cloture-de-la-deuxieme-edition-du-forum-du-dialogue-citoyen","status":"publish","type":"post","link":"https:\/\/conakrynews.org\/index.php\/conakry-cloture-de-la-deuxieme-edition-du-forum-du-dialogue-citoyen\/","title":{"rendered":"Conakry : Cl\u00f4ture de la deuxi\u00e8me \u00e9dition du Forum du Dialogue Citoyen"},"content":{"rendered":"<div id=\"m#msg-a:r-7975799397861164090\" class=\"mail-message expanded\">\n<div id=\"m#msg-a:r-7975799397861164090-content\" class=\"mail-message-content collapsible zoom-normal mail-show-images \">\n<div class=\"clear\">\n<div dir=\"auto\">\n<div dir=\"auto\"><\/div>\n<div dir=\"auto\"><\/div>\n<div dir=\"auto\"><\/div>\n<div dir=\"auto\">La c\u00e9r\u00e9monie de cl\u00f4ture de la deuxi\u00e8me \u00e9dition du Forum du Dialogue Citoyen a eu lieu ce mercredi 22 juillet 2025 dans un h\u00f4tel de place.C&rsquo;est une initiative de\u00a0 \u00a0Dr. S\u00e9kou Koureissy Cond\u00e9, pr\u00e9sident de l\u2019ARENA.<\/div>\n<div dir=\"auto\"><\/div>\n<div dir=\"auto\">Le th\u00e8me central de la deuxi\u00e8me \u00e9dition du\u00a0 Forum est:\u00a0\u00bb Leadership f\u00e9minin et responsabilit\u00e9 citoyenne\u00a0\u00bb, cette initiative capitale visait \u00e0 renforcer la paix et l\u2019unit\u00e9 nationale \u00e0 travers l\u2019implication r\u00e9solue de la gente f\u00e9minine.<\/div>\n<div dir=\"auto\"><\/div>\n<div dir=\"auto\"><\/div>\n<div dir=\"auto\">Il faut pr\u00e9ciser que pendant les\u00a0 trois jours d\u2019intenses travaux et d\u2019\u00e9changes fructueux, le pr\u00e9sident de l&rsquo;ARENA\u00a0 a prodigu\u00e9 des conseils empreints de sagesse \u00e0 l\u2019ensemble des Guin\u00e9ens.<\/div>\n<div dir=\"auto\"><\/div>\n<div dir=\"auto\">Avant rappeler\u00a0 \u00a0l\u2019importance cruciale de promouvoir la qui\u00e9tude et la coh\u00e9sion sociale entre toutes les filles et tous les fils du pays.<\/div>\n<div dir=\"auto\"><\/div>\n<div dir=\"auto\">Pour finir, il a martel\u00e9 que\u00a0 son initiative\u00a0 est le socle indispensable au d\u00e9veloppement\u00a0 harmonieux de la Guin\u00e9e.<\/div>\n<div dir=\"auto\"><\/div>\n<div dir=\"auto\"><\/div>\n<div dir=\"auto\">Au terme de l a rencontre,Dr\u00a0 S\u00e9kou Koureissy Cond\u00e9,a annonc\u00e9 la tenue de la troisi\u00e8me \u00e9dition du Forum \u00e0 Kindia l\u2019ann\u00e9e prochaine.<\/div>\n<div dir=\"auto\"><\/div>\n<div dir=\"auto\">Sylla Ibrahima Kalil, pour\u00a0<a href=\"http:\/\/www.conakrynews.org\/\" target=\"_blank\" rel=\"noopener noreferrer\" data-saferedirecturl=\"https:\/\/www.google.com\/url?q=http:\/\/www.conakrynews.org&amp;source=gmail&amp;ust=1753438265574000&amp;usg=AOvVaw3WgZR7_EyEePVSEbqoEpWm\">www.conakrynews.org<\/a>\u00a0625444534<\/div>\n<\/div>\n<\/div>\n<\/div>\n<div id=\"m#msg-a:r-7975799397861164090-footer\" class=\"mail-message-footer spacer collapsible\"><\/div>\n<\/div>\n","protected":false},"excerpt":{"rendered":"<p>La c\u00e9r\u00e9monie de cl\u00f4ture de la deuxi\u00e8me \u00e9dition du Forum du Dialogue Citoyen a eu lieu ce mercredi 22 juillet 2025 dans un h\u00f4tel de place.C&rsquo;est une initiative de\u00a0 \u00a0Dr. S\u00e9kou Koureissy Cond\u00e9, pr\u00e9sident de l\u2019ARENA. Le th\u00e8me central de la deuxi\u00e8me \u00e9dition du\u00a0 Forum est:\u00a0\u00bb Leadership f\u00e9minin et responsabilit\u00e9 citoyenne\u00a0\u00bb, cette initiative capitale visait [&hellip;]<\/p>\n","protected":false},"author":2,"featured_media":34774,"comment_status":"closed","ping_status":"closed","sticky":false,"template":"","format":"standard","meta":{"footnotes":""},"categories":[58],"tags":[],"class_list":{"0":"post-34773","1":"post","2":"type-post","3":"status-publish","4":"format-standard","5":"has-post-thumbnail","7":"category-societe"},"_links":{"self":[{"href":"https:\/\/conakrynews.org\/index.php\/wp-json\/wp\/v2\/posts\/34773","targetHints":{"allow":["GET"]}}],"collection":[{"href":"https:\/\/conakrynews.org\/index.php\/wp-json\/wp\/v2\/posts"}],"about":[{"href":"https:\/\/conakrynews.org\/index.php\/wp-json\/wp\/v2\/types\/post"}],"author":[{"embeddable":true,"href":"https:\/\/conakrynews.org\/index.php\/wp-json\/wp\/v2\/users\/2"}],"replies":[{"embeddable":true,"href":"https:\/\/conakrynews.org\/index.php\/wp-json\/wp\/v2\/comments?post=34773"}],"version-history":[{"count":0,"href":"https:\/\/conakrynews.org\/index.php\/wp-json\/wp\/v2\/posts\/34773\/revisions"}],"wp:featuredmedia":[{"embeddable":true,"href":"https:\/\/conakrynews.org\/index.php\/wp-json\/wp\/v2\/media\/34774"}],"wp:attachment":[{"href":"https:\/\/conakrynews.org\/index.php\/wp-json\/wp\/v2\/media?parent=34773"}],"wp:term":[{"taxonomy":"category","embeddable":true,"href":"https:\/\/conakrynews.org\/index.php\/wp-json\/wp\/v2\/categories?post=34773"},{"taxonomy":"post_tag","embeddable":true,"href":"https:\/\/conakrynews.org\/index.php\/wp-json\/wp\/v2\/tags?post=34773"}],"curies":[{"name":"wp","href":"https:\/\/api.w.org\/{rel}","templated":true}]}}