{"id":34787,"date":"2025-07-24T19:33:30","date_gmt":"2025-07-24T19:33:30","guid":{"rendered":"https:\/\/conakrynews.org\/?p=34787"},"modified":"2025-07-24T19:36:26","modified_gmt":"2025-07-24T19:36:26","slug":"tribunal-du-travail-la-societe-yellowtecno-guinee-sa-condamnee-a-verser-plus-de-2-milliards-gnf-a-un-ancien-employe","status":"publish","type":"post","link":"https:\/\/conakrynews.org\/index.php\/tribunal-du-travail-la-societe-yellowtecno-guinee-sa-condamnee-a-verser-plus-de-2-milliards-gnf-a-un-ancien-employe\/","title":{"rendered":"Tribunal du travail : la soci\u00e9t\u00e9 YELLOWTECNO GUIN\u00c9E SA condamn\u00e9e \u00e0 verser plus de 2 milliards GNF \u00e0 un ancien employ\u00e9"},"content":{"rendered":"<div class=\"post-header post-tp-1-header\">\n<h1 class=\"single-post-title\"><\/h1>\n<div class=\"post-meta-wrap clearfix\">\n<div class=\"term-badges \"><\/div>\n<div class=\"google-auto-placed\">\n<p>&nbsp;<\/p>\n<div id=\"aswift_3_host\"><\/div>\n<p>&nbsp;<\/p>\n<\/div>\n<\/div>\n<div class=\"single-featured\"><\/div>\n<\/div>\n<div class=\"post-share single-post-share top-share clearfix style-1\">\n<div class=\"post-share-btn-group\"><a class=\"post-share-btn post-share-btn-comments comments\" title=\"Laisser un commentaire sur: &quot;Tribunal du travail : la soci\u00e9t\u00e9 YELLOWTECNO GUIN\u00c9E SA condamn\u00e9e \u00e0 verser plus de 2 milliards GNF \u00e0 un ancien employ\u00e9&quot;\" href=\"https:\/\/mediaguinee.com\/2025\/07\/tribunal-du-travail-la-societe-yellowtecno-guinee-sa-condamnee-a-verser-plus-de-2-milliards-gnf-a-un-ancien-employe\/#respond\"><i class=\"bf-icon fa fa-comments\" aria-hidden=\"true\"><\/i>\u00a0<\/a><\/div>\n<div class=\"share-handler-wrap bs-pretty-tabs bs-pretty-tabs-initialized\"><span class=\"share-handler post-share-btn rank-default\"><i class=\"bf-icon fa fa-share-alt\"><\/i>\u00a0<\/span><i class=\"bf-icon fa fa-plus\"><\/i><\/div>\n<\/div>\n<div class=\"better-studio-shortcode bs-push-noti bspn-s1 bspn-t1 clearfix post-top \">\n<div class=\"bs-push-noti-inner\">\n<div class=\"bs-push-noti-wrapper-icon\"><\/div>\n<div class=\"bs-push-noti-bg\"><\/div>\n<\/div>\n<\/div>\n<div class=\"entry-content clearfix single-post-content\">\n<div class=\"vzop vzop-post-top vzop-float-center vzop-align-center vzop-column-1 vzop-clearfix no-bg-box-model\">\n<div id=\"vzop-223661-1232860340\" class=\"vzop-container vzop-type-custom_code \" data-adid=\"223661\" data-type=\"custom_code\">\n<p>&nbsp;<\/p>\n<div id=\"aswift_0_host\"><\/div>\n<p>&nbsp;<\/p>\n<\/div>\n<\/div>\n<p>Les audiences au tribunal du travail ont repris ce jeudi 24 juillet 2025, apr\u00e8s pr\u00e8s d\u2019un mois d\u2019arr\u00eat cons\u00e9cutif au d\u00e9brayage des avocats. Un retour marqu\u00e9 par une journ\u00e9e particuli\u00e8rement charg\u00e9e, avec soixante-dix affaires inscrites au r\u00f4le. Parmi elles, le litige opposant Abdoul Karim SOW \u00e0 son ex-employeur, la soci\u00e9t\u00e9 YELLOWTECNO GUIN\u00c9E SA, accus\u00e9e de licenciement abusif et irr\u00e9gulier.<\/p>\n<div class=\"google-auto-placed ap_container\">\n<p>&nbsp;<\/p>\n<div id=\"aswift_5_host\"><\/div>\n<p>&nbsp;<\/p>\n<\/div>\n<p>Apr\u00e8s examen du dossier, le tribunal du travail, pr\u00e9sid\u00e9 par Mohamed Diawara, a jug\u00e9 la requ\u00eate du plaignant partiellement fond\u00e9e. En cons\u00e9quence, il a condamn\u00e9 YELLOWTECNO GUIN\u00c9E SA \u00e0 lui verser la somme de deux milliards trois cent quatre-vingt-neuf millions cinq cent trente-sept mille huit cent soixante-quinze francs guin\u00e9ens (2.389.537.875 GNF), r\u00e9partie comme suit :<\/p>\n<ul>\n<li>1.393.320.000 GNF au titre d\u2019indemnit\u00e9 pour licenciement abusif ;<\/li>\n<li>348.330.000 GNF pour violation de la proc\u00e9dure de licenciement ;<\/li>\n<li>100.000.000 GNF d\u2019indemnit\u00e9 compensatrice de cong\u00e9s non pris pour l\u2019ann\u00e9e 2025 ;<\/li>\n<li>47.887.875 GNF au titre de l\u2019indemnit\u00e9 de licenciement ;<\/li>\n<li>500.000.000 GNF de dommages-int\u00e9r\u00eats pour pr\u00e9judices moral et \u00e9conomique.<\/li>\n<\/ul>\n<div class=\"vzop vzop-post-inline vzop-float-center vzop-align-center vzop-column-1 vzop-hide-on-tablet-portrait vzop-hide-on-tablet-landscape vzop-hide-on-desktop vzop-clearfix no-bg-box-model\">\n<div id=\"vzop-231298-1181025993\" class=\"vzop-container vzop-type-custom_code vzop-hide-on-desktop vzop-hide-on-tablet-portrait vzop-hide-on-tablet-landscape\" data-adid=\"231298\" data-type=\"custom_code\">\n<p>&nbsp;<\/p>\n<div id=\"aswift_1_host\"><\/div>\n<p>&nbsp;<\/p>\n<\/div>\n<\/div>\n<p>Toutefois, le juge a rejet\u00e9 les autres demandes de M. SOW, les jugeant mal fond\u00e9es.<\/p>\n<div class=\"google-auto-placed ap_container\">\n<p>&nbsp;<\/p>\n<div id=\"aswift_6_host\"><\/div>\n<p>&nbsp;<\/p>\n<\/div>\n<div class=\"vzop vzop-post-middle vzop-float-center vzop-align-center vzop-column-1 vzop-clearfix no-bg-box-model\">\n<div id=\"vzop-223661-507882685\" class=\"vzop-container vzop-type-custom_code \" data-adid=\"223661\" data-type=\"custom_code\">\n<p>&nbsp;<\/p>\n<div id=\"aswift_2_host\"><\/div>\n<p>&nbsp;<\/p>\n<\/div>\n<\/div>\n<p>Par ailleurs, le tribunal a ordonn\u00e9 l\u2019ex\u00e9cution provisoire de cette d\u00e9cision, nonobstant toutes voies de recours, et fix\u00e9 une astreinte d\u00e9finitive de dix millions de francs guin\u00e9ens (10.000.000 GNF) par jour de retard, conform\u00e9ment \u00e0 l\u2019article 563 du Code de proc\u00e9dure civile, \u00e9conomique et administrative (CPCEA).<\/p>\n<div class=\"google-auto-placed ap_container\">\n<p>&nbsp;<\/p>\n<div id=\"aswift_7_host\"><\/div>\n<p>&nbsp;<\/p>\n<\/div>\n<p>Enfin, les d\u00e9pens ont \u00e9t\u00e9 mis \u00e0 la charge du Tr\u00e9sor public, sur la base des dispositions des articles 172.11, 172.6, 172.8, 172.9 al.2, 212.3, 172.14, 172.10, 172.30, 172.23, 172.28, 222.8, 172.32, 523.13 du Code du travail, de l\u2019article 563 du CPCEA, ainsi que de l\u2019article 1122 du Code civil.<\/p>\n<p><strong>Saidou L\u00e9b\u00ear\u00e9<\/strong><\/p>\n<\/div>\n","protected":false},"excerpt":{"rendered":"<p>&nbsp; &nbsp; \u00a0 \u00a0 &nbsp; &nbsp; Les audiences au tribunal du travail ont repris ce jeudi 24 juillet 2025, apr\u00e8s pr\u00e8s d\u2019un mois d\u2019arr\u00eat cons\u00e9cutif au d\u00e9brayage des avocats. Un retour marqu\u00e9 par une journ\u00e9e particuli\u00e8rement charg\u00e9e, avec soixante-dix affaires inscrites au r\u00f4le. Parmi elles, le litige opposant Abdoul Karim SOW \u00e0 son ex-employeur, la [&hellip;]<\/p>\n","protected":false},"author":2,"featured_media":34791,"comment_status":"closed","ping_status":"closed","sticky":false,"template":"","format":"standard","meta":{"footnotes":""},"categories":[58],"tags":[],"class_list":{"0":"post-34787","1":"post","2":"type-post","3":"status-publish","4":"format-standard","5":"has-post-thumbnail","7":"category-societe"},"_links":{"self":[{"href":"https:\/\/conakrynews.org\/index.php\/wp-json\/wp\/v2\/posts\/34787","targetHints":{"allow":["GET"]}}],"collection":[{"href":"https:\/\/conakrynews.org\/index.php\/wp-json\/wp\/v2\/posts"}],"about":[{"href":"https:\/\/conakrynews.org\/index.php\/wp-json\/wp\/v2\/types\/post"}],"author":[{"embeddable":true,"href":"https:\/\/conakrynews.org\/index.php\/wp-json\/wp\/v2\/users\/2"}],"replies":[{"embeddable":true,"href":"https:\/\/conakrynews.org\/index.php\/wp-json\/wp\/v2\/comments?post=34787"}],"version-history":[{"count":0,"href":"https:\/\/conakrynews.org\/index.php\/wp-json\/wp\/v2\/posts\/34787\/revisions"}],"wp:featuredmedia":[{"embeddable":true,"href":"https:\/\/conakrynews.org\/index.php\/wp-json\/wp\/v2\/media\/34791"}],"wp:attachment":[{"href":"https:\/\/conakrynews.org\/index.php\/wp-json\/wp\/v2\/media?parent=34787"}],"wp:term":[{"taxonomy":"category","embeddable":true,"href":"https:\/\/conakrynews.org\/index.php\/wp-json\/wp\/v2\/categories?post=34787"},{"taxonomy":"post_tag","embeddable":true,"href":"https:\/\/conakrynews.org\/index.php\/wp-json\/wp\/v2\/tags?post=34787"}],"curies":[{"name":"wp","href":"https:\/\/api.w.org\/{rel}","templated":true}]}}