{"id":34794,"date":"2025-07-25T08:30:52","date_gmt":"2025-07-25T08:30:52","guid":{"rendered":"https:\/\/conakrynews.org\/?p=34794"},"modified":"2025-07-25T08:33:45","modified_gmt":"2025-07-25T08:33:45","slug":"guinee-la-directrice-generale-des-elections-prend-fonction","status":"publish","type":"post","link":"https:\/\/conakrynews.org\/index.php\/guinee-la-directrice-generale-des-elections-prend-fonction\/","title":{"rendered":"Guin\u00e9e :La Directrice G\u00e9n\u00e9rale des \u00c9lections prend fonction"},"content":{"rendered":"<p dir=\"ltr\">Nomm\u00e9e r\u00e9cemment comme Directrice G\u00e9n\u00e9rale des \u00c9lections par d\u00e9cret pr\u00e9sidentiel,Mme Camara Dj\u00e9nab Tour\u00e9 a \u00e9t\u00e9 officiellement install\u00e9e dans ses fonctions ce jeudi 24 juillet 2025.Cette c\u00e9r\u00e9monie d&rsquo;installation s&rsquo;est d\u00e9roul\u00e9e dans les locaux du minist\u00e8re de l&rsquo;administration du Territoire et de la D\u00e9centralisation,en pr\u00e9sence de plusieurs personnalit\u00e9s notamment,le ministre de l&rsquo;Administration du Territoire et de la D\u00e9centralisation,le chef d&rsquo;\u00c9tat major de la Gendarmerie Nationale et Directeur de la justice militaire,G\u00e9n\u00e9ral Balla\u00a0 Samoura,Mme la Gouverneur de la ville de Conakry,des pr\u00e9fets\u00a0 et des cadres\u00a0 de l&rsquo;administration publique&#8230;.<\/p>\n<p dir=\"ltr\">\u00c0 l&rsquo;entame de son\u00a0 intervention, Mme Camara Djenab Tour\u00e9 a exprim\u00e9 sa d\u00e9termination \u00e0 mener \u00e0 bien cette mission\u00a0 dans le strict respect\u00a0 des principes spirituels et r\u00e9publicains.<\/p>\n<p dir=\"ltr\">De poursuivre,elle expliqu\u00e9 :\u00a0\u00bb<i>Prendre la t\u00eate d\u2019un organe gouvernemental charg\u00e9 de la gestion des \u00e9lections en p\u00e9riode de transition est un d\u00e9fi immense, un d\u00e9fi qui appelle \u00e0 l\u2019aide divine. Seul le Seigneur mis\u00e9ricordieux d\u00e9tient les cl\u00e9s pour nous accompagner, nous \u00e9clairer et nous prot\u00e9ger dans l\u2019accomplissement de la mission strat\u00e9gique assign\u00e9e \u00e0 cette direction\u00a0\u00bb, a fait savoir\u00a0 Djenab Tour\u00e9<\/i>.<\/p>\n<p dir=\"ltr\">\u00ab\u00a0<i>J\u2019ai pleinement conscience de la responsabilit\u00e9 qui nous incombe : celle de contribuer au retour \u00e0 l\u2019ordre constitutionnel de notre pays. Et soyez assur\u00e9s que nous ne m\u00e9nagerons aucun effort pour atteindre cet objectif\u00a0\u00bb, a d\u00e9clar\u00e9 la Directrice G\u00e9n\u00e9rale des \u00c9lections.<\/i><\/p>\n<p dir=\"ltr\">Avant\u00a0 de\u00a0 r\u00e9it\u00e9rer son engagement \u00e0\u00a0<i>travailler main dans la main avec tous les cadres de la Direction G\u00e9n\u00e9rale des \u00c9lections, les cadres du MATD, les personnes ressources, les acteurs de bonne volont\u00e9, comme une \u00e9quipe soud\u00e9e, afin de faire rayonner la d\u00e9mocratie par l\u2019organisation de scrutins transparents, libres et inclusifs<\/i>.<\/p>\n<p dir=\"ltr\">\u00ab\u00a0<i>L\u2019av\u00e8nement du Comit\u00e9 National du Rassemblement pour le D\u00e9veloppement (CNRD), le 5 septembre 2021, a marqu\u00e9 un tournant d\u00e9cisif. Il a ouvert la voie \u00e0 une rectification institutionnelle courageuse, centr\u00e9e sur le renforcement de la d\u00e9mocratie. Cette rectification place l\u2019organe de gestion des \u00e9lections au c\u0153ur de l\u2019action, face \u00e0 sa responsabilit\u00e9 technique, sans exclure aucun acteur du processus, mais en assignant \u00e0 chacun son r\u00f4le et ses devoirs<\/i>\u00ab\u00a0, a mentionn\u00e9 la DGE.<\/p>\n<p dir=\"ltr\">Sylla Ibrahima Kalil, pour www.conakrynews.org 625444534<\/p>\n","protected":false},"excerpt":{"rendered":"<p>Nomm\u00e9e r\u00e9cemment comme Directrice G\u00e9n\u00e9rale des \u00c9lections par d\u00e9cret pr\u00e9sidentiel,Mme Camara Dj\u00e9nab Tour\u00e9 a \u00e9t\u00e9 officiellement install\u00e9e dans ses fonctions ce jeudi 24 juillet 2025.Cette c\u00e9r\u00e9monie d&rsquo;installation s&rsquo;est d\u00e9roul\u00e9e dans les locaux du minist\u00e8re de l&rsquo;administration du Territoire et de la D\u00e9centralisation,en pr\u00e9sence de plusieurs personnalit\u00e9s notamment,le ministre de l&rsquo;Administration du Territoire et de la [&hellip;]<\/p>\n","protected":false},"author":2,"featured_media":34798,"comment_status":"closed","ping_status":"closed","sticky":false,"template":"","format":"standard","meta":{"footnotes":""},"categories":[57],"tags":[],"class_list":{"0":"post-34794","1":"post","2":"type-post","3":"status-publish","4":"format-standard","5":"has-post-thumbnail","7":"category-politique"},"_links":{"self":[{"href":"https:\/\/conakrynews.org\/index.php\/wp-json\/wp\/v2\/posts\/34794","targetHints":{"allow":["GET"]}}],"collection":[{"href":"https:\/\/conakrynews.org\/index.php\/wp-json\/wp\/v2\/posts"}],"about":[{"href":"https:\/\/conakrynews.org\/index.php\/wp-json\/wp\/v2\/types\/post"}],"author":[{"embeddable":true,"href":"https:\/\/conakrynews.org\/index.php\/wp-json\/wp\/v2\/users\/2"}],"replies":[{"embeddable":true,"href":"https:\/\/conakrynews.org\/index.php\/wp-json\/wp\/v2\/comments?post=34794"}],"version-history":[{"count":0,"href":"https:\/\/conakrynews.org\/index.php\/wp-json\/wp\/v2\/posts\/34794\/revisions"}],"wp:featuredmedia":[{"embeddable":true,"href":"https:\/\/conakrynews.org\/index.php\/wp-json\/wp\/v2\/media\/34798"}],"wp:attachment":[{"href":"https:\/\/conakrynews.org\/index.php\/wp-json\/wp\/v2\/media?parent=34794"}],"wp:term":[{"taxonomy":"category","embeddable":true,"href":"https:\/\/conakrynews.org\/index.php\/wp-json\/wp\/v2\/categories?post=34794"},{"taxonomy":"post_tag","embeddable":true,"href":"https:\/\/conakrynews.org\/index.php\/wp-json\/wp\/v2\/tags?post=34794"}],"curies":[{"name":"wp","href":"https:\/\/api.w.org\/{rel}","templated":true}]}}