{"id":34801,"date":"2025-07-25T08:40:04","date_gmt":"2025-07-25T08:40:04","guid":{"rendered":"https:\/\/conakrynews.org\/?p=34801"},"modified":"2025-07-25T08:40:04","modified_gmt":"2025-07-25T08:40:04","slug":"tribunal-du-travail-electricite-de-guinee-edg-sa-perd-une-premiere-bataille-face-a-une-ex-employee","status":"publish","type":"post","link":"https:\/\/conakrynews.org\/index.php\/tribunal-du-travail-electricite-de-guinee-edg-sa-perd-une-premiere-bataille-face-a-une-ex-employee\/","title":{"rendered":"Tribunal du Travail : \u00c9lectricit\u00e9 de Guin\u00e9e (EDG-SA) perd une premi\u00e8re bataille face \u00e0 une ex-employ\u00e9e"},"content":{"rendered":"<nav class=\"bf-breadcrumb clearfix bc-top-style\" role=\"navigation\" aria-label=\"Breadcrumbs\">\n<div class=\"container bf-breadcrumb-container\">\n<p>&nbsp;<\/p>\n<\/div>\n<\/nav>\n<div class=\"content-wrap\"><main id=\"content\" class=\"content-container\"><\/p>\n<div class=\"container layout-2-col layout-2-col-1 layout-right-sidebar layout-bc-before post-template-1\">\n<div class=\"row main-section\">\n<div class=\"col-sm-8 content-column\">\n<div class=\"single-container\">\n<article id=\"post-291115\" class=\"post-291115 post type-post status-publish format-standard has-post-thumbnail  category-a-la-une single-post-content has-thumbnail\">\n<div class=\"post-header post-tp-1-header\">\n<div class=\"post-meta-wrap clearfix\">\n<div class=\"term-badges \"><\/div>\n<div class=\"google-auto-placed\"><ins class=\"adsbygoogle adsbygoogle-noablate\" data-ad-format=\"auto\" data-ad-client=\"ca-pub-1870189416508001\" data-adsbygoogle-status=\"done\" data-ad-status=\"filled\"><\/p>\n<div id=\"aswift_3_host\"><\/div>\n<p><\/ins><\/div>\n<\/div>\n<div class=\"single-featured\"><\/div>\n<\/div>\n<div class=\"post-share single-post-share top-share clearfix style-1\">\n<div class=\"post-share-btn-group\"><a class=\"post-share-btn post-share-btn-comments comments\" title=\"Laisser un commentaire sur: &quot;Tribunal du Travail : \u00c9lectricit\u00e9 de Guin\u00e9e (EDG-SA) perd une premi\u00e8re bataille face \u00e0 une ex-employ\u00e9e&quot;\" href=\"https:\/\/mediaguinee.com\/2025\/07\/tribunal-du-travail-electricite-de-guinee-edg-sa-perd-une-premiere-bataille-face-a-une-ex-employee\/#respond\"><i class=\"bf-icon fa fa-comments\" aria-hidden=\"true\"><\/i>\u00a0<\/a><\/div>\n<\/div>\n<div class=\"better-studio-shortcode bs-push-noti bspn-s1 bspn-t1 clearfix post-top  \">\n<div class=\"bs-push-noti-inner\">\n<div class=\"bs-push-noti-bg\"><\/div>\n<\/div>\n<\/div>\n<div class=\"entry-content clearfix single-post-content\">\n<div class=\"vzop vzop-post-top vzop-float-center vzop-align-center vzop-column-1 vzop-clearfix no-bg-box-model\">\n<div id=\"vzop-223661-1758926007\" class=\"vzop-container vzop-type-custom_code \" data-adid=\"223661\" data-type=\"custom_code\"><ins class=\"adsbygoogle\" data-ad-client=\"ca-pub-1870189416508001\" data-ad-slot=\"4596184177\" data-ad-format=\"auto\" data-full-width-responsive=\"true\" data-adsbygoogle-status=\"done\" data-ad-status=\"filled\"><\/p>\n<div id=\"aswift_0_host\"><\/div>\n<p><\/ins><\/div>\n<\/div>\n<p>Le tribunal du travail a rendu, ce jeudi 24 juillet 2025, une d\u00e9cision tr\u00e8s attendue dans l\u2019affaire opposant la soci\u00e9t\u00e9 \u00c9lectricit\u00e9 de Guin\u00e9e (EDG-SA) \u00e0 Madame Mariama Toupp\u00e9 Bald\u00e9, ancienne responsable commerciale de l\u2019entreprise.<\/p>\n<p>Saisie par EDG-SA, la juridiction devait statuer sur une exception de fin de non-recevoir soulev\u00e9e par la soci\u00e9t\u00e9, qui contestait la recevabilit\u00e9 de la plainte pour licenciement de Mme Bald\u00e9, estimant que le d\u00e9lai l\u00e9gal de d\u00e9p\u00f4t de la requ\u00eate \u00e9tait expir\u00e9.<\/p>\n<p>Mais le juge Mohamed Diawara n\u2019a pas retenu cet argument. Dans sa d\u00e9cision, il a rejet\u00e9 l\u2019exception de prescription soulev\u00e9e par la d\u00e9fense : \u00ab Rejette l\u2019exception de fin de non-recevoir tir\u00e9e de la prescription soulev\u00e9e par la soci\u00e9t\u00e9 \u00c9lectricit\u00e9 de Guin\u00e9e (EDG-SA) \u00bb, a-t-il tranch\u00e9.<\/p>\n<div class=\"vzop vzop-post-inline vzop-float-center vzop-align-center vzop-column-1 vzop-hide-on-tablet-portrait vzop-hide-on-tablet-landscape vzop-hide-on-desktop vzop-clearfix no-bg-box-model\">\n<div id=\"vzop-231298-1094942403\" class=\"vzop-container vzop-type-custom_code  vzop-hide-on-desktop vzop-hide-on-tablet-portrait vzop-hide-on-tablet-landscape\" data-adid=\"231298\" data-type=\"custom_code\"><ins class=\"adsbygoogle\" data-ad-client=\"ca-pub-1870189416508001\" data-ad-slot=\"4596184177\" data-ad-format=\"auto\" data-full-width-responsive=\"true\" data-adsbygoogle-status=\"done\" data-ad-status=\"filled\"><\/p>\n<div id=\"aswift_1_host\"><\/div>\n<p><\/ins><\/div>\n<\/div>\n<p>Le tribunal a ainsi d\u00e9clar\u00e9 recevable l\u2019action intent\u00e9e par Mme Mariama Toupp\u00e9 Bald\u00e9, r\u00e9servant l\u2019examen du fond \u00e0 une audience ult\u00e9rieure.<\/p>\n<div class=\"vzop vzop-post-middle vzop-float-center vzop-align-center vzop-column-1 vzop-clearfix no-bg-box-model\">\n<div id=\"vzop-223661-1320751427\" class=\"vzop-container vzop-type-custom_code \" data-adid=\"223661\" data-type=\"custom_code\"><ins class=\"adsbygoogle\" data-ad-client=\"ca-pub-1870189416508001\" data-ad-slot=\"4596184177\" data-ad-format=\"auto\" data-full-width-responsive=\"true\" data-adsbygoogle-status=\"done\" data-ad-status=\"unfilled\"><\/p>\n<div id=\"aswift_2_host\"><\/div>\n<p><\/ins><\/div>\n<\/div>\n<p>Pour rappel, l\u2019ex-employ\u00e9e affirme avoir \u00e9t\u00e9 recrut\u00e9e en octobre 2004 en tant que responsable commerciale, dans le cadre d\u2019un contrat \u00e0 dur\u00e9e ind\u00e9termin\u00e9e. Elle soutient avoir exerc\u00e9 ses fonctions pendant plus de 16 ans sans jamais faire l\u2019objet d\u2019une mesure disciplinaire.<\/p>\n<div class=\"google-auto-placed ap_container\"><ins class=\"adsbygoogle adsbygoogle-noablate\" data-ad-format=\"auto\" data-ad-client=\"ca-pub-1870189416508001\" data-adsbygoogle-status=\"done\" data-ad-status=\"unfilled\"><\/p>\n<div id=\"aswift_5_host\"><\/div>\n<p><\/ins><\/div>\n<p>Cependant, selon elle, elle aurait \u00e9t\u00e9 \u00e9cart\u00e9e de ses fonctions le 18 juin 2020, sans notification formelle de licenciement, ni respect des proc\u00e9dures pr\u00e9vues par le Code du travail. Elle estime que cette \u00e9viction aurait \u00e9t\u00e9 motiv\u00e9e par des accusations non fond\u00e9es de d\u00e9tournement, usage de faux et manquement \u00e0 l\u2019obligation de loyaut\u00e9.<\/p>\n<p>L\u2019affaire a \u00e9t\u00e9 renvoy\u00e9e au 31 juillet 2025 pour la suite des d\u00e9bats.<\/p>\n<p><strong>Saidou L\u00e9b\u00ear\u00e9<\/strong><\/p>\n<\/div>\n<\/article>\n<\/div>\n<\/div>\n<\/div>\n<\/div>\n<p><\/main><\/div>\n","protected":false},"excerpt":{"rendered":"<p>&nbsp; \u00a0 Le tribunal du travail a rendu, ce jeudi 24 juillet 2025, une d\u00e9cision tr\u00e8s attendue dans l\u2019affaire opposant la soci\u00e9t\u00e9 \u00c9lectricit\u00e9 de Guin\u00e9e (EDG-SA) \u00e0 Madame Mariama Toupp\u00e9 Bald\u00e9, ancienne responsable commerciale de l\u2019entreprise. Saisie par EDG-SA, la juridiction devait statuer sur une exception de fin de non-recevoir soulev\u00e9e par la soci\u00e9t\u00e9, qui [&hellip;]<\/p>\n","protected":false},"author":2,"featured_media":34802,"comment_status":"closed","ping_status":"closed","sticky":false,"template":"","format":"standard","meta":{"footnotes":""},"categories":[58],"tags":[],"class_list":{"0":"post-34801","1":"post","2":"type-post","3":"status-publish","4":"format-standard","5":"has-post-thumbnail","7":"category-societe"},"_links":{"self":[{"href":"https:\/\/conakrynews.org\/index.php\/wp-json\/wp\/v2\/posts\/34801","targetHints":{"allow":["GET"]}}],"collection":[{"href":"https:\/\/conakrynews.org\/index.php\/wp-json\/wp\/v2\/posts"}],"about":[{"href":"https:\/\/conakrynews.org\/index.php\/wp-json\/wp\/v2\/types\/post"}],"author":[{"embeddable":true,"href":"https:\/\/conakrynews.org\/index.php\/wp-json\/wp\/v2\/users\/2"}],"replies":[{"embeddable":true,"href":"https:\/\/conakrynews.org\/index.php\/wp-json\/wp\/v2\/comments?post=34801"}],"version-history":[{"count":0,"href":"https:\/\/conakrynews.org\/index.php\/wp-json\/wp\/v2\/posts\/34801\/revisions"}],"wp:featuredmedia":[{"embeddable":true,"href":"https:\/\/conakrynews.org\/index.php\/wp-json\/wp\/v2\/media\/34802"}],"wp:attachment":[{"href":"https:\/\/conakrynews.org\/index.php\/wp-json\/wp\/v2\/media?parent=34801"}],"wp:term":[{"taxonomy":"category","embeddable":true,"href":"https:\/\/conakrynews.org\/index.php\/wp-json\/wp\/v2\/categories?post=34801"},{"taxonomy":"post_tag","embeddable":true,"href":"https:\/\/conakrynews.org\/index.php\/wp-json\/wp\/v2\/tags?post=34801"}],"curies":[{"name":"wp","href":"https:\/\/api.w.org\/{rel}","templated":true}]}}