{"id":34810,"date":"2025-07-25T12:25:33","date_gmt":"2025-07-25T12:25:33","guid":{"rendered":"https:\/\/conakrynews.org\/?p=34810"},"modified":"2025-07-25T12:29:31","modified_gmt":"2025-07-25T12:29:31","slug":"communique-droit-de-reponse-et-debat-public-autour-des-articles-sur-m-fadi-wazni","status":"publish","type":"post","link":"https:\/\/conakrynews.org\/index.php\/communique-droit-de-reponse-et-debat-public-autour-des-articles-sur-m-fadi-wazni\/","title":{"rendered":"COMMUNIQU\u00c9 \u2013 Droit de r\u00e9ponse et d\u00e9bat public autour des articles sur M. Fadi Wazni"},"content":{"rendered":"<h1 class=\"name post-title entry-title\"><\/h1>\n<div class=\"clear\"><\/div>\n<div class=\"entry\">\n<p dir=\"auto\">Washington DC, le 24 juillet 2025- Suite \u00e0 une correspondance re\u00e7ue le 24 juillet 2025 de la part d\u2019un cabinet d\u2019avocats repr\u00e9sentant Monsieur Fadi Wazni, concernant la publication d\u2019articles critiques \u00e0 son sujet, le journaliste et auteur Siba B\u00e9avogui a publi\u00e9 une r\u00e9ponse officielle.<\/p>\n<p dir=\"auto\">Celle-ci pose clairement les termes d\u2019un dialogue r\u00e9publicain et juridique autour du droit de r\u00e9ponse et de la libert\u00e9 d\u2019informer.<\/p>\n<p dir=\"auto\">1. Un droit de r\u00e9ponse reconnu<\/p>\n<p>L\u2019auteur confirme son engagement \u00e0 respecter le droit de r\u00e9ponse dans le strict cadre de la<\/p>\n<p>l\u00e9gislation en vigueur. Il invite les repr\u00e9sentants de M. Wazni \u00e0 faire valoir leur point de vue en toute transparence, en tenant compte du contexte g\u00e9n\u00e9ral du livre en cours de publication, dont les articles sont issus.<\/p>\n<p dir=\"auto\">2. Une fin de non-recevoir \u00e0 toute demande de suppression extrajudiciaire<\/p>\n<p>Siba B\u00e9avogui rappelle que seule une d\u00e9cision judiciaire peut entra\u00eener le retrait de contenus publi\u00e9s. En cons\u00e9quence, aucune suppression ne sera op\u00e9r\u00e9e sans d\u00e9cision de justice formelle.<\/p>\n<p dir=\"auto\">3. Vers une d\u00e9fense collective de l\u2019int\u00e9r\u00eat public<\/p>\n<p>Au-del\u00e0 de l\u2019\u00e9change juridique, cette affaire soul\u00e8ve un d\u00e9bat de fond sur les pratiques mini\u00e8res, les droits des travailleurs et la souverainet\u00e9 \u00e9conomique. L\u2019auteur annonce qu\u2019il consultera des victimes d\u2019accidents, des syndicats, des ONG et des institutions de la soci\u00e9t\u00e9 civile afin de coordonner une riposte citoyenne et r\u00e9publicaine.<\/p>\n<p dir=\"auto\">\u00ab Nous entendons organiser une d\u00e9fense nationale, responsable et concert\u00e9e, fond\u00e9e sur les principes de transparence, d\u2019\u00e9quit\u00e9 et de souverainet\u00e9, auxquels toute entreprise op\u00e9rant en Guin\u00e9e doit se conformer. \u00bb<\/p>\n<p dir=\"auto\">Siba B\u00e9avogui, le journaliste conclut en assurant que le processus se d\u00e9roulera dans le respect du droit et avec la participation active de la soci\u00e9t\u00e9 guin\u00e9enne, soulignant ainsi son attachement \u00e0 l\u2019int\u00e9r\u00eat g\u00e9n\u00e9ral et \u00e0 la libert\u00e9 d\u2019informer.<\/p>\n<p dir=\"auto\">Ci-joint la copie dudit Droit de r\u00e9ponse de M. Fadi Wazni.<\/p>\n<p dir=\"auto\"><a href=\"https:\/\/www.guineequotidien.com\/wp-content\/uploads\/2025\/07\/250724-Droit-de-r%C3%A9ponse-AD-pour-F.-Wazni-Guin%C3%A9e-Futur.pdf\">250724 \u2013 Droit de r\u00e9ponse \u2013 AD pour F. Wazni \u2013 Guin\u00e9e Futur<\/a><\/p>\n<p dir=\"auto\">Sign\u00e9 :<\/p>\n<p>Ibrahima Sory Bangoura<\/p>\n<p>Directeur de publication<\/p>\n<p dir=\"auto\">DROIT DE REPONSE DE M. FADI WAZNI A GUINEE FUTUR<\/p>\n<p dir=\"auto\">Une s\u00e9rie d\u2019articles de M. Siba B\u00e9avogui me met gravement en cause, sans pour autant m\u2019avoir sollicit\u00e9 en quoi que ce soit pr\u00e9c\u00e9demment, ce qui aurait permis d\u2019\u00e9viter de graves contre-v\u00e9rit\u00e9s.<\/p>\n<p dir=\"auto\">Je conteste fermement toutes les pr\u00e9tendues informations contenues dans ces articles me concernant et constate qu\u2019aucun fait tangible ou d\u00e9but de preuve n\u2019est pr\u00e9sent\u00e9 aux lecteurs pour tenter d\u2019\u00e9tayer ces grossi\u00e8res accusation.<\/p>\n<\/div>\n<div class=\"share-post\">\n<p>&nbsp;<\/p>\n<\/div>\n","protected":false},"excerpt":{"rendered":"<p>Washington DC, le 24 juillet 2025- Suite \u00e0 une correspondance re\u00e7ue le 24 juillet 2025 de la part d\u2019un cabinet d\u2019avocats repr\u00e9sentant Monsieur Fadi Wazni, concernant la publication d\u2019articles critiques \u00e0 son sujet, le journaliste et auteur Siba B\u00e9avogui a publi\u00e9 une r\u00e9ponse officielle. Celle-ci pose clairement les termes d\u2019un dialogue r\u00e9publicain et juridique autour [&hellip;]<\/p>\n","protected":false},"author":2,"featured_media":34814,"comment_status":"closed","ping_status":"closed","sticky":false,"template":"","format":"standard","meta":{"footnotes":""},"categories":[58],"tags":[],"class_list":{"0":"post-34810","1":"post","2":"type-post","3":"status-publish","4":"format-standard","5":"has-post-thumbnail","7":"category-societe"},"_links":{"self":[{"href":"https:\/\/conakrynews.org\/index.php\/wp-json\/wp\/v2\/posts\/34810","targetHints":{"allow":["GET"]}}],"collection":[{"href":"https:\/\/conakrynews.org\/index.php\/wp-json\/wp\/v2\/posts"}],"about":[{"href":"https:\/\/conakrynews.org\/index.php\/wp-json\/wp\/v2\/types\/post"}],"author":[{"embeddable":true,"href":"https:\/\/conakrynews.org\/index.php\/wp-json\/wp\/v2\/users\/2"}],"replies":[{"embeddable":true,"href":"https:\/\/conakrynews.org\/index.php\/wp-json\/wp\/v2\/comments?post=34810"}],"version-history":[{"count":0,"href":"https:\/\/conakrynews.org\/index.php\/wp-json\/wp\/v2\/posts\/34810\/revisions"}],"wp:featuredmedia":[{"embeddable":true,"href":"https:\/\/conakrynews.org\/index.php\/wp-json\/wp\/v2\/media\/34814"}],"wp:attachment":[{"href":"https:\/\/conakrynews.org\/index.php\/wp-json\/wp\/v2\/media?parent=34810"}],"wp:term":[{"taxonomy":"category","embeddable":true,"href":"https:\/\/conakrynews.org\/index.php\/wp-json\/wp\/v2\/categories?post=34810"},{"taxonomy":"post_tag","embeddable":true,"href":"https:\/\/conakrynews.org\/index.php\/wp-json\/wp\/v2\/tags?post=34810"}],"curies":[{"name":"wp","href":"https:\/\/api.w.org\/{rel}","templated":true}]}}