{"id":3482,"date":"2019-12-09T09:35:56","date_gmt":"2019-12-09T08:35:56","guid":{"rendered":"https:\/\/conakrynews.org\/?p=3482"},"modified":"2019-12-11T08:45:46","modified_gmt":"2019-12-11T07:45:46","slug":"sante-animale-lancement-de-campagne-de-vaccination-de-masse-de-cedeao-guinee-sierra-leone-liberia-deparasitage-de-peste-petits-ruminants-trois-pays","status":"publish","type":"post","link":"https:\/\/conakrynews.org\/index.php\/sante-animale-lancement-de-campagne-de-vaccination-de-masse-de-cedeao-guinee-sierra-leone-liberia-deparasitage-de-peste-petits-ruminants-trois-pays\/","title":{"rendered":"Sant\u00e9 Animale : Lancement de la campagne de vaccination de masse de la CEDEAO (la Guin\u00e9e, la  Sierra Leone et le Lib\u00e9ria) pour   le  d\u00e9parasitage de la peste des petits ruminants dans ces  trois pays."},"content":{"rendered":"<p>Trois \u00a0 (3) \u00a0pays fr\u00e8res de la sous -r\u00e9gion\u00a0 notamment \u00a0la\u00a0 Guin\u00e9e, le Liberia et la Sierra L\u00e9one en collaboration avec les partenaires au d\u00e9veloppement, ont\u00a0 officiellement proc\u00e9d\u00e9 au lancement \u00a0ce samedi,\u00e0\u00a0 la campagne de vaccination de masse et de d\u00e9parasitage de peste des petits ruminants. Ladite c\u00e9r\u00e9monie de lancement \u00a0s\u2019est d\u00e9roul\u00e9e dans le \u00a0\u00a0district de PAMALAP , \u00a0dans la pr\u00e9fecture de For\u00e9cariah .<\/p>\n<p>&nbsp;<\/p>\n<p>&nbsp;<\/p>\n<p>C\u2019est en pr\u00e9sence des \u00a0ministres \u00a0en charge de l&rsquo;\u00e9levage de ces trois\u00a0 pays \u00a0concern\u00e9s \u00a0 par cette campagne tous accompagn\u00e9s\u00a0 \u00a0 par une forte d\u00e9l\u00e9gation, des autorit\u00e9s pr\u00e9fectorales de For\u00e9cariah et\u00a0 des \u00a0populations riveraines du District de PAMALAP.<\/p>\n<p>&nbsp;<\/p>\n<p>&nbsp;<\/p>\n<p>&nbsp;<\/p>\n<p>Prenant la parole, le pr\u00e9fet de For\u00e9cariah ,<img loading=\"lazy\" decoding=\"async\" class=\"alignright size-medium wp-image-3485\" src=\"https:\/\/conakrynews.org\/wp-content\/uploads\/2019\/12\/photo-\u00e9l\u00e9vage-5-500x375.jpg\" alt=\"\" width=\"500\" height=\"375\" srcset=\"https:\/\/conakrynews.org\/wp-content\/uploads\/2019\/12\/photo-\u00e9l\u00e9vage-5-500x375.jpg 500w, https:\/\/conakrynews.org\/wp-content\/uploads\/2019\/12\/photo-\u00e9l\u00e9vage-5-768x576.jpg 768w, https:\/\/conakrynews.org\/wp-content\/uploads\/2019\/12\/photo-\u00e9l\u00e9vage-5.jpg 1040w\" sizes=\"auto, (max-width: 500px) 100vw, 500px\" \/><img loading=\"lazy\" decoding=\"async\" class=\"alignright size-medium wp-image-3483\" src=\"https:\/\/conakrynews.org\/wp-content\/uploads\/2019\/12\/photo-\u00e9l\u00e9vage-3-500x375.jpg\" alt=\"\" width=\"500\" height=\"375\" srcset=\"https:\/\/conakrynews.org\/wp-content\/uploads\/2019\/12\/photo-\u00e9l\u00e9vage-3-500x375.jpg 500w, https:\/\/conakrynews.org\/wp-content\/uploads\/2019\/12\/photo-\u00e9l\u00e9vage-3-768x576.jpg 768w, https:\/\/conakrynews.org\/wp-content\/uploads\/2019\/12\/photo-\u00e9l\u00e9vage-3.jpg 1040w\" sizes=\"auto, (max-width: 500px) 100vw, 500px\" \/> <img loading=\"lazy\" decoding=\"async\" class=\"alignright size-medium wp-image-3484\" src=\"https:\/\/conakrynews.org\/wp-content\/uploads\/2019\/12\/photo-\u00e9l\u00e9vage-4-500x375.jpg\" alt=\"\" width=\"500\" height=\"375\" srcset=\"https:\/\/conakrynews.org\/wp-content\/uploads\/2019\/12\/photo-\u00e9l\u00e9vage-4-500x375.jpg 500w, https:\/\/conakrynews.org\/wp-content\/uploads\/2019\/12\/photo-\u00e9l\u00e9vage-4-768x576.jpg 768w, https:\/\/conakrynews.org\/wp-content\/uploads\/2019\/12\/photo-\u00e9l\u00e9vage-4.jpg 1040w\" sizes=\"auto, (max-width: 500px) 100vw, 500px\" \/>Amara camara, c&rsquo;est d&rsquo;abord r\u00e9jouit du choix port\u00e9 sur sa pr\u00e9fecture pour abriter la c\u00e9r\u00e9monie\u00a0 de \u00a0lancement de cet \u00e9v\u00e9nements de grande envergure.<\/p>\n<p>&nbsp;<\/p>\n<p>Avant de\u00a0 rappeler \u00a0 que la pr\u00e9fecture de For\u00e9cariah est l&rsquo;une des pr\u00e9fectures\u00a0 frontali\u00e8res de la Guin\u00e9e vers la sierra Leone et le Lib\u00e9ria. \u00ab Pour\u00a0 la petite histoire, nous partageons les bonheurs\u00a0 comme les malheurs. Avec la r\u00e9bellion de 2000, la Guin\u00e9e, le Lib\u00e9ria et la sierra Leone, aucun de ces \u00a0pays cit\u00e9s \u00a0n&rsquo;avaient \u00a0\u00e9t\u00e9 \u00e9pargn\u00e9s , la \u00a0m\u00eame chose \u00a0aussi pour\u00a0 la maladie de la fi\u00e8vre h\u00e9morragique \u00a0\u00e0 virus \u00a0Ebola\u00a0\u00bb, a fait savoir \u00a0dans son intervention le pr\u00e9fet\u00a0 \u00a0de For\u00e9cariah.<\/p>\n<p>&nbsp;<\/p>\n<p>Avant de pr\u00e9ciser\u00a0:\u00a0\u00ab\u00a0 C&rsquo;est pourquoi, il est primordial de prendre ensemble des mesures ad\u00e9quates\u00a0 pour une \u00e9radication d\u00e9finitive de la peste des petits ruminants\u00a0 pour le bien \u00eatre de nos \u00a0trois (3) pays\u00a0\u00bb .<\/p>\n<p><a href=\"https:\/\/www.facebook.com\/mariame.camara.355\">\u00a0<\/a><\/p>\n<p>&nbsp;<\/p>\n<p>S\u00e9kou Sangar\u00e9, commissaire de l&rsquo;agriculture et ressource en environnement \u00a0de la CEDEAO, a invit\u00e9 les techniciens en charge de la vaccination de\u00a0 ces bovins des diff\u00e9rents pays concern\u00e9s \u00e0 plus de responsabilit\u00e9.Avant d&rsquo;inviter \u00a0les \u00e9leveurs\u00a0 de se mettre\u00a0 au\u00a0 travail\u00a0 afin d\u2019\u00e9viter la propagation\u00a0 de la maladie.<\/p>\n<p>&nbsp;<\/p>\n<p>\u00ab\u00a0Nous insistons pour que vous vous donner les mains afin de travailler \u00a0ensemble, ce pour la r\u00e9ussite de ce projet. J&rsquo;invite les \u00e9leveurs surtout \u00e0 envoyer\u00a0 leurs \u00a0animaux sur les sites retenus pour\u00a0 leur\u00a0 vaccination\u00a0\u00bb, a lanc\u00e9 ce message \u00a0aux \u00e9leveurs.<\/p>\n<p><a href=\"https:\/\/www.facebook.com\/mariame.camara.355\">\u00a0<\/a><\/p>\n<p>&nbsp;<\/p>\n<p>Pour sa part, le ministre guin\u00e9en de l\u2019\u00e9levage\u00a0 , Roger Patrick Millimono ,assis\u00a0 \u00e0 c\u00f4t\u00e9 de ses homologues de la sierra Leone et du Lib\u00e9ria, n&rsquo;a pas manqu\u00e9 de vivement remercier\u00a0 ces partenaires Techniques\u00a0 et financiers qui leurs accompagnent . \u00ab\u00a0 je voudrais exprimer \u00a0notre profonde\u00a0 gratitude \u00e0 \u00a0la CEDEAO, pour la mis en place de ce projet allant\u00a0 dans le cadre de\u00a0 l&rsquo;\u00e9radication de la fi\u00e8vre aphteuse et la peste des petits ruminants, mais aussi \u00e0 la coop\u00e9ration suisse pour son\u00a0 soutien\u00a0 financier, dans la lutte contre ces deux maladies qui\u00a0 entra\u00eenent chaque ann\u00e9e des cons\u00e9quences sociaux, \u00e9conomiques \u00a0importants dans nos \u00a0trois (3) \u00a0pays en particulier et dans notre sous -r\u00e9gion en g\u00e9n\u00e9ral\u00a0\u00bb, a expliqu\u00e9 le ministre\u00a0 Roger\u00a0 Parick Millimono .<\/p>\n<p>&nbsp;<\/p>\n<p>Avant de souligner\u00a0:\u00a0\u00ab Cette lutte pour le gouvernement guin\u00e9en contre ces deux maladies prioritaires aux cons\u00e9quences sociaux \u00e9conomiques\u00a0 \u00e9normes, s&rsquo;inscrit en droite ligne dans le programme de la s\u00e9curit\u00e9 alimentaire, un des objectifs du programme national \u00e9conomique et social de 2015\/2020\u00a0\u00bb.<\/p>\n<p>&nbsp;<\/p>\n<p>&nbsp;<\/p>\n<p>Pour\u00a0 clore son intervention, il a rassur\u00e9 les partenaires techniques et financiers \u00a0de la ferme d\u00e9termination\u00a0 des Gouvernements \u00a0 de la Guin\u00e9e, la sierra Leone et\u00a0 du\u00a0 Lib\u00e9ria, \u00e0 ne manager \u00a0aucun effort pour la r\u00e9ussite de cette campagne de vaccination. Qui est une d\u00e9marche globale de contr\u00f4le de la PPR en Afrique de l\u2019Ouest, notamment dans ces \u00a0trois (3) pays, et\u00a0 qui permet \u00e0 la\u00a0 sous-r\u00e9gion de r\u00e9affirmer l&rsquo;engagement politique international\u00a0 pour\u00a0 l&rsquo;\u00e9radication de\u00a0 la PPR \u00e0 l&rsquo;\u00e9chelle mondiale d&rsquo;ici\u00a0 l&rsquo;horizon\u00a0 2030.<\/p>\n<p>&nbsp;<\/p>\n<p>&nbsp;<\/p>\n<p>&nbsp;<\/p>\n<p>Mariam K Camara pour www.conakrynews.org<\/p>\n<p>&nbsp;<\/p>\n","protected":false},"excerpt":{"rendered":"<p>Trois \u00a0 (3) \u00a0pays fr\u00e8res de la sous -r\u00e9gion\u00a0 notamment \u00a0la\u00a0 Guin\u00e9e, le Liberia et la Sierra L\u00e9one en collaboration avec les partenaires au d\u00e9veloppement, ont\u00a0 officiellement proc\u00e9d\u00e9 au lancement \u00a0ce samedi,\u00e0\u00a0 la campagne de vaccination de masse et de d\u00e9parasitage de peste des petits ruminants. Ladite c\u00e9r\u00e9monie de lancement \u00a0s\u2019est d\u00e9roul\u00e9e dans le \u00a0\u00a0district [&hellip;]<\/p>\n","protected":false},"author":2,"featured_media":3483,"comment_status":"open","ping_status":"open","sticky":false,"template":"","format":"standard","meta":{"footnotes":""},"categories":[1],"tags":[],"class_list":{"0":"post-3482","1":"post","2":"type-post","3":"status-publish","4":"format-standard","5":"has-post-thumbnail","7":"category-non-classe"},"_links":{"self":[{"href":"https:\/\/conakrynews.org\/index.php\/wp-json\/wp\/v2\/posts\/3482","targetHints":{"allow":["GET"]}}],"collection":[{"href":"https:\/\/conakrynews.org\/index.php\/wp-json\/wp\/v2\/posts"}],"about":[{"href":"https:\/\/conakrynews.org\/index.php\/wp-json\/wp\/v2\/types\/post"}],"author":[{"embeddable":true,"href":"https:\/\/conakrynews.org\/index.php\/wp-json\/wp\/v2\/users\/2"}],"replies":[{"embeddable":true,"href":"https:\/\/conakrynews.org\/index.php\/wp-json\/wp\/v2\/comments?post=3482"}],"version-history":[{"count":0,"href":"https:\/\/conakrynews.org\/index.php\/wp-json\/wp\/v2\/posts\/3482\/revisions"}],"wp:featuredmedia":[{"embeddable":true,"href":"https:\/\/conakrynews.org\/index.php\/wp-json\/wp\/v2\/media\/3483"}],"wp:attachment":[{"href":"https:\/\/conakrynews.org\/index.php\/wp-json\/wp\/v2\/media?parent=3482"}],"wp:term":[{"taxonomy":"category","embeddable":true,"href":"https:\/\/conakrynews.org\/index.php\/wp-json\/wp\/v2\/categories?post=3482"},{"taxonomy":"post_tag","embeddable":true,"href":"https:\/\/conakrynews.org\/index.php\/wp-json\/wp\/v2\/tags?post=3482"}],"curies":[{"name":"wp","href":"https:\/\/api.w.org\/{rel}","templated":true}]}}