{"id":34820,"date":"2025-07-27T12:06:20","date_gmt":"2025-07-27T12:06:20","guid":{"rendered":"https:\/\/conakrynews.org\/?p=34820"},"modified":"2025-07-27T12:06:20","modified_gmt":"2025-07-27T12:06:20","slug":"projet-de-nouvelle-constitution-le-premier-ministre-echange-avec-les-partenaires-sociaux","status":"publish","type":"post","link":"https:\/\/conakrynews.org\/index.php\/projet-de-nouvelle-constitution-le-premier-ministre-echange-avec-les-partenaires-sociaux\/","title":{"rendered":"Projet de Nouvelle Constitution :Le premier ministre \u00e9change avec les partenaires sociaux\u00a0"},"content":{"rendered":"<div class=\"x14z9mp xat24cr x1lziwak x1vvkbs xtlvy1s x126k92a\">\n<div dir=\"auto\"><\/div>\n<div dir=\"auto\"><\/div>\n<div dir=\"auto\"><\/div>\n<div dir=\"auto\"><\/div>\n<div dir=\"auto\">Dans le cadre de la campagne nationale de vulgarisation du projet de nouvelle Constitution, une rencontre d\u2019envergure s\u2019est tenue \u00e0 Conakry, sous la pr\u00e9sidence du\u00a0<span class=\"html-span xdj266r x14z9mp xat24cr x1lziwak xexx8yu xyri2b x18d9i69 x1c1uobl x1hl2dhg x16tdsg8 x1vvkbs\"><a class=\"x1i10hfl xjbqb8w x1ejq31n x18oe1m7 x1sy0etr xstzfhl x972fbf x10w94by x1qhh985 x14e42zd x9f619 x1ypdohk xt0psk2 xe8uvvx xdj266r x14z9mp xat24cr x1lziwak xexx8yu xyri2b x18d9i69 x1c1uobl x16tdsg8 x1hl2dhg xggy1nq x1a2a7pz xkrqix3 x1sur9pj x1fey0fg x1s688f\" role=\"link\" href=\"https:\/\/www.facebook.com\/PMGUINEE17?__cft__[0]=AZUDLTXZ3GmW661BfPu5E9Uq1CUElEksCvJc2VejY-FhTM8opxhl7Sp8mwecpHgnj65gFHCNdiGjkWgk2xCLNQI51IR6DdvkJS8uu_yND5aNhzZV94Uh7AGHCkMDWmcGsfL13AHEMf4tvrBugpdeBQVdJZEsavP0snD4drLYsoRWAoilAOEqcUdmcRCFeiJxxzw&amp;__tn__=-]K-R\"><span class=\"xt0psk2\"><span class=\"xjp7ctv\">Premier Ministre Amadou Oury BAH<\/span><\/span><\/a><\/span>, Amadou Oury BAH, avec les partenaires sociaux.<\/div>\n<\/div>\n<div class=\"x14z9mp xat24cr x1lziwak x1vvkbs xtlvy1s x126k92a\">\n<div dir=\"auto\">Objectif : favoriser une compr\u00e9hension approfondie et susciter une adh\u00e9sion citoyenne autour de ce texte fondamental, en perspective du r\u00e9f\u00e9rendum pr\u00e9vu le 21 septembre prochain.<\/div>\n<\/div>\n<div class=\"x14z9mp xat24cr x1lziwak x1vvkbs xtlvy1s x126k92a\">\n<div dir=\"auto\">Devant une assembl\u00e9e nombreuse et attentive, compos\u00e9e de repr\u00e9sentants syndicaux, de travailleurs et de leaders d\u2019opinion, le Premier ministre a soulign\u00e9 la port\u00e9e historique de ce projet initi\u00e9 sous le leadership \u00e9clair\u00e9 du Pr\u00e9sident de la R\u00e9publique, le G\u00e9n\u00e9ral Mamadi Doumbouya.<\/div>\n<\/div>\n<div class=\"x14z9mp xat24cr x1lziwak x1vvkbs xtlvy1s x126k92a\">\n<div dir=\"auto\">\u00ab Il ne s\u2019agit pas simplement d\u2019un texte juridique, mais de l\u2019expression de notre histoire collective, de nos luttes sociales et politiques. Ce projet constitue le socle de la soci\u00e9t\u00e9 que nous voulons b\u00e2tir : une soci\u00e9t\u00e9 juste, inclusive et moderne \u00bb, a-t-il d\u00e9clar\u00e9.<\/div>\n<\/div>\n<div class=\"x14z9mp xat24cr x1lziwak x1vvkbs xtlvy1s x126k92a\">\n<div dir=\"auto\">Il a mis en lumi\u00e8re plusieurs avanc\u00e9es majeures pr\u00e9vues dans le texte, notamment :<\/div>\n<div dir=\"auto\"><span class=\"html-span xexx8yu xyri2b x18d9i69 x1c1uobl x1hl2dhg x16tdsg8 x1vvkbs x3nfvp2 x1j61x8r x1fcty0u xdj266r xat24cr xm2jcoa x1mpyi22 xxymvpz xlup9mm x1kky2od\"><img loading=\"lazy\" decoding=\"async\" class=\"xz74otr x15mokao x1ga7v0g x16uus16 xbiv7yw tie-appear\" src=\"https:\/\/static.xx.fbcdn.net\/images\/emoji.php\/v9\/t8d\/1\/16\/2611.png\" alt=\"\u2611\ufe0f\" width=\"16\" height=\"16\" \/><\/span>Le droit \u00e0 la sant\u00e9, au logement et \u00e0 la formation ;<\/div>\n<div dir=\"auto\"><span class=\"html-span xexx8yu xyri2b x18d9i69 x1c1uobl x1hl2dhg x16tdsg8 x1vvkbs x3nfvp2 x1j61x8r x1fcty0u xdj266r xat24cr xm2jcoa x1mpyi22 xxymvpz xlup9mm x1kky2od\"><img loading=\"lazy\" decoding=\"async\" class=\"xz74otr x15mokao x1ga7v0g x16uus16 xbiv7yw tie-appear\" src=\"https:\/\/static.xx.fbcdn.net\/images\/emoji.php\/v9\/t8d\/1\/16\/2611.png\" alt=\"\u2611\ufe0f\" width=\"16\" height=\"16\" \/><\/span>L\u2019obligation scolaire jusqu\u2019\u00e0 17 ans ;<\/div>\n<div dir=\"auto\"><span class=\"html-span xexx8yu xyri2b x18d9i69 x1c1uobl x1hl2dhg x16tdsg8 x1vvkbs x3nfvp2 x1j61x8r x1fcty0u xdj266r xat24cr xm2jcoa x1mpyi22 xxymvpz xlup9mm x1kky2od\"><img loading=\"lazy\" decoding=\"async\" class=\"xz74otr x15mokao x1ga7v0g x16uus16 xbiv7yw tie-appear\" src=\"https:\/\/static.xx.fbcdn.net\/images\/emoji.php\/v9\/t8d\/1\/16\/2611.png\" alt=\"\u2611\ufe0f\" width=\"16\" height=\"16\" \/><\/span>La libert\u00e9 syndicale et le droit \u00e0 un travail d\u00e9cent ;<\/div>\n<div dir=\"auto\"><span class=\"html-span xexx8yu xyri2b x18d9i69 x1c1uobl x1hl2dhg x16tdsg8 x1vvkbs x3nfvp2 x1j61x8r x1fcty0u xdj266r xat24cr xm2jcoa x1mpyi22 xxymvpz xlup9mm x1kky2od\"><img loading=\"lazy\" decoding=\"async\" class=\"xz74otr x15mokao x1ga7v0g x16uus16 xbiv7yw tie-appear\" src=\"https:\/\/static.xx.fbcdn.net\/images\/emoji.php\/v9\/t8d\/1\/16\/2611.png\" alt=\"\u2611\ufe0f\" width=\"16\" height=\"16\" \/><\/span>L\u2019institutionnalisation du dialogue social ;<\/div>\n<div dir=\"auto\"><span class=\"html-span xexx8yu xyri2b x18d9i69 x1c1uobl x1hl2dhg x16tdsg8 x1vvkbs x3nfvp2 x1j61x8r x1fcty0u xdj266r xat24cr xm2jcoa x1mpyi22 xxymvpz xlup9mm x1kky2od\"><img loading=\"lazy\" decoding=\"async\" class=\"xz74otr x15mokao x1ga7v0g x16uus16 xbiv7yw tie-appear\" src=\"https:\/\/static.xx.fbcdn.net\/images\/emoji.php\/v9\/t8d\/1\/16\/2611.png\" alt=\"\u2611\ufe0f\" width=\"16\" height=\"16\" \/><\/span>La cr\u00e9ation d\u2019un S\u00e9nat repr\u00e9sentatif des diversit\u00e9s nationales.<\/div>\n<\/div>\n<div dir=\"auto\"><\/div>\n<div dir=\"auto\"><strong>Avec CCG<\/strong><\/div>\n","protected":false},"excerpt":{"rendered":"<p>Dans le cadre de la campagne nationale de vulgarisation du projet de nouvelle Constitution, une rencontre d\u2019envergure s\u2019est tenue \u00e0 Conakry, sous la pr\u00e9sidence du\u00a0Premier Ministre Amadou Oury BAH, Amadou Oury BAH, avec les partenaires sociaux. Objectif : favoriser une compr\u00e9hension approfondie et susciter une adh\u00e9sion citoyenne autour de ce texte fondamental, en perspective du [&hellip;]<\/p>\n","protected":false},"author":2,"featured_media":34821,"comment_status":"closed","ping_status":"closed","sticky":false,"template":"","format":"standard","meta":{"footnotes":""},"categories":[57],"tags":[],"class_list":{"0":"post-34820","1":"post","2":"type-post","3":"status-publish","4":"format-standard","5":"has-post-thumbnail","7":"category-politique"},"_links":{"self":[{"href":"https:\/\/conakrynews.org\/index.php\/wp-json\/wp\/v2\/posts\/34820","targetHints":{"allow":["GET"]}}],"collection":[{"href":"https:\/\/conakrynews.org\/index.php\/wp-json\/wp\/v2\/posts"}],"about":[{"href":"https:\/\/conakrynews.org\/index.php\/wp-json\/wp\/v2\/types\/post"}],"author":[{"embeddable":true,"href":"https:\/\/conakrynews.org\/index.php\/wp-json\/wp\/v2\/users\/2"}],"replies":[{"embeddable":true,"href":"https:\/\/conakrynews.org\/index.php\/wp-json\/wp\/v2\/comments?post=34820"}],"version-history":[{"count":0,"href":"https:\/\/conakrynews.org\/index.php\/wp-json\/wp\/v2\/posts\/34820\/revisions"}],"wp:featuredmedia":[{"embeddable":true,"href":"https:\/\/conakrynews.org\/index.php\/wp-json\/wp\/v2\/media\/34821"}],"wp:attachment":[{"href":"https:\/\/conakrynews.org\/index.php\/wp-json\/wp\/v2\/media?parent=34820"}],"wp:term":[{"taxonomy":"category","embeddable":true,"href":"https:\/\/conakrynews.org\/index.php\/wp-json\/wp\/v2\/categories?post=34820"},{"taxonomy":"post_tag","embeddable":true,"href":"https:\/\/conakrynews.org\/index.php\/wp-json\/wp\/v2\/tags?post=34820"}],"curies":[{"name":"wp","href":"https:\/\/api.w.org\/{rel}","templated":true}]}}