{"id":34866,"date":"2025-07-29T19:12:32","date_gmt":"2025-07-29T19:12:32","guid":{"rendered":"https:\/\/conakrynews.org\/?p=34866"},"modified":"2025-07-29T19:12:32","modified_gmt":"2025-07-29T19:12:32","slug":"presidentielle-en-cote-divoire-le-chef-de-letat-sortant-alassane-ouattara-annonce-sa-candidature","status":"publish","type":"post","link":"https:\/\/conakrynews.org\/index.php\/presidentielle-en-cote-divoire-le-chef-de-letat-sortant-alassane-ouattara-annonce-sa-candidature\/","title":{"rendered":"Pr\u00e9sidentielle en C\u00f4te d\u2019Ivoire: le chef de l\u2019\u00c9tat sortant Alassane Ouattara annonce sa candidature"},"content":{"rendered":"<h1 class=\"name post-title entry-title\"><\/h1>\n<p class=\"post-meta\">\n<div class=\"clear\"><\/div>\n<div class=\"entry\">\n<p>Alassane Ouattara, pr\u00e9sident de la C\u00f4te d\u2019Ivoire depuis 2011, a annonc\u00e9 ce mardi 29 juillet dans une allocution film\u00e9e qu\u2019il serait candidat \u00e0 sa propre succession dans trois mois.<\/p>\n<p>Apr\u00e8s avoir \u00e9t\u00e9 \u00e9lu en 2010, en 2015 et en 2025, Alassane Ouattara est en lice pour un quatri\u00e8me mandat. \u00ab\u00a0<em>Apr\u00e8s m\u00fbre r\u00e9flexion et en toute conscience, je vous annonce aujourd\u2019hui que j\u2019ai d\u00e9cid\u00e9 d\u2019\u00eatre candidat \u00e0 l\u2019\u00e9lection pr\u00e9sidentielle du 25 octobre 2025\u00a0<\/em>\u00bb, a-t-il annonc\u00e9 ce mardi sur les r\u00e9seaux sociaux.<\/p>\n<p>\u00ab\u00a0<em>Notre pays fait face \u00e0 des d\u00e9fis s\u00e9curitaires, \u00e9conomiques et mon\u00e9taires sans pr\u00e9c\u00e9dent dont la gestion exige de l\u2019exp\u00e9rience<\/em>.\u00a0<em>En effet, la menace terroriste grandit dans la sous-r\u00e9gion et les incertitudes \u00e9conomiques au niveau international constituent un risque pour notre pays<\/em>\u00a0\u00bb, a affirm\u00e9 le chef de l\u2019\u00c9tat. \u00c0 83 ans, il\u00a0estime avoir la \u00ab\u00a0<em>sant\u00e9<\/em>\u00a0\u00bb pour un nouveau mandat\u00a0<em>qui\u00a0<\/em>\u00ab\u00a0<em>sera celui de la<\/em>\u00a0<em>transmission g\u00e9n\u00e9rationnelle<\/em>\u00a0\u00bb.<\/p>\n<p>Alassane Ouattara promet des \u00e9lections apais\u00e9es, d\u00e9mocratiques et transparentes, alors que l\u2019opposition d\u00e9nonce le processus \u00e9lectoral, notamment en raison du rejet de plusieurs candidatures, dont celles de Tidjane Thiam et de l\u2019ancien pr\u00e9sident Laurent Gbagbo.<\/p>\n<p>Alassane Ouattara avait \u00e9t\u00e9 d\u00e9sign\u00e9 candidat du Rassemblement des houphou\u00ebtistes pour la d\u00e9mocratie et la paix (RHDP) lors du congr\u00e8s du RHDP le 21 juin dernier.<\/p>\n<p>&nbsp;<\/p>\n<p><strong>Avec AFP<\/strong><\/p>\n<\/div>\n<div class=\"share-post\">\n<p>&nbsp;<\/p>\n<\/div>\n","protected":false},"excerpt":{"rendered":"<p>Alassane Ouattara, pr\u00e9sident de la C\u00f4te d\u2019Ivoire depuis 2011, a annonc\u00e9 ce mardi 29 juillet dans une allocution film\u00e9e qu\u2019il serait candidat \u00e0 sa propre succession dans trois mois. Apr\u00e8s avoir \u00e9t\u00e9 \u00e9lu en 2010, en 2015 et en 2025, Alassane Ouattara est en lice pour un quatri\u00e8me mandat. \u00ab\u00a0Apr\u00e8s m\u00fbre r\u00e9flexion et en toute [&hellip;]<\/p>\n","protected":false},"author":2,"featured_media":34867,"comment_status":"closed","ping_status":"closed","sticky":false,"template":"","format":"standard","meta":{"footnotes":""},"categories":[57],"tags":[],"class_list":{"0":"post-34866","1":"post","2":"type-post","3":"status-publish","4":"format-standard","5":"has-post-thumbnail","7":"category-politique"},"_links":{"self":[{"href":"https:\/\/conakrynews.org\/index.php\/wp-json\/wp\/v2\/posts\/34866","targetHints":{"allow":["GET"]}}],"collection":[{"href":"https:\/\/conakrynews.org\/index.php\/wp-json\/wp\/v2\/posts"}],"about":[{"href":"https:\/\/conakrynews.org\/index.php\/wp-json\/wp\/v2\/types\/post"}],"author":[{"embeddable":true,"href":"https:\/\/conakrynews.org\/index.php\/wp-json\/wp\/v2\/users\/2"}],"replies":[{"embeddable":true,"href":"https:\/\/conakrynews.org\/index.php\/wp-json\/wp\/v2\/comments?post=34866"}],"version-history":[{"count":0,"href":"https:\/\/conakrynews.org\/index.php\/wp-json\/wp\/v2\/posts\/34866\/revisions"}],"wp:featuredmedia":[{"embeddable":true,"href":"https:\/\/conakrynews.org\/index.php\/wp-json\/wp\/v2\/media\/34867"}],"wp:attachment":[{"href":"https:\/\/conakrynews.org\/index.php\/wp-json\/wp\/v2\/media?parent=34866"}],"wp:term":[{"taxonomy":"category","embeddable":true,"href":"https:\/\/conakrynews.org\/index.php\/wp-json\/wp\/v2\/categories?post=34866"},{"taxonomy":"post_tag","embeddable":true,"href":"https:\/\/conakrynews.org\/index.php\/wp-json\/wp\/v2\/tags?post=34866"}],"curies":[{"name":"wp","href":"https:\/\/api.w.org\/{rel}","templated":true}]}}