{"id":34872,"date":"2025-07-29T20:03:43","date_gmt":"2025-07-29T20:03:43","guid":{"rendered":"https:\/\/conakrynews.org\/?p=34872"},"modified":"2025-07-29T20:03:43","modified_gmt":"2025-07-29T20:03:43","slug":"frappee-par-une-vague-de-chaleur-la-turquie-fait-face-a-plusieurs-incendies-majeurs","status":"publish","type":"post","link":"https:\/\/conakrynews.org\/index.php\/frappee-par-une-vague-de-chaleur-la-turquie-fait-face-a-plusieurs-incendies-majeurs\/","title":{"rendered":"Frapp\u00e9e par une vague de chaleur, la Turquie fait face \u00e0 plusieurs incendies majeurs"},"content":{"rendered":"<h1 class=\"name post-title entry-title\"><\/h1>\n<p class=\"post-meta\">\n<div class=\"clear\"><\/div>\n<div class=\"entry\">\n<p>La Turquie est frapp\u00e9e par une vague de chaleur in\u00e9dite. Le mercure a atteint un niveau historique avec 50,5\u00b0C vendredi 25 juillet \u00e0 Silopi. Une canicule qui va se poursuivre cette semaine avec 40 \u00e0 45\u00b0C en Anatolie centrale et 45 \u00e0 50\u00b0C annonc\u00e9s dans le sud-est mardi 29 juillet. Alors que les vagues de chaleur favorisent les feux de for\u00eat, plusieurs incendies ravagent une partie du pays. Plusieurs foyers menacent notamment Bursa, la quatri\u00e8me ville du pays.<\/p>\n<p>En\u00a0<strong><a href=\"https:\/\/www.rfi.fr\/fr\/tag\/turquie\/\" target=\"_self\" rel=\"noopener noreferrer\">Turquie<\/a><\/strong>, cela fait maintenant trois jours que les pompiers bataillent contre trois foyers autour de Bursa, quatri\u00e8me ville du pays et vaste site industriel dans le nord-ouest.\u00a0Des milliers de personnes ont \u00e9t\u00e9 \u00e9vacu\u00e9es et d\u2019importants moyens ont \u00e9t\u00e9 engag\u00e9s pour lutter contre ces feux : 850 v\u00e9hicules, six avions et quatre h\u00e9licopt\u00e8res. Mais la force du vent m\u00e9diterran\u00e9en a rendu leur utilisation difficile, a fait valoir le ministre de l\u2019Agriculture et des for\u00eats, Ibrahim Yumakli.<\/p>\n<p>Les habitants se mobilisent en acheminant des citernes tir\u00e9es par leurs tracteurs. Des images de t\u00e9l\u00e9vision montrent m\u00eame des riverains accourant, verres d\u2019eau en main, face aux brasiers. Depuis la semaine derni\u00e8re, quatorze personnes ont p\u00e9ri en combattant les\u00a0<strong><a href=\"https:\/\/www.rfi.fr\/fr\/tag\/catastrophes-naturelles\/\" target=\"_self\" rel=\"noopener noreferrer\">incendies<\/a><\/strong>.<\/p>\n<h2>\u00ab\u00a0<em>96% de ces incendies ont \u00e9t\u00e9 caus\u00e9s par l\u2019activit\u00e9 humaine<\/em>\u00a0\u00bb<\/h2>\n<p>Selon le pr\u00e9sident\u00a0<strong><a href=\"https:\/\/www.rfi.fr\/fr\/tag\/recep-tayyip-erdogan\/\" target=\"_self\" rel=\"noopener noreferrer\">Recep Tayyip Erdogan<\/a><\/strong>, plus de 3 100 feux se sont d\u00e9j\u00e0 d\u00e9clar\u00e9s depuis le d\u00e9but de l\u2019\u00e9t\u00e9 en Turquie. \u00ab\u00a0<em>96% de ces incendies ont \u00e9t\u00e9 caus\u00e9s par l\u2019activit\u00e9 humaine<\/em>\u00a0\u00bb a-t-il accus\u00e9, citant m\u00e9gots de cigarettes, pique-nique, verre abandonn\u00e9, chaumes br\u00fbl\u00e9s et \u00ab\u00a0<em>quelques cas de sabotage\u00a0<\/em>\u00bb. Les autorit\u00e9s ont pr\u00e9venu que la situation resterait critique jusqu\u2019en octobre.<\/p>\n<p>D\u2019un bout \u00e0 l\u2019autre de la\u00a0Turquie, dans les zones foresti\u00e8res et rurales, on craint de\u00a0<a href=\"https:\/\/www.rfi.fr\/fr\/europe\/20210808-en-turquie-les-incendies-frappent-de-plein-fouet-le-secteur-touristique\" target=\"_self\" rel=\"noopener noreferrer\"><strong>revivre la catastrophe de l\u2019\u00e9t\u00e9 2021<\/strong><\/a>, marqu\u00e9e par de violents incendies. Cette ann\u00e9e-l\u00e0, la Turquie avait perdu plus de 139\u00a0000 hectares de for\u00eats.<\/p>\n<p>Selon une \u00e9tude sur la d\u00e9sertification, publi\u00e9e dans un rapport de l\u2019ONU d\u00e9but juillet, 88% du territoire turc est expos\u00e9 au ph\u00e9nom\u00e8ne\u00a0: sous l\u2019effet du changement climatique, les pr\u00e9cipitations devraient diminuer d\u2019un tiers d\u2019ici \u00e0 la fin du si\u00e8cle et les temp\u00e9ratures augment\u00e9es de 5 \u00e0 6\u00b0C par rapport aux moyennes relev\u00e9es entre 1961-1990.<\/p>\n<p>&nbsp;<\/p>\n<p><strong>Avec RFI<\/strong><\/p>\n<\/div>\n","protected":false},"excerpt":{"rendered":"<p>La Turquie est frapp\u00e9e par une vague de chaleur in\u00e9dite. Le mercure a atteint un niveau historique avec 50,5\u00b0C vendredi 25 juillet \u00e0 Silopi. Une canicule qui va se poursuivre cette semaine avec 40 \u00e0 45\u00b0C en Anatolie centrale et 45 \u00e0 50\u00b0C annonc\u00e9s dans le sud-est mardi 29 juillet. Alors que les vagues de [&hellip;]<\/p>\n","protected":false},"author":2,"featured_media":34873,"comment_status":"closed","ping_status":"closed","sticky":false,"template":"","format":"standard","meta":{"footnotes":""},"categories":[58],"tags":[],"class_list":{"0":"post-34872","1":"post","2":"type-post","3":"status-publish","4":"format-standard","5":"has-post-thumbnail","7":"category-societe"},"_links":{"self":[{"href":"https:\/\/conakrynews.org\/index.php\/wp-json\/wp\/v2\/posts\/34872","targetHints":{"allow":["GET"]}}],"collection":[{"href":"https:\/\/conakrynews.org\/index.php\/wp-json\/wp\/v2\/posts"}],"about":[{"href":"https:\/\/conakrynews.org\/index.php\/wp-json\/wp\/v2\/types\/post"}],"author":[{"embeddable":true,"href":"https:\/\/conakrynews.org\/index.php\/wp-json\/wp\/v2\/users\/2"}],"replies":[{"embeddable":true,"href":"https:\/\/conakrynews.org\/index.php\/wp-json\/wp\/v2\/comments?post=34872"}],"version-history":[{"count":0,"href":"https:\/\/conakrynews.org\/index.php\/wp-json\/wp\/v2\/posts\/34872\/revisions"}],"wp:featuredmedia":[{"embeddable":true,"href":"https:\/\/conakrynews.org\/index.php\/wp-json\/wp\/v2\/media\/34873"}],"wp:attachment":[{"href":"https:\/\/conakrynews.org\/index.php\/wp-json\/wp\/v2\/media?parent=34872"}],"wp:term":[{"taxonomy":"category","embeddable":true,"href":"https:\/\/conakrynews.org\/index.php\/wp-json\/wp\/v2\/categories?post=34872"},{"taxonomy":"post_tag","embeddable":true,"href":"https:\/\/conakrynews.org\/index.php\/wp-json\/wp\/v2\/tags?post=34872"}],"curies":[{"name":"wp","href":"https:\/\/api.w.org\/{rel}","templated":true}]}}