{"id":3496,"date":"2019-12-14T10:37:12","date_gmt":"2019-12-14T09:37:12","guid":{"rendered":"https:\/\/conakrynews.org\/?p=3496"},"modified":"2019-12-14T10:38:29","modified_gmt":"2019-12-14T09:38:29","slug":"assemblee-elective-ucesif-a-conakry-lumiere-homme","status":"publish","type":"post","link":"https:\/\/conakrynews.org\/index.php\/assemblee-elective-ucesif-a-conakry-lumiere-homme\/","title":{"rendered":"Assembl\u00e9e \u00e9lective (UCESIF) \u00e0 Conakry : \u2018\u2019Lumi\u00e8re sur un homme\u2019\u2019"},"content":{"rendered":"<p><strong>A l\u2019occasion de l\u2019assembl\u00e9e g\u00e9n\u00e9rale \u00e9lective de l\u2019Union des Conseils \u00c9conomiques et Sociaux et Institutions Similaires des \u00c9tats et Gouvernements membres de la Francophonie (UCESIF),\u00a0 s\u2019est r\u00e9cemment tenue le mercredi, 04 D\u00e9cembre 2019 \u00e0 Conakry, dans un r\u00e9ceptif h\u00f4telier de la place. Dans l\u2019organisation de ce grand \u00e9v\u00e9nement \u00e0 dimension internationale,\u00a0 un des conseiller du\u00a0 Conseil \u00e9conomique et Social et \u00e9galement pr\u00e9sident du\u00a0 CNP-Guin\u00e9e (Conseil National du Patronat Guin\u00e9en), s\u2019est fait distinguer par sa capacit\u00e9 manag\u00e9riale, sa vision et sa prouesse\u00a0 en mati\u00e8re organisationnelle. <\/strong><\/p>\n<p>Cette rencontre internationale \u00e9tait un \u00e9v\u00e9nement d\u2019une grande envergure, organis\u00e9e en Guin\u00e9e. Pour donner une autre coloration \u00e0 ladite rencontre, elle a \u00e9t\u00e9 plac\u00e9e sous\u00a0 la pr\u00e9sidence du Premier ministre, Chef du Gouvernement, Dr Ibrahima Kassory Fofana. On notait \u00e9galement la participation de plusieurs personnalit\u00e9s notamment, les repr\u00e9sentants de plusieurs pays Africains et Europ\u00e9ens, ceux des institutions r\u00e9publicaines ainsi que les corps diplomatiques et consulaires\u00a0 accr\u00e9dit\u00e9s en r\u00e9publique de Guin\u00e9e. Il\u00a0 a \u00e9t\u00e9 question de faire le bilan du pr\u00e9sident en exercice et transf\u00e9rer\u00a0 la pr\u00e9sidence \u00e0 la Guin\u00e9e, pr\u00e9cis\u00e9ment \u00e0 Madame la pr\u00e9sidente\u00a0 du Conseil \u00e9conomique et\u00a0 Social, Hadja Rabiatou Serah Diallo, qui dirige d\u00e9sormais les destin\u00e9es de cette institution pour une dur\u00e9e de deux (2) ans (2019-2021).<\/p>\n<p>Durant cette grandioses Assembl\u00e9e G\u00e9n\u00e9rale \u00e9lective de l\u2019UCESIF \u00e0 Conakry, (Union des Conseils \u00c9conomiques et Sociaux et Institutions Similaires des \u00c9tats et Gouvernements membres de la Francophonie), un homme s\u2019est fait remarquer. C\u2019est l\u2019un des conseillers du Conseil \u00e9conomique et Social de la Guin\u00e9e et \u00e9galement pr\u00e9sident du Conseil National du Patronat Guin\u00e9en en abr\u00e9g\u00e9 CNP-Guin\u00e9e. Son nom\u00a0: El Hadj Mohamed Habib Hann. Ce personnage, bien connu dans le pays \u00e0 cause de\u00a0 son dynamisme, sa rigueur et son efficacit\u00e9,\u00a0 selon\u00a0\u00a0 de nombreux observateurs, aura \u00e9t\u00e9 incontestablement l\u2019homme de la situation. Au cours de cette rencontre, l\u2019homme a \u00e9t\u00e9 pl\u00e9biscit\u00e9 par plus d\u2019un, non seulement pour son talent mais \u00e9galement pour\u00a0 sa vision et sa capacit\u00e9 manag\u00e9riale et organisationnelle qu\u2019on ne saurait taire sans lui rendre cet honneur m\u00e9ritant.<\/p>\n<p>&nbsp;<\/p>\n<p>Il faut reconna\u00eetre que l\u2019organisation \u00e0 Conakry\u00a0 de cette derni\u00e8re Assembl\u00e9e G\u00e9n\u00e9rale de\u00a0\u00a0 l\u2019Union des Conseils \u00c9conomiques et Sociaux et Institutions Similaires des \u00c9tats et Gouvernements membres de la Francophonie (UCESIF) a \u00e9t\u00e9 une r\u00e9ussite totale. Et l\u2019on ne saurait attribuer ce succ\u00e8s\u00a0\u00a0\u00a0 sans parler autant\u00a0 forcement de l\u2019un des artisans de cette organisation, il s\u2019agit d\u2019El Hadj Mohamed Habib Hann, conseiller au CES de la Guin\u00e9e et\u00a0 \u00e9galement pr\u00e9sident du CNP-Guin\u00e9e.<\/p>\n<p>&nbsp;<\/p>\n<p>Donc, il est important\u00a0 aujourd\u2019hui pour toutes les personnes de bonne \u00a0foi\u00a0\u00a0 de saluer les\u00a0 nobles efforts du pr\u00e9sident du Patronat Guin\u00e9en El Hadj Mohamed Habib Hann. Parce que cet homme\u00a0 reste et demeure un cadre int\u00e8gre qui\u00a0 se bat\u00a0 \u00e9galement pour la r\u00e9ussite et le bien \u00eatre du secteur\u00a0 priv\u00e9 de la Guin\u00e9e.<\/p>\n<p><strong>Sylla Ibrahima Kalil pour <a href=\"https:\/\/conakrynews.org\">www.conakrynews.org<\/a> 625444534<\/strong><\/p>\n<p>&nbsp;<\/p>\n<p>&nbsp;<\/p>\n<p><img loading=\"lazy\" decoding=\"async\" class=\"alignright size-medium wp-image-3497\" src=\"https:\/\/conakrynews.org\/wp-content\/uploads\/2019\/12\/election-2-515x350.jpg\" alt=\"\" width=\"515\" height=\"350\" srcset=\"https:\/\/conakrynews.org\/wp-content\/uploads\/2019\/12\/election-2-515x350.jpg 515w, https:\/\/conakrynews.org\/wp-content\/uploads\/2019\/12\/election-2-768x522.jpg 768w, https:\/\/conakrynews.org\/wp-content\/uploads\/2019\/12\/election-2.jpg 1438w\" sizes=\"auto, (max-width: 515px) 100vw, 515px\" \/><img loading=\"lazy\" decoding=\"async\" class=\"alignright size-medium wp-image-3498\" src=\"https:\/\/conakrynews.org\/wp-content\/uploads\/2019\/12\/election-3-512x375.jpg\" alt=\"\" width=\"512\" height=\"375\" srcset=\"https:\/\/conakrynews.org\/wp-content\/uploads\/2019\/12\/election-3-512x375.jpg 512w, https:\/\/conakrynews.org\/wp-content\/uploads\/2019\/12\/election-3-768x562.jpg 768w, https:\/\/conakrynews.org\/wp-content\/uploads\/2019\/12\/election-3-430x315.jpg 430w, https:\/\/conakrynews.org\/wp-content\/uploads\/2019\/12\/election-3-275x200.jpg 275w, https:\/\/conakrynews.org\/wp-content\/uploads\/2019\/12\/election-3.jpg 1436w\" sizes=\"auto, (max-width: 512px) 100vw, 512px\" \/> <img loading=\"lazy\" decoding=\"async\" class=\"alignright size-medium wp-image-3499\" src=\"https:\/\/conakrynews.org\/wp-content\/uploads\/2019\/12\/election-4-515x345.jpg\" alt=\"\" width=\"515\" height=\"345\" srcset=\"https:\/\/conakrynews.org\/wp-content\/uploads\/2019\/12\/election-4-515x345.jpg 515w, https:\/\/conakrynews.org\/wp-content\/uploads\/2019\/12\/election-4-768x515.jpg 768w, https:\/\/conakrynews.org\/wp-content\/uploads\/2019\/12\/election-4.jpg 1423w\" sizes=\"auto, (max-width: 515px) 100vw, 515px\" \/><\/p>\n","protected":false},"excerpt":{"rendered":"<p>A l\u2019occasion de l\u2019assembl\u00e9e g\u00e9n\u00e9rale \u00e9lective de l\u2019Union des Conseils \u00c9conomiques et Sociaux et Institutions Similaires des \u00c9tats et Gouvernements membres de la Francophonie (UCESIF),\u00a0 s\u2019est r\u00e9cemment tenue le mercredi, 04 D\u00e9cembre 2019 \u00e0 Conakry, dans un r\u00e9ceptif h\u00f4telier de la place. Dans l\u2019organisation de ce grand \u00e9v\u00e9nement \u00e0 dimension internationale,\u00a0 un des conseiller du\u00a0 [&hellip;]<\/p>\n","protected":false},"author":2,"featured_media":3498,"comment_status":"open","ping_status":"open","sticky":false,"template":"","format":"standard","meta":{"footnotes":""},"categories":[1],"tags":[],"class_list":{"0":"post-3496","1":"post","2":"type-post","3":"status-publish","4":"format-standard","5":"has-post-thumbnail","7":"category-non-classe"},"_links":{"self":[{"href":"https:\/\/conakrynews.org\/index.php\/wp-json\/wp\/v2\/posts\/3496","targetHints":{"allow":["GET"]}}],"collection":[{"href":"https:\/\/conakrynews.org\/index.php\/wp-json\/wp\/v2\/posts"}],"about":[{"href":"https:\/\/conakrynews.org\/index.php\/wp-json\/wp\/v2\/types\/post"}],"author":[{"embeddable":true,"href":"https:\/\/conakrynews.org\/index.php\/wp-json\/wp\/v2\/users\/2"}],"replies":[{"embeddable":true,"href":"https:\/\/conakrynews.org\/index.php\/wp-json\/wp\/v2\/comments?post=3496"}],"version-history":[{"count":0,"href":"https:\/\/conakrynews.org\/index.php\/wp-json\/wp\/v2\/posts\/3496\/revisions"}],"wp:featuredmedia":[{"embeddable":true,"href":"https:\/\/conakrynews.org\/index.php\/wp-json\/wp\/v2\/media\/3498"}],"wp:attachment":[{"href":"https:\/\/conakrynews.org\/index.php\/wp-json\/wp\/v2\/media?parent=3496"}],"wp:term":[{"taxonomy":"category","embeddable":true,"href":"https:\/\/conakrynews.org\/index.php\/wp-json\/wp\/v2\/categories?post=3496"},{"taxonomy":"post_tag","embeddable":true,"href":"https:\/\/conakrynews.org\/index.php\/wp-json\/wp\/v2\/tags?post=3496"}],"curies":[{"name":"wp","href":"https:\/\/api.w.org\/{rel}","templated":true}]}}