{"id":34969,"date":"2025-08-03T09:11:54","date_gmt":"2025-08-03T09:11:54","guid":{"rendered":"https:\/\/conakrynews.org\/?p=34969"},"modified":"2025-08-03T09:11:54","modified_gmt":"2025-08-03T09:11:54","slug":"justice-jappelle-humblement-toutes-les-juridictions-a-sinspirer-davantage-du-professionnalisme-du-tribunal-du-travail-kaly-diallo","status":"publish","type":"post","link":"https:\/\/conakrynews.org\/index.php\/justice-jappelle-humblement-toutes-les-juridictions-a-sinspirer-davantage-du-professionnalisme-du-tribunal-du-travail-kaly-diallo\/","title":{"rendered":"Justice : \u00ab j\u2019appelle humblement toutes les juridictions \u00e0 s\u2019inspirer davantage du professionnalisme du Tribunal du Travail \u00bb (Kaly Diallo)"},"content":{"rendered":"<div class=\"post-header post-tp-1-header\">\n<h1 class=\"single-post-title\"><\/h1>\n<\/div>\n<div class=\"better-studio-shortcode bs-push-noti bspn-s1 bspn-t1 clearfix post-top  \">\n<div class=\"bs-push-noti-inner\">\n<div class=\"bs-push-noti-bg\"><\/div>\n<\/div>\n<\/div>\n<div class=\"entry-content clearfix single-post-content\">\n<div class=\"vzop vzop-post-top vzop-float-center vzop-align-center vzop-column-1 vzop-clearfix no-bg-box-model\">\n<div id=\"vzop-223661-16215122\" class=\"vzop-container vzop-type-custom_code \" data-adid=\"223661\" data-type=\"custom_code\"><ins class=\"adsbygoogle\" data-ad-client=\"ca-pub-1870189416508001\" data-ad-slot=\"4596184177\" data-ad-format=\"auto\" data-full-width-responsive=\"true\" data-adsbygoogle-status=\"done\" data-ad-status=\"unfilled\"><\/p>\n<div id=\"aswift_0_host\"><\/div>\n<p><\/ins><\/div>\n<\/div>\n<div class=\"google-auto-placed\"><ins class=\"adsbygoogle adsbygoogle-noablate\" data-ad-format=\"auto\" data-ad-client=\"ca-pub-1870189416508001\" data-adsbygoogle-status=\"done\" data-ad-status=\"unfilled\"><\/p>\n<div id=\"aswift_8_host\"><\/div>\n<p><\/ins><\/div>\n<p>A travers une d\u00e9cision rendue jeudi, le Tribunal du travail a r\u00e9tabli l\u2019activiste des droits de l\u2019Homme Mamadou Kaly Diallo face \u00e0 la d\u00e9fenderesse, le Programme D\u00e9mocratie Sans Violence\/Ba\u00efonnette Intelligente (DSV\/BI), devenu WFD-Guin\u00e9e. Cette juridiction a condamn\u00e9 celle-ci \u00e0 lui verser le montant de deux-cent soixante-six millions cinq cent quatre-vingt mille francs guin\u00e9ens (266 580 000 GNF) pour des faits de \u2018\u2019licenciement abusif, sans cause r\u00e9elle et s\u00e9rieuse, et intervenu en violation de la proc\u00e9dure l\u00e9gale\u2019\u2019 d\u2019une part, et la somme de vingt millions de francs guin\u00e9ens (20 000 000 GNF) \u00e0 titre de dommages et int\u00e9r\u00eats pour le pr\u00e9judice moral d\u2019autre part.<\/p>\n<div class=\"google-auto-placed ap_container\"><ins class=\"adsbygoogle adsbygoogle-noablate\" data-ad-format=\"auto\" data-ad-client=\"ca-pub-1870189416508001\" data-adsbygoogle-status=\"done\" data-ad-status=\"unfilled\"><\/p>\n<div id=\"aswift_5_host\"><\/div>\n<p><\/ins><\/div>\n<p>Aussit\u00f4t le verdict prononc\u00e9 par le juge, le plaignant se dit soulag\u00e9. \u00ab Tout d\u2019abord,\u00a0 je rends gr\u00e2ce\u00a0 au Tout-Puissant Allah dans sa cl\u00e9mence et sa mis\u00e9ricorde. Ensuite, je f\u00e9licite et remercie chaleureusement mon \u00e9minent et brillant avocat,\u00a0 en la personne de Me Alpha Amadou DS Bah, qui s\u2019est vaillamment battu afin que mon honneur et ma dignit\u00e9 soient r\u00e9tablis \u00e0 travers cette d\u00e9cision juste et salutaire du Tribunal du travail de la R\u00e9publique de Guin\u00e9e. En outre, je salue le professionnalisme du Tribunal du travail\u00a0 qui est en train\u00a0 de faire des prouesses dans le cadre\u00a0 de la\u00a0 promotion du droit social et de la protection des droits des travailleurs \u00bb, a-t-il d\u00e9clar\u00e9.<\/p>\n<div class=\"google-auto-placed ap_container\"><ins class=\"adsbygoogle adsbygoogle-noablate\" data-ad-format=\"auto\" data-ad-client=\"ca-pub-1870189416508001\" data-adsbygoogle-status=\"done\" data-ad-status=\"unfilled\"><\/p>\n<div id=\"aswift_6_host\"><\/div>\n<p><\/ins><\/div>\n<p>Pour ce jeune, c\u2019est un bon signal que vient de faire le Tribunal du travail. Son souhait aujourd\u2019hui, c\u2019est de voir les autres juridictions, \u00e0 travers le pays, lui embo\u00eeter le pas face aux hors-la-loi. D\u2019o\u00f9 cet appel. \u00ab J\u2019appelle humblement toutes les juridictions \u00e0 s\u2019inspirer davantage du professionnalisme de ce tribunal du travail \u00e0 l\u2019effet de contribuer efficacement \u00e0 l\u2019instauration d\u2019un v\u00e9ritable Etat de droit en Republique de Guin\u00e9e \u00bb, plaide Mamadou Kaly Diallo qui esp\u00e8re que la partie condamn\u00e9e s\u2019ex\u00e9cutera.<\/p>\n<div class=\"google-auto-placed ap_container\"><ins class=\"adsbygoogle adsbygoogle-noablate\" data-ad-format=\"auto\" data-ad-client=\"ca-pub-1870189416508001\" data-adsbygoogle-status=\"done\" data-ad-status=\"unfilled\"><\/p>\n<div id=\"aswift_7_host\"><\/div>\n<p><\/ins><\/div>\n<div class=\"vzop vzop-post-inline vzop-float-center vzop-align-center vzop-column-1 vzop-hide-on-tablet-portrait vzop-hide-on-tablet-landscape vzop-hide-on-desktop vzop-clearfix no-bg-box-model\">\n<div id=\"vzop-231298-1100637168\" class=\"vzop-container vzop-type-custom_code  vzop-hide-on-desktop vzop-hide-on-tablet-portrait vzop-hide-on-tablet-landscape\" data-adid=\"231298\" data-type=\"custom_code\"><ins class=\"adsbygoogle\" data-ad-client=\"ca-pub-1870189416508001\" data-ad-slot=\"4596184177\" data-ad-format=\"auto\" data-full-width-responsive=\"true\" data-adsbygoogle-status=\"done\" data-ad-status=\"unfilled\"><\/p>\n<div id=\"aswift_1_host\"><\/div>\n<p><\/ins><\/div>\n<\/div>\n<div class=\"vzop vzop-post-middle vzop-float-center vzop-align-center vzop-column-1 vzop-clearfix no-bg-box-model\">\n<div id=\"vzop-223661-467862744\" class=\"vzop-container vzop-type-custom_code \" data-adid=\"223661\" data-type=\"custom_code\"><ins class=\"adsbygoogle\" data-ad-client=\"ca-pub-1870189416508001\" data-ad-slot=\"4596184177\" data-ad-format=\"auto\" data-full-width-responsive=\"true\" data-adsbygoogle-status=\"done\" data-ad-status=\"unfilled\"><\/p>\n<div id=\"aswift_2_host\"><\/div>\n<p><\/ins><\/div>\n<\/div>\n<p>Nous avons tent\u00e9 en vain de joindre Mme Aminata Germer pour sa r\u00e9action. En attendant, il reste \u00e0 savoir si cette repr\u00e9sentante du Programme D\u00e9mocratie Sans Violence\/Ba\u00efonnette Intelligente (DSV\/BI), devenu WFD-Guin\u00e9e, va relever appel ou pas de la d\u00e9cision du Tribunal du travail.<\/p>\n<p>Saidou L\u00e9b\u00ear\u00e9<\/p>\n<\/div>\n","protected":false},"excerpt":{"rendered":"<p>A travers une d\u00e9cision rendue jeudi, le Tribunal du travail a r\u00e9tabli l\u2019activiste des droits de l\u2019Homme Mamadou Kaly Diallo face \u00e0 la d\u00e9fenderesse, le Programme D\u00e9mocratie Sans Violence\/Ba\u00efonnette Intelligente (DSV\/BI), devenu WFD-Guin\u00e9e. Cette juridiction a condamn\u00e9 celle-ci \u00e0 lui verser le montant de deux-cent soixante-six millions cinq cent quatre-vingt mille francs guin\u00e9ens (266 580 [&hellip;]<\/p>\n","protected":false},"author":2,"featured_media":34970,"comment_status":"closed","ping_status":"closed","sticky":false,"template":"","format":"standard","meta":{"footnotes":""},"categories":[58],"tags":[],"class_list":{"0":"post-34969","1":"post","2":"type-post","3":"status-publish","4":"format-standard","5":"has-post-thumbnail","7":"category-societe"},"_links":{"self":[{"href":"https:\/\/conakrynews.org\/index.php\/wp-json\/wp\/v2\/posts\/34969","targetHints":{"allow":["GET"]}}],"collection":[{"href":"https:\/\/conakrynews.org\/index.php\/wp-json\/wp\/v2\/posts"}],"about":[{"href":"https:\/\/conakrynews.org\/index.php\/wp-json\/wp\/v2\/types\/post"}],"author":[{"embeddable":true,"href":"https:\/\/conakrynews.org\/index.php\/wp-json\/wp\/v2\/users\/2"}],"replies":[{"embeddable":true,"href":"https:\/\/conakrynews.org\/index.php\/wp-json\/wp\/v2\/comments?post=34969"}],"version-history":[{"count":0,"href":"https:\/\/conakrynews.org\/index.php\/wp-json\/wp\/v2\/posts\/34969\/revisions"}],"wp:featuredmedia":[{"embeddable":true,"href":"https:\/\/conakrynews.org\/index.php\/wp-json\/wp\/v2\/media\/34970"}],"wp:attachment":[{"href":"https:\/\/conakrynews.org\/index.php\/wp-json\/wp\/v2\/media?parent=34969"}],"wp:term":[{"taxonomy":"category","embeddable":true,"href":"https:\/\/conakrynews.org\/index.php\/wp-json\/wp\/v2\/categories?post=34969"},{"taxonomy":"post_tag","embeddable":true,"href":"https:\/\/conakrynews.org\/index.php\/wp-json\/wp\/v2\/tags?post=34969"}],"curies":[{"name":"wp","href":"https:\/\/api.w.org\/{rel}","templated":true}]}}