{"id":35013,"date":"2025-08-05T12:18:20","date_gmt":"2025-08-05T12:18:20","guid":{"rendered":"https:\/\/conakrynews.org\/?p=35013"},"modified":"2025-08-05T12:18:20","modified_gmt":"2025-08-05T12:18:20","slug":"referendum-constitutionnel-tout-ce-quil-faut-savoir-avant-le-jour-j","status":"publish","type":"post","link":"https:\/\/conakrynews.org\/index.php\/referendum-constitutionnel-tout-ce-quil-faut-savoir-avant-le-jour-j\/","title":{"rendered":"R\u00c9F\u00c9RENDUM CONSTITUTIONNEL : TOUT CE QU\u2019IL FAUT SAVOIR AVANT LE JOUR J"},"content":{"rendered":"<div class=\"td-pb-row\">\n<div class=\"td-pb-span12\">\n<div class=\"td-post-header\">\n<header class=\"td-post-title\">\n<h1 class=\"entry-title\"><\/h1>\n<div class=\"td-module-meta-info\">\n<div class=\"td-post-author-name\">\n<div class=\"td-author-by\"><\/div>\n<\/div>\n<\/div>\n<\/header>\n<\/div>\n<\/div>\n<\/div>\n<div class=\"td-pb-row\">\n<div class=\"td-pb-span8 td-main-content\" role=\"main\">\n<div class=\"td-ss-main-content\">\n<div class=\"clearfix\"><\/div>\n<div class=\"td-post-sharing-top\">\n<div id=\"td_social_sharing_article_top\" class=\"td-post-sharing td-ps-bg td-ps-notext td-post-sharing-style1 \">\n<div class=\"td-post-sharing-visible\">\n<div class=\"td-social-but-icon\"><\/div>\n<div class=\"td-social-but-icon\"><\/div>\n<div class=\"td-social-but-icon\"><\/div>\n<div class=\"td-social-but-icon\"><\/div>\n<\/div>\n<\/div>\n<\/div>\n<div class=\"td-post-content tagdiv-type\">\n<div class=\"td-post-featured-image\"><\/div>\n<div class=\"td-a-rec td-a-rec-id-content_top  tdi_9_d1f td_block_template_1\">\n<div class=\"td-all-devices\"><\/div>\n<\/div>\n<div id=\"m#msg-a:r-3624076751845627897\" class=\"mail-message expanded\">\n<div id=\"m#msg-a:r-3624076751845627897-content\" class=\"mail-message-content collapsible zoom-normal mail-show-images \">\n<div class=\"clear\">\n<div dir=\"auto\">\n<p>Le Pr\u00e9sident de la transition, le g\u00e9n\u00e9ral Mamadi Doumbouya, a convoqu\u00e9 le corps \u00e9lectoral pour un r\u00e9f\u00e9rendum constitutionnel pr\u00e9vu le dimanche 21 septembre 2025. L\u2019annonce a \u00e9t\u00e9 faite \u00e0 travers un d\u00e9cret lu ce lundi 4 ao\u00fbt \u00e0 la t\u00e9l\u00e9vision nationale.<\/p>\n<p>Selon ce d\u00e9cret, les \u00e9lecteurs guin\u00e9ens seront appel\u00e9s \u00e0 se prononcer, par voie r\u00e9f\u00e9rendaire, sur le projet de nouvelle Constitution.<\/p>\n<p><strong>Article 2<\/strong>\u00a0: Les bureaux de vote ouvriront \u00e0 7 heures et fermeront \u00e0 18 heures.<\/p>\n<p><strong>Article 3<\/strong>\u00a0: Le scrutin se d\u00e9roulera \u00e0 bulletin secret, conform\u00e9ment aux dispositions de la loi organique L-2025-012-CNT du 25 avril 2025, qui encadre les modalit\u00e9s d\u2019organisation du r\u00e9f\u00e9rendum constitutionnel en R\u00e9publique de Guin\u00e9e.<\/p>\n<p><strong>Article 4<\/strong>\u00a0: Le ministre de l\u2019Administration du territoire et de la D\u00e9centralisation, le ministre des Affaires \u00e9trang\u00e8res, de l\u2019Int\u00e9gration africaine et des Guin\u00e9ens \u00e9tablis \u00e0 l\u2019\u00e9tranger, le garde des Sceaux, ministre de la Justice et des Droits de l\u2019homme, le ministre de l\u2019\u00c9conomie et des Finances, le ministre du Budget, le ministre de la S\u00e9curit\u00e9 et de la Protection civile, ainsi que le ministre de la D\u00e9fense nationale, sont chacun charg\u00e9, en ce qui le concerne, de l\u2019ex\u00e9cution du pr\u00e9sent d\u00e9cret.<\/p>\n<p><strong>Source:billetdujour<\/strong><\/p>\n<\/div>\n<\/div>\n<\/div>\n<\/div>\n<\/div>\n<\/div>\n<\/div>\n<\/div>\n","protected":false},"excerpt":{"rendered":"<p>Le Pr\u00e9sident de la transition, le g\u00e9n\u00e9ral Mamadi Doumbouya, a convoqu\u00e9 le corps \u00e9lectoral pour un r\u00e9f\u00e9rendum constitutionnel pr\u00e9vu le dimanche 21 septembre 2025. L\u2019annonce a \u00e9t\u00e9 faite \u00e0 travers un d\u00e9cret lu ce lundi 4 ao\u00fbt \u00e0 la t\u00e9l\u00e9vision nationale. Selon ce d\u00e9cret, les \u00e9lecteurs guin\u00e9ens seront appel\u00e9s \u00e0 se prononcer, par voie r\u00e9f\u00e9rendaire, [&hellip;]<\/p>\n","protected":false},"author":2,"featured_media":35014,"comment_status":"closed","ping_status":"closed","sticky":false,"template":"","format":"standard","meta":{"footnotes":""},"categories":[57],"tags":[],"class_list":{"0":"post-35013","1":"post","2":"type-post","3":"status-publish","4":"format-standard","5":"has-post-thumbnail","7":"category-politique"},"_links":{"self":[{"href":"https:\/\/conakrynews.org\/index.php\/wp-json\/wp\/v2\/posts\/35013","targetHints":{"allow":["GET"]}}],"collection":[{"href":"https:\/\/conakrynews.org\/index.php\/wp-json\/wp\/v2\/posts"}],"about":[{"href":"https:\/\/conakrynews.org\/index.php\/wp-json\/wp\/v2\/types\/post"}],"author":[{"embeddable":true,"href":"https:\/\/conakrynews.org\/index.php\/wp-json\/wp\/v2\/users\/2"}],"replies":[{"embeddable":true,"href":"https:\/\/conakrynews.org\/index.php\/wp-json\/wp\/v2\/comments?post=35013"}],"version-history":[{"count":0,"href":"https:\/\/conakrynews.org\/index.php\/wp-json\/wp\/v2\/posts\/35013\/revisions"}],"wp:featuredmedia":[{"embeddable":true,"href":"https:\/\/conakrynews.org\/index.php\/wp-json\/wp\/v2\/media\/35014"}],"wp:attachment":[{"href":"https:\/\/conakrynews.org\/index.php\/wp-json\/wp\/v2\/media?parent=35013"}],"wp:term":[{"taxonomy":"category","embeddable":true,"href":"https:\/\/conakrynews.org\/index.php\/wp-json\/wp\/v2\/categories?post=35013"},{"taxonomy":"post_tag","embeddable":true,"href":"https:\/\/conakrynews.org\/index.php\/wp-json\/wp\/v2\/tags?post=35013"}],"curies":[{"name":"wp","href":"https:\/\/api.w.org\/{rel}","templated":true}]}}