{"id":35027,"date":"2025-08-06T15:53:48","date_gmt":"2025-08-06T15:53:48","guid":{"rendered":"https:\/\/conakrynews.org\/?p=35027"},"modified":"2025-08-06T15:53:48","modified_gmt":"2025-08-06T15:53:48","slug":"guerre-civile-au-liberia-il-ny-a-pas-un-groupe-ethnique-qui-a-echappe-au-massacre","status":"publish","type":"post","link":"https:\/\/conakrynews.org\/index.php\/guerre-civile-au-liberia-il-ny-a-pas-un-groupe-ethnique-qui-a-echappe-au-massacre\/","title":{"rendered":"Guerre civile au Liberia: \u00abIl n\u2019y a pas un groupe ethnique qui a \u00e9chapp\u00e9 au massacre\u00bb"},"content":{"rendered":"<div class=\"single-post-thumb\"><\/div>\n<div class=\"post-inner\">\n<h1 class=\"name post-title entry-title\"><\/h1>\n<p class=\"post-meta\">\n<div class=\"clear\"><\/div>\n<div class=\"entry\">\n<p>Plus de 20 ans apr\u00e8s la fin de la guerre civile qui a fait 250 000 morts, le Liberia va-t-il enfin juger ses plus grands criminels de guerre ? Le pr\u00e9sident Joseph Boakai semble d\u00e9cid\u00e9 \u00e0 franchir ce pas historique. Il y a un mois, il a pr\u00e9sent\u00e9 les excuses de l\u2019\u00c9tat aux innombrables victimes et un tribunal sp\u00e9cial pourrait voir le jour en 2027. De 1990 \u00e0 2003, le reporter-photographe Patrick Robert est all\u00e9 maintes fois sur place. Il y a \u00e9t\u00e9 gri\u00e8vement bless\u00e9 par balle. Aujourd\u2019hui, il t\u00e9moigne devant les tribunaux et dans un livre intitul\u00e9\u00a0<em>Chaque heure compte, la derni\u00e8re tue<\/em>\u00a0(paru aux \u00e9ditions Erick Bonnier). Il est l\u2019invit\u00e9 de Christophe Boisbouvier.<\/p>\n<p><strong>RFI : Dans votre livre, vous \u00e9crivez \u00ab\u00a0<em>Au Liberia, on tuait avec d\u00e9sinvolture et d\u00e9tachement\u00a0<\/em>\u00bb. En quoi cette guerre civile a-t-elle \u00e9t\u00e9 diff\u00e9rente des autres ?<\/strong><\/p>\n<p><strong>Patrick Robert<\/strong>\u00a0: La premi\u00e8re grosse diff\u00e9rence, c\u2019est que c\u2019\u00e9tait une guerre totale commise avec la bonne conscience de gens qui font quelque chose avec la sensation qu\u2019ils doivent le faire. La caract\u00e9ristique d\u2019une guerre civile, c\u2019est que c\u2019est une guerre d\u2019amateurs. Ce sont des gens de la brousse qui, du jour au lendemain, se trouvent miliciens, combattants, une arme \u00e0 la main. Et \u00e9videmment, les standards sont \u00e9videmment tr\u00e8s \u00e9loign\u00e9s des n\u00f4tres.<\/p>\n<p><strong>Et c\u2019\u00e9tait une guerre de villageois contre des citadins ?<\/strong><\/p>\n<p>Pas que. C\u2019\u00e9tait une guerre civile totale, d\u2019ethnie contre ethnie, en fait.<\/p>\n<p><strong>Vous racontez comment un milicien tue froidement un civil sous vos yeux, puis s\u2019aper\u00e7oit que vous \u00eates l\u00e0 avec votre appareil photo et vous dit, tout sourire \u00ab\u00a0<em>Hey take my picture !<\/em><\/strong><em>\u00a0<\/em>\u00bb\u00a0<strong>(prends ma photo). Comment expliquez-vous une telle d\u00e9sinvolture ?<\/strong><\/p>\n<p>Parce que ces gens simples avaient l\u2019impression de faire leur travail afin d\u2019accomplir leur mission. C\u2019est tout le tragique de l\u2019histoire. Moi, je ne pense pas qu\u2019il y ait eu des crimes pour le plaisir de tuer\u2026 Oui, dans ces conditions-l\u00e0, il y en a toujours. Mais je ne pense pas que l\u2019ordre des politiciens \u00e9tait de le faire. Je pense que les chefs militaires, que ce soit Charles Taylor ou les autres, n\u2019\u00e9taient pas plus \u00e9mus que \u00e7a de la mort de leurs concitoyens. Mais je ne pense pas non plus qu\u2019ils incitaient leurs miliciens \u00e0 tuer aveugl\u00e9ment tout le monde. Je pense que c\u2019est un pays o\u00f9 les gens \u00e9taient livr\u00e9s \u00e0 eux-m\u00eames avec une discipline inexistante. Il faut savoir aussi que Charles Taylor n\u2019avait aucun moyen de communication avec ses troupes. Il avait un t\u00e9l\u00e9phone satellitaire que lui avait donn\u00e9 F\u00e9lix Houphou\u00ebt-Boigny, mais il n\u2019avait pas de moyen de contacter ses soldats sur le front. Il n\u2019y avait pas de t\u00e9l\u00e9phone cellulaire \u00e0 l\u2019\u00e9poque et il n\u2019avait pas de radio. Charles Taylor ne savait pas ce qui se passait sur le front. Il n\u2019y allait pas lui-m\u00eame. Il n\u2019\u00e9tait pas un chef de guerre courageux. Ce n\u2019\u00e9tait pas un bon chef de guerre. Son mouvement politique, le NPFL, a \u00e9t\u00e9 bon tant qu\u2019il avait Prince Johnson avec lui. Mais en fait, c\u2019est Prince Johnson qui marquait les points sur le terrain. Comme Johnson a fait s\u00e9cession et est parti dans son coin et a laiss\u00e9 tomber Taylor, Taylor n\u2019a plus jamais avanc\u00e9 s\u00e9rieusement sur le terrain et donc, parce que la situation a d\u00e9g\u00e9n\u00e9r\u00e9, c\u2019est devenu une guerre ethnique. Chaque ethnie avait son groupe arm\u00e9 avec son chef de guerre qui s\u2019opposait aux autres.<\/p>\n<p><strong>Alors, vous dites que chaque combattant faisait son travail, mais quand on abat une femme et ses enfants, ce n\u2019est pas un travail comme un autre, non ?<\/strong><\/p>\n<p>Non, je ne dis pas qu\u2019il faisait son travail, je dis qu\u2019il faisait ce qu\u2019il pensait \u00eatre son travail. Je pense que le milicien pensait que sa mission consistait \u00e0 tuer des ennemis, quels qu\u2019ils soient, hommes, femmes, enfants. Vous savez, dans une guerre ethnique, on est coupable de faire partie de l\u2019ethnie adverse, quel que soit son \u00e2ge ou son sexe. Les enfants, tant qu\u2019ils peuvent porter une arme, ils sont en face de vous, donc ils sont des combattants. Les femmes, elles donnent naissance \u00e0 des futurs combattants qui seront un jour en face de vos enfants. Et donc tout le monde est une cible l\u00e9gitime de ce point de vue de la guerre ethnique. C\u2019est \u00e7a qui est effroyable.<\/p>\n<p><strong>Comment se fait-il que, depuis 2003, il n\u2019y ait jamais eu de proc\u00e8s de criminels de guerre au Liberia ?<\/strong><\/p>\n<p>Je pense que les Lib\u00e9riens ont admis leur responsabilit\u00e9 collective. Ils ont admis que tout le monde avait perdu la t\u00eate. Et donc il n\u2019y a pas un groupe ethnique qui a \u00e9chapp\u00e9 au massacre commis par les leurs contre un autre groupe ethnique. Donc, il y a une sorte de nivellement par l\u2019horreur, par le crime, qui fait que tout le monde s\u2019est rendu coupable de choses r\u00e9pr\u00e9hensibles devant la loi. Je pense qu\u2019ils ont \u00e9t\u00e9 tellement nombreux, dans tous les camps, \u00e0 commettre des crimes que peut-\u00eatre qu\u2019ils n\u2019ont pas tr\u00e8s envie de remettre tout \u00e7a en cause et de se dire qu\u2019il va falloir mettre les deux tiers du pays en prison. Mais je pense qu\u2019aujourd\u2019hui, les Lib\u00e9riens ont beaucoup \u00e9volu\u00e9. Il y a un syst\u00e8me d\u00e9mocratique qui s\u2019est mis en place. Et en effet, je pense qu\u2019ils ne doivent pas \u00eatre tr\u00e8s fiers de ce qu\u2019ont fait leurs pr\u00e9d\u00e9cesseurs pendant cette guerre civile.<\/p>\n<p><strong>Et si en 2027, donc dans deux ans, un tribunal sur les crimes de la guerre civile s\u2019ouvre \u00e0 Monrovia, est-ce que vous serez pr\u00eat \u00e0 venir t\u00e9moigner ?<\/strong><\/p>\n<p>Si on me le demande, oui, comme t\u00e9moin de contexte pour expliquer mon exp\u00e9rience, c\u2019est peut-\u00eatre m\u00eame un devoir puisque je l\u2019ai v\u00e9cue.<\/p>\n<p><strong>Et quand vous avez t\u00e9moign\u00e9 au proc\u00e8s de Kunti Camara, c\u2019\u00e9tait donc l\u2019an dernier \u00e0 Paris, est-ce que vous avez crois\u00e9 son regard ?<\/strong><\/p>\n<p>Il \u00e9tait tr\u00e8s fuyant, il avait l\u2019air totalement absent. Mais des criminels comme lui, il y en a des milliers au Liberia.<\/p>\n<p><strong>La banalit\u00e9 de la mort ?<\/strong><\/p>\n<p>Oui, la banalit\u00e9 de la mort. C\u2019est une chose qui m\u2019a beaucoup surpris au Liberia, comme en Sierra Leone d\u2019ailleurs, parce qu\u2019\u00e0 cette \u00e9poque-l\u00e0, la mort \u00e9tait quelque chose de quotidien. On tuait les gens facilement sans que \u00e7a pose de probl\u00e8mes \u00e9thiques, moraux. Cette banalit\u00e9 face \u00e0 la mort, c\u2019est peut-\u00eatre un instinct de survie aussi, sinon personne ne s\u2019en sortirait.<\/p>\n<p>&nbsp;<\/p>\n<p><strong>Avec AFP<\/strong><\/p>\n<\/div>\n<\/div>\n","protected":false},"excerpt":{"rendered":"<p>Plus de 20 ans apr\u00e8s la fin de la guerre civile qui a fait 250 000 morts, le Liberia va-t-il enfin juger ses plus grands criminels de guerre ? Le pr\u00e9sident Joseph Boakai semble d\u00e9cid\u00e9 \u00e0 franchir ce pas historique. Il y a un mois, il a pr\u00e9sent\u00e9 les excuses de l\u2019\u00c9tat aux innombrables victimes [&hellip;]<\/p>\n","protected":false},"author":2,"featured_media":35028,"comment_status":"closed","ping_status":"closed","sticky":false,"template":"","format":"standard","meta":{"footnotes":""},"categories":[58],"tags":[],"class_list":{"0":"post-35027","1":"post","2":"type-post","3":"status-publish","4":"format-standard","5":"has-post-thumbnail","7":"category-societe"},"_links":{"self":[{"href":"https:\/\/conakrynews.org\/index.php\/wp-json\/wp\/v2\/posts\/35027","targetHints":{"allow":["GET"]}}],"collection":[{"href":"https:\/\/conakrynews.org\/index.php\/wp-json\/wp\/v2\/posts"}],"about":[{"href":"https:\/\/conakrynews.org\/index.php\/wp-json\/wp\/v2\/types\/post"}],"author":[{"embeddable":true,"href":"https:\/\/conakrynews.org\/index.php\/wp-json\/wp\/v2\/users\/2"}],"replies":[{"embeddable":true,"href":"https:\/\/conakrynews.org\/index.php\/wp-json\/wp\/v2\/comments?post=35027"}],"version-history":[{"count":0,"href":"https:\/\/conakrynews.org\/index.php\/wp-json\/wp\/v2\/posts\/35027\/revisions"}],"wp:featuredmedia":[{"embeddable":true,"href":"https:\/\/conakrynews.org\/index.php\/wp-json\/wp\/v2\/media\/35028"}],"wp:attachment":[{"href":"https:\/\/conakrynews.org\/index.php\/wp-json\/wp\/v2\/media?parent=35027"}],"wp:term":[{"taxonomy":"category","embeddable":true,"href":"https:\/\/conakrynews.org\/index.php\/wp-json\/wp\/v2\/categories?post=35027"},{"taxonomy":"post_tag","embeddable":true,"href":"https:\/\/conakrynews.org\/index.php\/wp-json\/wp\/v2\/tags?post=35027"}],"curies":[{"name":"wp","href":"https:\/\/api.w.org\/{rel}","templated":true}]}}