{"id":35050,"date":"2025-08-07T11:22:40","date_gmt":"2025-08-07T11:22:40","guid":{"rendered":"https:\/\/conakrynews.org\/?p=35050"},"modified":"2025-08-07T11:22:40","modified_gmt":"2025-08-07T11:22:40","slug":"guinee-mouctar-diallo-demissionne-du-parti-nfd-se-retire-de-la-politique","status":"publish","type":"post","link":"https:\/\/conakrynews.org\/index.php\/guinee-mouctar-diallo-demissionne-du-parti-nfd-se-retire-de-la-politique\/","title":{"rendered":"Guin\u00e9e : Mouctar Diallo d\u00e9missionne du parti NFD se retire de la politique"},"content":{"rendered":"<div class=\"wpb-content-wrapper\"><div class=\"td-pb-row\">\n<div class=\"td-pb-span12\">\n<div class=\"td-post-header\">\n<header class=\"td-post-title\">\n<h1 class=\"entry-title\"><\/h1>\n<div class=\"td-module-meta-info\">\n<div class=\"td-post-author-name\">\n<div class=\"td-author-by\"><\/div>\n<div class=\"td-author-line\"><\/div>\n<\/div>\n<\/div>\n<\/header>\n<\/div>\n<\/div>\n<\/div>\n<div class=\"td-pb-row\">\n<div class=\"td-pb-span8 td-main-content\" role=\"main\">\n<div class=\"td-ss-main-content\">\n<div class=\"td-post-sharing td-post-sharing-top \">\n<div class=\"td-default-sharing\"><\/div>\n<\/div>\n<div class=\"td-post-content\">\n<div class=\"td-post-featured-image\"><\/div>\n<div class=\"td-header-template-wrap\">\n<div class=\"td-header-mobile-wrap \">\n<div id=\"tdi_1\" class=\"tdc-zone\">\n<div class=\"tdc_zone tdi_2  wpb_row td-pb-row tdc-element-style\">\n<div id=\"tdi_3\" class=\"tdc-row\">\n<div class=\"vc_row tdi_4  wpb_row td-pb-row tdc-element-style\">\n<div class=\"tdi_3_rand_style td-element-style\"><\/div>\n<\/div>\n<\/div>\n<\/div>\n<\/div>\n<\/div>\n<\/div>\n<div class=\"td-main-content-wrap td-container-wrap\">\n<div class=\"td-container td-post-template-default \">\n<div class=\"td-pb-row\">\n<div class=\"td-pb-span8 td-main-content\" role=\"main\">\n<div class=\"td-ss-main-content\">\n<article id=\"post-309294\" class=\"post-309294 post type-post status-publish format-standard has-post-thumbnail category-a-la-une category-actualites category-politique tag-conakry tag-democratie tag-guinee tag-mouctar-diallo tag-nfd tag-politique-2\">\n<div class=\"td-post-content tagdiv-type\">\n<p class=\"p1\"><span class=\"s1\">Depuis 1990, alors que je n\u2019\u00e9tais qu\u2019un adolescent de 15 ans, j\u2019avais choisi de m\u2019engager corps et \u00e2me dans le combat pour une Guin\u00e9e libre, d\u00e9mocratique, juste et prosp\u00e8re. Aux c\u00f4t\u00e9s de mes a\u00een\u00e9s \u00e9tudiants, je participais activement \u00e0 des manifestations de rue pour exiger l\u2019ouverture d\u00e9mocratique de mon pays. Ces mobilisations, pacifiques dans leur essence, \u00e9taient violemment r\u00e9prim\u00e9es par un pouvoir militaire puissant et autoritaire. \u00c0 l\u2019\u00e9poque, il n\u2019y avait ni partis politiques ni m\u00e9dias ind\u00e9pendants ni r\u00e9seaux sociaux. Il n\u2019y avait que notre foi, notre d\u00e9termination et la force de nos convictions pour porter la vision et le combat pour une Guin\u00e9e meilleure.<\/span><\/p>\n<p class=\"p1\"><span class=\"s1\">Depuis lors, je n\u2019ai jamais cess\u00e9 d\u2019agir pour ma patrie. Mon militantisme, enracin\u00e9 dans un patriotisme ardent et in\u00e9branlable, m\u2019a conduit \u00e0 traverser et \u00e0 subir des exactions, des blessures, des d\u00e9tentions arbitraires, l\u2019exil, la clandestinit\u00e9, des privations et des menaces. Mais rien n\u2019a \u00e9t\u00e9 plus douloureux que de voir tomber des compatriotes engag\u00e9s pour cet id\u00e9al commun qui nous unissait. Malgr\u00e9 ces terribles \u00e9preuves, je suis rest\u00e9 constant dans mon engagement patriotique et fid\u00e8le \u00e0 ce combat citoyen, que je consid\u00e8re, encore aujourd\u2019hui, comme noble et n\u00e9cessaire.<\/span><\/p>\n<p class=\"p1\"><span class=\"s1\">Durant ce parcours parsem\u00e9 d\u2019emb\u00fbches, j\u2019ai eu la lourde responsabilit\u00e9 de coordonner, au compte de la soci\u00e9t\u00e9 civile guin\u00e9enne \u00e0 travers le CNOSCG (Conseil National des Organisations de la Soci\u00e9t\u00e9 Civile Guin\u00e9enne), les manifestations historiques de 2007, qui ont marqu\u00e9 un tournant d\u00e9cisif dans la conscience citoyenne de notre nation. J\u2019ai \u00e9galement \u00e9t\u00e9 en premi\u00e8re ligne dans la lutte pour le retour \u00e0 l\u2019ordre constitutionnel apr\u00e8s la prise du pouvoir par la junte militaire en 2008.<\/span><\/p>\n<p class=\"p1\"><span class=\"s1\">Cela s\u2019est manifest\u00e9 notamment lors des tragiques \u00e9v\u00e9nements du 28 septembre 2009, o\u00f9, avec d\u2019autres compatriotes, nous avons \u00e9lev\u00e9 la voix pour exiger le respect des principes r\u00e9publicains.<\/span><\/p>\n<p class=\"p1\"><span class=\"s1\">Cette dynamique forte a rendu possible l\u2019\u00e9lection d\u00e9mocratique historique de 2010 et a jet\u00e9 les bases d\u2019une Guin\u00e9e engag\u00e9e vers un avenir d\u00e9mocratique et porteur d\u2019esp\u00e9rance.<\/span><\/p>\n<p class=\"p1\"><span class=\"s1\">Au d\u00e9but des ann\u00e9es 2000, la jeunesse guin\u00e9enne \u00e9tait marginalis\u00e9e, infantilis\u00e9e, manipul\u00e9e, cantonn\u00e9e \u00e0 des r\u00f4les insignifiants. Affirmer une ambition nationale relevait du sacril\u00e8ge. Par notre engagement audacieux et visionnaire, dans un contexte difficile, hostile et risqu\u00e9, nous avons bris\u00e9 le carcan qui \u00e9touffait la jeunesse et ouvert la voie \u00e0 l\u2019affirmation d\u2019un leadership jeune, assum\u00e9, cr\u00e9dible et respect\u00e9.<\/span><\/p>\n<p class=\"p1\"><span class=\"s1\">Aujourd\u2019hui, je me r\u00e9jouis de voir \u00e9merger une multitude de jeunes leaders, en politique comme dans la soci\u00e9t\u00e9 civile, porteurs d\u2019une ambition pour la Guin\u00e9e.<\/span><\/p>\n<p class=\"p1\"><span class=\"s1\">Plus largement, nous avons contribu\u00e9 efficacement \u00e0 l\u2019\u00e9veil des consciences, sem\u00e9 les graines de la citoyennet\u00e9 et ancr\u00e9 durablement l\u2019exigence d\u00e9mocratique dans l\u2019\u00e2me de notre peuple. Malgr\u00e9 les d\u00e9fis du pr\u00e9sent, la marche vers la d\u00e9mocratie est irr\u00e9versible et les germes du d\u00e9veloppement finiront par \u00e9clore, pour le bien de toutes les Guin\u00e9ennes et de tous les Guin\u00e9ens.<\/span><\/p>\n<p class=\"p1\"><span class=\"s1\">J\u2019ai servi la Guin\u00e9e avec passion, d\u00e9vouement et amour, dans la soci\u00e9t\u00e9 civile, au gouvernement, \u00e0 l\u2019Assembl\u00e9e nationale, dans l\u2019ar\u00e8ne politique. Mon engagement a \u00e9t\u00e9 total. Je suis fier de ce parcours \u2013 de ses r\u00e9ussites comme de ses imperfections \u2013 que j\u2019assume enti\u00e8rement. Chaque acte, chaque d\u00e9cision, chaque prise de position a \u00e9t\u00e9 guid\u00e9e par la sinc\u00e9rit\u00e9, la bonne foi et le souci constant de l\u2019int\u00e9r\u00eat g\u00e9n\u00e9ral, en synergie avec mes collaborateurs.<\/span><\/p>\n<p class=\"p1\"><span class=\"s1\">Si certains de mes actes ont d\u00e9\u00e7u ou heurt\u00e9 certaines personnes, je le regrette. Ce n\u2019\u00e9tait nullement mon intention. Je suis un \u00eatre humain, donc imparfait. Avec humilit\u00e9, je leur pr\u00e9sente mes sinc\u00e8res excuses. Je pardonne \u00e9galement \u00e0 ceux qui m\u2019ont combattu injustement, calomni\u00e9, diffam\u00e9 ou fait du tort. Mon engagement n\u2019a jamais \u00e9t\u00e9 nourri par la haine ni guid\u00e9 par la rancune.<\/span><\/p>\n<p class=\"p1\"><span class=\"s1\">S\u2019engager dans la vie publique, c\u2019est accepter de se battre dans l\u2019ombre, de souffrir en silence et d\u2019agir sans la certitude d\u2019\u00eatre compris. C\u2019est porter des responsabilit\u00e9s \u00e9crasantes, faire des choix douloureux, avancer dans un environnement complexe, parfois m\u00eame contradictoire, et traverser des temp\u00eates invisibles aux yeux du grand public. Quand l\u2019int\u00e9r\u00eat g\u00e9n\u00e9ral est la seule boussole, mais que l\u2019incompr\u00e9hension, parfois l\u2019ingratitude, r\u00e8gne, na\u00eet alors une blessure muette. Malgr\u00e9 tout, le v\u00e9ritable serviteur de l\u2019\u00c9tat poursuit sa route, anim\u00e9 non par les honneurs, mais par le sens du devoir et l\u2019espoir que, peut-\u00eatre, un jour, le temps finira par r\u00e9v\u00e9ler la justesse de ses actes.<\/span><\/p>\n<p class=\"p1\"><span class=\"s1\">Depuis ma d\u00e9mission du gouvernement, le 20 janvier 2021, j\u2019ai choisi de prendre du recul, ce qui explique mon absence prolong\u00e9e de la sc\u00e8ne politique.\u00a0<\/span><span class=\"s2\">Aujourd\u2019hui, jeudi 7 ao\u00fbt 2025, j\u2019annonce ma d\u00e9mission de la pr\u00e9sidence du parti politique NFD (Nouvelles Forces D\u00e9mocratiques), ainsi que mon retrait de la vie politique.<\/span><span class=\"s1\">\u00a0Je me retire du champ politique, mais je reste pleinement engag\u00e9 au service des id\u00e9aux de justice, de d\u00e9mocratie et de d\u00e9veloppement auxquels j\u2019ai toujours cru et pour lesquels je me suis toujours battu avec d\u00e9termination. Je continuerai \u00e0 servir la Guin\u00e9e et l\u2019Afrique autrement, avec la m\u00eame exigence et la m\u00eame passion, car l\u2019engagement ne conna\u00eet pas de fronti\u00e8res fixes.<\/span><\/p>\n<p class=\"p1\"><span class=\"s1\">Je remercie du fond du c\u0153ur les jeunes et les femmes de Guin\u00e9e pour leur confiance continue. Je resterai toujours avec eux.<\/span><\/p>\n<p class=\"p1\"><span class=\"s1\">J\u2019exprime \u00e9galement ma profonde gratitude \u00e0 ma famille, \u00e0 tous mes compagnons de lutte, \u00e0 mes collaborateurs de tous les instants, ainsi qu\u2019\u00e0 toutes celles et tous ceux qui, de pr\u00e8s ou de loin, m\u2019ont accompagn\u00e9 sur ce chemin fait de sacrifices, d\u2019\u00e9preuves et d\u2019\u00e9lans exaltants. Leur soutien ind\u00e9fectible, leur loyaut\u00e9 sans faille et leur confiance durable ont \u00e9t\u00e9 ma force et mon inspiration.<\/span><\/p>\n<p class=\"p1\"><span class=\"s1\">Afin d\u2019assurer une transition sereine et respectueuse des textes du parti, une pr\u00e9sidente int\u00e9rimaire a \u00e9t\u00e9 d\u00e9sign\u00e9e, \u00e0 l\u2019issue d\u2019une concertation au sein des instances dirigeantes. Elle a pour mission d\u2019organiser un congr\u00e8s dans les meilleurs d\u00e9lais en vue de l\u2019\u00e9lection d\u2019une nouvelle direction.<\/span><\/p>\n<p class=\"p1\"><span class=\"s1\">Je lance un appel fort \u00e0 tous les dirigeants, militants et sympathisants du NFD : restez debout, unis et d\u00e9termin\u00e9s, pour faire rayonner l\u2019esprit qui a pr\u00e9sid\u00e9 \u00e0 la naissance de notre parti en 2008 \u2013 un id\u00e9al de justice, de d\u00e9mocratie, de solidarit\u00e9 et de progr\u00e8s. Port\u00e9 par ses valeurs fondatrices, le NFD doit poursuivre sa marche avec audace : affirmer sa vision, \u00e9largir ses horizons, innover sans rel\u00e2che, pour demeurer une force vive au service de la R\u00e9publique.<\/span>\u00a0<span class=\"s1\">La lutte continue !<\/span><\/p>\n<p class=\"p1\"><span class=\"s1\">Vive la Guin\u00e9e unie, paisible, juste, d\u00e9mocratique et prosp\u00e8re.<\/span><\/p>\n<p class=\"p1\"><span class=\"s1\">Que Dieu prot\u00e8ge la Guin\u00e9e et b\u00e9nisse les Guin\u00e9ens !<\/span><\/p>\n<p class=\"p1\"><strong><span class=\"s2\">Dr. Mamadou Mouctar Diallo<\/span><\/strong><\/p>\n<p class=\"p1\"><strong><span class=\"s1\">Ancien Pr\u00e9sident du parti NFD<\/span><\/strong><\/p>\n<p class=\"p1\"><strong><span class=\"s3\">Washington, le 7 ao\u00fbt 2025<\/span><\/strong><\/p>\n<\/div>\n<\/article>\n<\/div>\n<\/div>\n<\/div>\n<\/div>\n<\/div>\n<\/div>\n<\/div>\n<\/div>\n<\/div>\n<\/div>","protected":false},"excerpt":{"rendered":"<p>Depuis 1990, alors que je n\u2019\u00e9tais qu\u2019un adolescent de 15 ans, j\u2019avais choisi de m\u2019engager corps et \u00e2me dans le combat pour une Guin\u00e9e libre, d\u00e9mocratique, juste et prosp\u00e8re. Aux c\u00f4t\u00e9s de mes a\u00een\u00e9s \u00e9tudiants, je participais activement \u00e0 des manifestations de rue pour exiger l\u2019ouverture d\u00e9mocratique de mon pays. Ces mobilisations, pacifiques dans leur [&hellip;]<\/p>\n","protected":false},"author":2,"featured_media":35051,"comment_status":"closed","ping_status":"closed","sticky":false,"template":"","format":"standard","meta":{"footnotes":""},"categories":[57],"tags":[],"class_list":{"0":"post-35050","1":"post","2":"type-post","3":"status-publish","4":"format-standard","5":"has-post-thumbnail","7":"category-politique"},"_links":{"self":[{"href":"https:\/\/conakrynews.org\/index.php\/wp-json\/wp\/v2\/posts\/35050","targetHints":{"allow":["GET"]}}],"collection":[{"href":"https:\/\/conakrynews.org\/index.php\/wp-json\/wp\/v2\/posts"}],"about":[{"href":"https:\/\/conakrynews.org\/index.php\/wp-json\/wp\/v2\/types\/post"}],"author":[{"embeddable":true,"href":"https:\/\/conakrynews.org\/index.php\/wp-json\/wp\/v2\/users\/2"}],"replies":[{"embeddable":true,"href":"https:\/\/conakrynews.org\/index.php\/wp-json\/wp\/v2\/comments?post=35050"}],"version-history":[{"count":0,"href":"https:\/\/conakrynews.org\/index.php\/wp-json\/wp\/v2\/posts\/35050\/revisions"}],"wp:featuredmedia":[{"embeddable":true,"href":"https:\/\/conakrynews.org\/index.php\/wp-json\/wp\/v2\/media\/35051"}],"wp:attachment":[{"href":"https:\/\/conakrynews.org\/index.php\/wp-json\/wp\/v2\/media?parent=35050"}],"wp:term":[{"taxonomy":"category","embeddable":true,"href":"https:\/\/conakrynews.org\/index.php\/wp-json\/wp\/v2\/categories?post=35050"},{"taxonomy":"post_tag","embeddable":true,"href":"https:\/\/conakrynews.org\/index.php\/wp-json\/wp\/v2\/tags?post=35050"}],"curies":[{"name":"wp","href":"https:\/\/api.w.org\/{rel}","templated":true}]}}