{"id":35053,"date":"2025-08-07T11:40:26","date_gmt":"2025-08-07T11:40:26","guid":{"rendered":"https:\/\/conakrynews.org\/?p=35053"},"modified":"2025-08-07T11:41:32","modified_gmt":"2025-08-07T11:41:32","slug":"matoto-trois-motos-remises-aux-services-techniques-pour-renforcer-la-mobilite","status":"publish","type":"post","link":"https:\/\/conakrynews.org\/index.php\/matoto-trois-motos-remises-aux-services-techniques-pour-renforcer-la-mobilite\/","title":{"rendered":"Matoto : Trois motos remises aux services techniques pour renforcer la mobilit\u00e9"},"content":{"rendered":"<div class=\"td-pb-row\">\n<div class=\"td-pb-span12\">\n<div class=\"td-post-header\">\n<header class=\"td-post-title\">\n<h1 class=\"entry-title\"><\/h1>\n<\/header>\n<\/div>\n<\/div>\n<\/div>\n<div class=\"td-pb-row\">\n<div class=\"td-pb-span8 td-main-content\" role=\"main\">\n<div class=\"td-ss-main-content\">\n<div class=\"td-post-sharing td-post-sharing-top \">\n<div class=\"td-default-sharing\"><\/div>\n<\/div>\n<div class=\"td-post-content\">\n<div class=\"td-post-featured-image\"><\/div>\n<p>&nbsp;<\/p>\n<p>Dans le souci d\u2019am\u00e9liorer la ponctualit\u00e9 et l\u2019assiduit\u00e9 au sein de l\u2019administration locale, les autorit\u00e9s communales de Matoto ont proc\u00e9d\u00e9 \u00e0 la remise de trois motos aux services techniques de la commune, envue de faciliter leur mobilit\u00e9 sur le terrain.<\/p>\n<p><a href=\"https:\/\/i0.wp.com\/liberationinfo.com\/wp-content\/uploads\/2025\/08\/IMG-20250807-WA0004.jpg\"><img loading=\"lazy\" decoding=\"async\" class=\"alignnone size-medium wp-image-27942 td-animation-stack-type0-1\" src=\"https:\/\/i0.wp.com\/liberationinfo.com\/wp-content\/uploads\/2025\/08\/IMG-20250807-WA0004.jpg?resize=300%2C169\" alt=\"\" width=\"300\" height=\"169\" data-recalc-dims=\"1\" \/><\/a><\/p>\n<p>Le Pr\u00e9sident de la D\u00e9l\u00e9gation Sp\u00e9ciale M . Moussa Diallo, a soulign\u00e9 que les autorit\u00e9s locales se tiennent aux c\u00f4t\u00e9s de leurs agents. C\u2019est dans cette logique, a-t-il pr\u00e9cis\u00e9, que la d\u00e9cision a \u00e9t\u00e9 prise d\u2019octroyer ces moyens de d\u00e9placement aux services de la communication, de l\u2019assainissement, ainsi qu\u2019\u00e0 la direction des micro-r\u00e9alisations.<\/p>\n<p><a href=\"https:\/\/i0.wp.com\/liberationinfo.com\/wp-content\/uploads\/2025\/08\/IMG-20250807-WA0003.jpg\"><img loading=\"lazy\" decoding=\"async\" class=\"alignnone size-medium wp-image-27943 td-animation-stack-type0-1\" src=\"https:\/\/i0.wp.com\/liberationinfo.com\/wp-content\/uploads\/2025\/08\/IMG-20250807-WA0003.jpg?resize=300%2C248\" alt=\"\" width=\"300\" height=\"248\" data-recalc-dims=\"1\" \/><\/a><\/p>\n<p>Pour sa part, le vice-pr\u00e9sident M.Mahamadou Sylla a r\u00e9affirm\u00e9 la volont\u00e9 des autorit\u00e9s communales d\u2019accompagner tous les travailleurs de la collectivit\u00e9. \u00ab Depuis notre mise en place par le CNRD, nous avons pour vocation de qualifier les services locaux dans leur fonctionnement afin que cel\u00e0 puisse se r\u00e9percuter sur la qualit\u00e9 des prestations. Nous avons fait un travail d\u2019\u00e9valuation des services et nous nous sommes inscrits dans l\u2019\u00e9lan de leurs doter de moyens logistiques pour qu\u2019ils puissent servir la Commune et les populations pour lesquelles nous sommes ici. Par ce que nous sommes l\u00e0 dans un esprit de rectification et de refondation de l\u2019\u00c9tat &gt;&gt;, a-t-il d\u00e9clar\u00e9.<\/p>\n<p>Au nom des services b\u00e9n\u00e9ficiaires, Mamadouba Camara, directeur des micro-r\u00e9alisations, a exprim\u00e9 sa reconnaissance envers les autorit\u00e9s communales :\u226a Ces motos nous ont \u00e9t\u00e9 offertes pour faciliter nos d\u00e9placements et nous permettre d\u2019\u00eatre plus efficaces dans l\u2019accomplissement de nos missions. Ce geste t\u00e9moigne de l\u2019engagement des responsables \u00e0 faire r\u00e9ussir les actions assign\u00e9es aux services techniques. Nous prenons l\u2019engagement d\u2019en faire bon usage, au b\u00e9n\u00e9fice de la commune\u226b<\/p>\n<p>Le secretaire g\u00e9n\u00e9ral de la section syndicale des travailleurs, Fod\u00e9 Odegbami Tour\u00e9, a salu\u00e9 l\u2019initiative : \u00ab Je ne peux que f\u00e9liciter et remercier l\u2019\u00e9quipe dirigeante de la commune de Matoto pour leur engagement constant en faveur des travailleurs. \u00bb<\/p>\n<p>Avant la remise officielle des cl\u00e9s, des pri\u00e8res et b\u00e9n\u00e9dictions ont \u00e9t\u00e9 prononc\u00e9es pour implorer la protection divine sur les utilisateurs.<\/p>\n<p>&nbsp;<\/p>\n<p><strong>Oumar Konat\u00e9\u00a0<\/strong><\/p>\n<\/div>\n<\/div>\n<\/div>\n<\/div>\n","protected":false},"excerpt":{"rendered":"<p>&nbsp; Dans le souci d\u2019am\u00e9liorer la ponctualit\u00e9 et l\u2019assiduit\u00e9 au sein de l\u2019administration locale, les autorit\u00e9s communales de Matoto ont proc\u00e9d\u00e9 \u00e0 la remise de trois motos aux services techniques de la commune, envue de faciliter leur mobilit\u00e9 sur le terrain. Le Pr\u00e9sident de la D\u00e9l\u00e9gation Sp\u00e9ciale M . Moussa Diallo, a soulign\u00e9 que les [&hellip;]<\/p>\n","protected":false},"author":2,"featured_media":35054,"comment_status":"closed","ping_status":"closed","sticky":false,"template":"","format":"standard","meta":{"footnotes":""},"categories":[58],"tags":[],"class_list":{"0":"post-35053","1":"post","2":"type-post","3":"status-publish","4":"format-standard","5":"has-post-thumbnail","7":"category-societe"},"_links":{"self":[{"href":"https:\/\/conakrynews.org\/index.php\/wp-json\/wp\/v2\/posts\/35053","targetHints":{"allow":["GET"]}}],"collection":[{"href":"https:\/\/conakrynews.org\/index.php\/wp-json\/wp\/v2\/posts"}],"about":[{"href":"https:\/\/conakrynews.org\/index.php\/wp-json\/wp\/v2\/types\/post"}],"author":[{"embeddable":true,"href":"https:\/\/conakrynews.org\/index.php\/wp-json\/wp\/v2\/users\/2"}],"replies":[{"embeddable":true,"href":"https:\/\/conakrynews.org\/index.php\/wp-json\/wp\/v2\/comments?post=35053"}],"version-history":[{"count":0,"href":"https:\/\/conakrynews.org\/index.php\/wp-json\/wp\/v2\/posts\/35053\/revisions"}],"wp:featuredmedia":[{"embeddable":true,"href":"https:\/\/conakrynews.org\/index.php\/wp-json\/wp\/v2\/media\/35054"}],"wp:attachment":[{"href":"https:\/\/conakrynews.org\/index.php\/wp-json\/wp\/v2\/media?parent=35053"}],"wp:term":[{"taxonomy":"category","embeddable":true,"href":"https:\/\/conakrynews.org\/index.php\/wp-json\/wp\/v2\/categories?post=35053"},{"taxonomy":"post_tag","embeddable":true,"href":"https:\/\/conakrynews.org\/index.php\/wp-json\/wp\/v2\/tags?post=35053"}],"curies":[{"name":"wp","href":"https:\/\/api.w.org\/{rel}","templated":true}]}}