{"id":35088,"date":"2025-08-08T19:39:58","date_gmt":"2025-08-08T19:39:58","guid":{"rendered":"https:\/\/conakrynews.org\/?p=35088"},"modified":"2025-08-08T19:43:38","modified_gmt":"2025-08-08T19:43:38","slug":"fete-nationale-de-la-cote-divoirela-guinee-celebre-la-fraternite-africaine-a-bouake","status":"publish","type":"post","link":"https:\/\/conakrynews.org\/index.php\/fete-nationale-de-la-cote-divoirela-guinee-celebre-la-fraternite-africaine-a-bouake\/","title":{"rendered":"F\u00eate Nationale de la C\u00f4te d&rsquo;Ivoire:La Guin\u00e9e C\u00e9l\u00e8bre la Fraternit\u00e9 Africaine \u00e0 Bouak\u00e9"},"content":{"rendered":"<div class=\"clear\"><\/div>\n<div class=\"entry\">\n<div class=\"x14z9mp xat24cr x1lziwak x1vvkbs xtlvy1s x126k92a\">\n<div dir=\"auto\">\u00c0 l\u2019occasion du 65\u1d49 anniversaire de la R\u00e9publique de C\u00f4te d\u2019Ivoire, le\u00a0<span class=\"html-span xdj266r x14z9mp xat24cr x1lziwak xexx8yu xyri2b x18d9i69 x1c1uobl x1hl2dhg x16tdsg8 x1vvkbs\"><a class=\"x1i10hfl xjbqb8w x1ejq31n x18oe1m7 x1sy0etr xstzfhl x972fbf x10w94by x1qhh985 x14e42zd x9f619 x1ypdohk xt0psk2 xe8uvvx xdj266r x14z9mp xat24cr x1lziwak xexx8yu xyri2b x18d9i69 x1c1uobl x16tdsg8 x1hl2dhg xggy1nq x1a2a7pz xkrqix3 x1sur9pj x1fey0fg x1s688f\" role=\"link\" href=\"https:\/\/www.facebook.com\/PMGUINEE17?__cft__[0]=AZVkfC25JuUpujRKpACGXE5XeHZiAsa78nS_gkh_hJEw5TNT0ILdy9-1HZsmGCZqx5WRLivtS-gexaPDoyFMQAA2G47fi8leipEY0tXCiD1PEbttKEJv0ZXL3PNkb8zXp5vMFdAaI9UUHcR1VJI5SG2Rk1dAMmQeCrMReZ50Wz5My9A2yONxAc0WT3_qyUVSOAdLIPCPLjunWaEhrQHYEwWA&amp;__tn__=-]K-R\"><span class=\"xt0psk2\"><span class=\"xjp7ctv\">Le Premier Ministre Amadou Oury BAH<\/span><\/span><\/a><\/span>, accompagn\u00e9 du ministre des Affaires \u00e9trang\u00e8res, de l\u2019Int\u00e9gration africaine et des Guin\u00e9ens \u00e9tablis \u00e0 l\u2019\u00e9tranger, a repr\u00e9sent\u00e9 le Pr\u00e9sident de la R\u00e9publique, le G\u00e9n\u00e9ral Mamadi Doumbouya, aux festivit\u00e9s officielles organis\u00e9es \u00e0 Bouak\u00e9, capitale de la r\u00e9gion de Gb\u00eak\u00ea, au centre du pays.<\/div>\n<div dir=\"auto\"><\/div>\n<\/div>\n<div class=\"x14z9mp xat24cr x1lziwak x1vvkbs xtlvy1s x126k92a\">\n<div dir=\"auto\">Plac\u00e9e sous le signe de la paix et de la fraternit\u00e9, cette c\u00e9l\u00e9bration dite de la \u00ab\ud835\udc2b\ud835\udc1e\ud835\udc27\ud835\udc1a\ud835\udc22\ud835\udc2c\ud835\udc2c\ud835\udc1a\ud835\udc27\ud835\udc1c\ud835\udc1e\u00bb a \u00e9t\u00e9 marqu\u00e9e par un d\u00e9fil\u00e9 militaire g\u00e9ant et des fresques artistiques exprimant la fiert\u00e9 et l\u2019espoir du peuple ivoirien pour une stabilit\u00e9 durable et un progr\u00e8s partag\u00e9.<\/div>\n<div dir=\"auto\"><\/div>\n<\/div>\n<div class=\"x14z9mp xat24cr x1lziwak x1vvkbs xtlvy1s x126k92a\">\n<div dir=\"auto\">Le Pr\u00e9sident Alassane Ouattara a salu\u00e9 la pr\u00e9sence de d\u00e9l\u00e9gations venues de pays amis, dont la Guin\u00e9e, le Gabon, les \u00c9tats-Unis d\u2019Am\u00e9rique, la France et le Royaume du Maroc, soulignant ainsi l\u2019importance de la coop\u00e9ration internationale et des liens historiques entre les nations.<\/div>\n<\/div>\n<div class=\"x14z9mp xat24cr x1lziwak x1vvkbs xtlvy1s x126k92a\">\n<div dir=\"auto\">La participation de la Guin\u00e9e \u00e0 cet \u00e9v\u00e9nement t\u00e9moigne de son engagement en faveur de l\u2019int\u00e9gration sous-r\u00e9gionale, de l\u2019unit\u00e9 africaine, du dialogue entre les peuples et du renforcement des relations bilat\u00e9rales avec la C\u00f4te d\u2019Ivoire.<\/div>\n<\/div>\n<div dir=\"auto\"><\/div>\n<div dir=\"auto\"><strong>Avec CCG<\/strong><\/div>\n<\/div>\n","protected":false},"excerpt":{"rendered":"<p>\u00c0 l\u2019occasion du 65\u1d49 anniversaire de la R\u00e9publique de C\u00f4te d\u2019Ivoire, le\u00a0Le Premier Ministre Amadou Oury BAH, accompagn\u00e9 du ministre des Affaires \u00e9trang\u00e8res, de l\u2019Int\u00e9gration africaine et des Guin\u00e9ens \u00e9tablis \u00e0 l\u2019\u00e9tranger, a repr\u00e9sent\u00e9 le Pr\u00e9sident de la R\u00e9publique, le G\u00e9n\u00e9ral Mamadi Doumbouya, aux festivit\u00e9s officielles organis\u00e9es \u00e0 Bouak\u00e9, capitale de la r\u00e9gion de Gb\u00eak\u00ea, [&hellip;]<\/p>\n","protected":false},"author":2,"featured_media":35092,"comment_status":"closed","ping_status":"closed","sticky":false,"template":"","format":"standard","meta":{"footnotes":""},"categories":[57],"tags":[],"class_list":{"0":"post-35088","1":"post","2":"type-post","3":"status-publish","4":"format-standard","5":"has-post-thumbnail","7":"category-politique"},"_links":{"self":[{"href":"https:\/\/conakrynews.org\/index.php\/wp-json\/wp\/v2\/posts\/35088","targetHints":{"allow":["GET"]}}],"collection":[{"href":"https:\/\/conakrynews.org\/index.php\/wp-json\/wp\/v2\/posts"}],"about":[{"href":"https:\/\/conakrynews.org\/index.php\/wp-json\/wp\/v2\/types\/post"}],"author":[{"embeddable":true,"href":"https:\/\/conakrynews.org\/index.php\/wp-json\/wp\/v2\/users\/2"}],"replies":[{"embeddable":true,"href":"https:\/\/conakrynews.org\/index.php\/wp-json\/wp\/v2\/comments?post=35088"}],"version-history":[{"count":0,"href":"https:\/\/conakrynews.org\/index.php\/wp-json\/wp\/v2\/posts\/35088\/revisions"}],"wp:featuredmedia":[{"embeddable":true,"href":"https:\/\/conakrynews.org\/index.php\/wp-json\/wp\/v2\/media\/35092"}],"wp:attachment":[{"href":"https:\/\/conakrynews.org\/index.php\/wp-json\/wp\/v2\/media?parent=35088"}],"wp:term":[{"taxonomy":"category","embeddable":true,"href":"https:\/\/conakrynews.org\/index.php\/wp-json\/wp\/v2\/categories?post=35088"},{"taxonomy":"post_tag","embeddable":true,"href":"https:\/\/conakrynews.org\/index.php\/wp-json\/wp\/v2\/tags?post=35088"}],"curies":[{"name":"wp","href":"https:\/\/api.w.org\/{rel}","templated":true}]}}