{"id":35203,"date":"2025-08-13T11:30:39","date_gmt":"2025-08-13T11:30:39","guid":{"rendered":"https:\/\/conakrynews.org\/?p=35203"},"modified":"2025-08-13T11:30:39","modified_gmt":"2025-08-13T11:30:39","slug":"conakry-la-guinee-celebre-la-journee-africaine-de-la-decentralisation-du-developpement-local-et-de-letat-civil","status":"publish","type":"post","link":"https:\/\/conakrynews.org\/index.php\/conakry-la-guinee-celebre-la-journee-africaine-de-la-decentralisation-du-developpement-local-et-de-letat-civil\/","title":{"rendered":"Conakry : la Guin\u00e9e c\u00e9l\u00e8bre la Journ\u00e9e africaine de la D\u00e9centralisation, du D\u00e9veloppement local et de l\u2019\u00c9tat civil"},"content":{"rendered":"<div class=\"td-pb-row\">\n<div class=\"td-pb-span12\">\n<div class=\"td-post-header\">\n<header class=\"td-post-title\">\n<h1 class=\"entry-title\"><\/h1>\n<div class=\"td-module-meta-info\">\n<div class=\"td-post-author-name\">\n<div class=\"td-author-by\"><\/div>\n<\/div>\n<\/div>\n<\/header>\n<\/div>\n<\/div>\n<\/div>\n<div class=\"td-pb-row\">\n<div class=\"td-pb-span8 td-main-content\" role=\"main\">\n<div class=\"td-ss-main-content\">\n<div class=\"td-post-sharing td-post-sharing-top \">\n<div class=\"td-default-sharing\"><\/div>\n<\/div>\n<div class=\"td-post-content\">\n<div class=\"td-post-featured-image\"><\/div>\n<p>&nbsp;<\/p>\n<p>La c\u00e9l\u00e9bration conjointe de la Journ\u00e9e africaine de la D\u00e9centralisation, du D\u00e9veloppement local et de l\u2019\u00c9tat civil s\u2019est tenue en diff\u00e9r\u00e9 ce 12 ao\u00fbt 2025 \u00e0 Conakry. L\u2019\u00e9v\u00e9nement, marqu\u00e9 par une forte mobilisation, a enregistr\u00e9 la pr\u00e9sence des pr\u00e9sidents des D\u00e9l\u00e9gations sp\u00e9ciales et des secr\u00e9taires g\u00e9n\u00e9raux des Communes de Conakry. \u00c9taient \u00e9galement pr\u00e9sents madame la gouverneure de la ville ainsi que plusieurs partenaires techniques et financiers.<\/p>\n<p><a href=\"https:\/\/i0.wp.com\/liberationinfo.com\/wp-content\/uploads\/2025\/08\/IMG-20250812-WA0017.jpg\"><img loading=\"lazy\" decoding=\"async\" class=\"alignnone size-medium wp-image-28001 td-animation-stack-type0-1\" src=\"https:\/\/i0.wp.com\/liberationinfo.com\/wp-content\/uploads\/2025\/08\/IMG-20250812-WA0017.jpg?resize=300%2C200\" alt=\"\" width=\"300\" height=\"200\" data-recalc-dims=\"1\" \/><\/a><\/p>\n<p>Plac\u00e9e sous la pr\u00e9sidence du secr\u00e9taire g\u00e9n\u00e9ral du minist\u00e8re de l\u2019Administration du Territoire et de la D\u00e9centralisation, cette c\u00e9l\u00e9bration s\u2019articulait autour de deux th\u00e8mes majeurs\u00a0<em><strong>: \u00ab Construire des communaut\u00e9s r\u00e9silientes par la d\u00e9centralisation inclusive et le d\u00e9veloppement \u00e9quitable<\/strong>\u00a0<\/em>\u00bb et \u00ab\u00a0<em><strong>Le registre national de l\u2019\u00e9tat civil comme fondement des infrastructures publiques num\u00e9riques et des syst\u00e8mes d\u2019identit\u00e9 juridique num\u00e9rique en Guin\u00e9e \u00bb.<\/strong><\/em><\/p>\n<p><a href=\"https:\/\/i0.wp.com\/liberationinfo.com\/wp-content\/uploads\/2025\/08\/IMG-20250812-WA0014.jpg\"><img loading=\"lazy\" decoding=\"async\" class=\"alignnone size-medium wp-image-28002 td-animation-stack-type0-1\" src=\"https:\/\/i0.wp.com\/liberationinfo.com\/wp-content\/uploads\/2025\/08\/IMG-20250812-WA0014.jpg?resize=300%2C200\" alt=\"\" width=\"300\" height=\"200\" data-recalc-dims=\"1\" \/><\/a><\/p>\n<p>Dans son discours d\u2019ouverture, le secr\u00e9taire g\u00e9n\u00e9ral Mohamed Sikh\u00e9 Camara a rappel\u00e9 les progr\u00e8s r\u00e9alis\u00e9s par la Guin\u00e9e en mati\u00e8re de d\u00e9centralisation :\u00a0<em><strong>\u00ab Sous l\u2019impulsion du Comit\u00e9 national du Rassemblement pour le D\u00e9veloppement (CNRD), des avanc\u00e9es notables ont \u00e9t\u00e9 obtenues, notamment le passage \u00e0 375 communes, la mise en \u0153uvre effective du Fonds national de d\u00e9veloppement local, du Fonds de d\u00e9veloppement des communes de Conakry et du Fonds de d\u00e9veloppement \u00e9conomique local. Nous avons \u00e9galement adopt\u00e9 un texte renfor\u00e7ant les comp\u00e9tences, l\u2019autonomie et les ressources des collectivit\u00e9s locales, ainsi que des lois sur l\u2019identification des personnes physiques et sur l\u2019\u00e9tat civil. Par ailleurs, des enqu\u00eates dans les m\u00e9nages ont \u00e9t\u00e9 men\u00e9es pour les audiences foraines administratives, la constitution d\u2019un registre national des personnes physiques et le d\u00e9veloppement d\u2019une application num\u00e9rique pour la gestion de l\u2019\u00e9tat civil. \u00bb<\/strong><\/em><\/p>\n<p><a href=\"https:\/\/i0.wp.com\/liberationinfo.com\/wp-content\/uploads\/2025\/08\/IMG-20250812-WA0016.jpg\"><img loading=\"lazy\" decoding=\"async\" class=\"alignnone size-medium wp-image-28003 td-animation-stack-type0-1\" src=\"https:\/\/i0.wp.com\/liberationinfo.com\/wp-content\/uploads\/2025\/08\/IMG-20250812-WA0016.jpg?resize=300%2C130\" alt=\"\" width=\"300\" height=\"130\" data-recalc-dims=\"1\" \/><\/a><\/p>\n<p>Il a r\u00e9affirm\u00e9, pour conclure, l\u2019engagement du minist\u00e8re \u00e0 mettre en \u0153uvre de mani\u00e8re int\u00e9gr\u00e9e et coh\u00e9rente des politiques de d\u00e9centralisation, de d\u00e9veloppement local et de r\u00e9forme de l\u2019\u00e9tat civil<\/p>\n<p>De son c\u00f4t\u00e9, Mohamed Falo, directeur national des Collectivit\u00e9s locales, a indiqu\u00e9 qu\u2019il s\u2019agissait de la premi\u00e8re fois que la Guin\u00e9e c\u00e9l\u00e8bre la Journ\u00e9e africaine de la D\u00e9centralisation, tandis que celle de l\u2019\u00c9tat civil en est \u00e0 sa huiti\u00e8me \u00e9dition. Il a soulign\u00e9 l\u2019importance de ces journ\u00e9es pour r\u00e9fl\u00e9chir au r\u00f4le des collectivit\u00e9s locales dans la construction nationale et \u00e0 la qualit\u00e9 des services rendus aux populations.<\/p>\n<p>La c\u00e9r\u00e9monie a \u00e9t\u00e9 ponctu\u00e9e par des panels portant sur les enjeux et perspectives de la d\u00e9centralisation en Guin\u00e9e.<\/p>\n<p>&nbsp;<\/p>\n<p><strong>Oumar Konat\u00e9\u00a0<\/strong><\/p>\n<\/div>\n<\/div>\n<\/div>\n<\/div>\n","protected":false},"excerpt":{"rendered":"<p>&nbsp; La c\u00e9l\u00e9bration conjointe de la Journ\u00e9e africaine de la D\u00e9centralisation, du D\u00e9veloppement local et de l\u2019\u00c9tat civil s\u2019est tenue en diff\u00e9r\u00e9 ce 12 ao\u00fbt 2025 \u00e0 Conakry. L\u2019\u00e9v\u00e9nement, marqu\u00e9 par une forte mobilisation, a enregistr\u00e9 la pr\u00e9sence des pr\u00e9sidents des D\u00e9l\u00e9gations sp\u00e9ciales et des secr\u00e9taires g\u00e9n\u00e9raux des Communes de Conakry. \u00c9taient \u00e9galement pr\u00e9sents madame [&hellip;]<\/p>\n","protected":false},"author":2,"featured_media":35204,"comment_status":"closed","ping_status":"closed","sticky":false,"template":"","format":"standard","meta":{"footnotes":""},"categories":[57],"tags":[],"class_list":{"0":"post-35203","1":"post","2":"type-post","3":"status-publish","4":"format-standard","5":"has-post-thumbnail","7":"category-politique"},"_links":{"self":[{"href":"https:\/\/conakrynews.org\/index.php\/wp-json\/wp\/v2\/posts\/35203","targetHints":{"allow":["GET"]}}],"collection":[{"href":"https:\/\/conakrynews.org\/index.php\/wp-json\/wp\/v2\/posts"}],"about":[{"href":"https:\/\/conakrynews.org\/index.php\/wp-json\/wp\/v2\/types\/post"}],"author":[{"embeddable":true,"href":"https:\/\/conakrynews.org\/index.php\/wp-json\/wp\/v2\/users\/2"}],"replies":[{"embeddable":true,"href":"https:\/\/conakrynews.org\/index.php\/wp-json\/wp\/v2\/comments?post=35203"}],"version-history":[{"count":0,"href":"https:\/\/conakrynews.org\/index.php\/wp-json\/wp\/v2\/posts\/35203\/revisions"}],"wp:featuredmedia":[{"embeddable":true,"href":"https:\/\/conakrynews.org\/index.php\/wp-json\/wp\/v2\/media\/35204"}],"wp:attachment":[{"href":"https:\/\/conakrynews.org\/index.php\/wp-json\/wp\/v2\/media?parent=35203"}],"wp:term":[{"taxonomy":"category","embeddable":true,"href":"https:\/\/conakrynews.org\/index.php\/wp-json\/wp\/v2\/categories?post=35203"},{"taxonomy":"post_tag","embeddable":true,"href":"https:\/\/conakrynews.org\/index.php\/wp-json\/wp\/v2\/tags?post=35203"}],"curies":[{"name":"wp","href":"https:\/\/api.w.org\/{rel}","templated":true}]}}