{"id":35220,"date":"2025-08-13T16:17:39","date_gmt":"2025-08-13T16:17:39","guid":{"rendered":"https:\/\/conakrynews.org\/?p=35220"},"modified":"2025-08-13T16:17:39","modified_gmt":"2025-08-13T16:17:39","slug":"en-pleine-vague-de-chaleur-plusieurs-morts-en-espagne-en-proie-aux-incendies-geants","status":"publish","type":"post","link":"https:\/\/conakrynews.org\/index.php\/en-pleine-vague-de-chaleur-plusieurs-morts-en-espagne-en-proie-aux-incendies-geants\/","title":{"rendered":"En pleine vague de chaleur, plusieurs morts en Espagne en proie aux incendies g\u00e9ants"},"content":{"rendered":"<h1 class=\"name post-title entry-title\"><\/h1>\n<p class=\"post-meta\">\n<div class=\"clear\"><\/div>\n<div class=\"entry\">\n<p>En Espagne, de la Galice \u00e0 l\u2019Andalousie, on compte une vingtaine de feux de for\u00eats d\u2019une particuli\u00e8re intensit\u00e9. On d\u00e9nombre trois victimes et plusieurs pompiers bless\u00e9s. Pedro S\u00e1nchez, le chef du gouvernement, a parl\u00e9 de \u00ab\u00a0<em>risques extr\u00eames\u00a0<\/em>\u00bb. Et une pr\u00e9-alerte de la dangerosit\u00e9 maximum a \u00e9t\u00e9 d\u00e9clench\u00e9e, alors que les temp\u00e9ratures se maintiennent tr\u00e8s hautes.<\/p>\n<p>Un homme est mort en luttant contre un incendie dans la r\u00e9gion de Le\u00f3n, a annonc\u00e9, mardi 12 ao\u00fbt, le pr\u00e9fet de Castille-et-Le\u00f3n. \u00ab\u00a0<em>Mes plus sinc\u00e8res condol\u00e9ances \u00e0 la famille et \u00e0 l\u2019entourage du d\u00e9funt qui participait au dispositif de lutte contre les incendies \u00e0 Le\u00f3n, dans la zone de Nogarejas. Qu\u2019il repose en paix<\/em>\u00a0\u00bb, a \u00e9crit Nicanor Sen V\u00e9lez sur le r\u00e9seau social X.<\/p>\n<p>Le pr\u00e9sident r\u00e9gional de la Castille-et-L\u00e9on a appel\u00e9 \u00e0 la prudence et \u00e0 suivre les indications communiqu\u00e9es par les autorit\u00e9s espagnoles. Le Premier ministre Pedro S\u00e1nchez a d\u00e9plor\u00e9 \u00ab\u00a0<em>le d\u00e9c\u00e8s d\u2019un volontaire alors qu\u2019il effectuait des travaux d\u2019extinction \u00e0 Le\u00f3n<\/em>\u00a0\u00bb, avant de souhaiter \u00ab\u00a0<em>beaucoup de courage et un prompt r\u00e9tablissement aux personnes bless\u00e9es dans ce m\u00eame incendie<\/em>\u00a0\u00bb.<\/p>\n<h2>Aucune r\u00e9gion \u00e9pargn\u00e9e<\/h2>\n<p>L\u2019un des pires feux qui ravage l\u2019Espagne est situ\u00e9 \u00e0\u00a0Tres Cantos, dans la banlieue nord de Madrid. Il est d\u00e9sormais sous contr\u00f4le, mais l\u2019image de Mircea, un Roumain, qui, en voulant sauver les chevaux d\u2019un centre hippique o\u00f9 il travaillait, restera dans les m\u00e9moires, rapporte notre correspondant \u00e0 Madrid,\u00a0<strong>Fran\u00e7ois Musseau<\/strong>.<\/p>\n<p>Aux abords de la capitale, on n\u2019avait jamais vu cela. Tout comme en Galice, o\u00f9 2\u00a0000 hectares de for\u00eats ont br\u00fbl\u00e9. \u00c0 Zamora, pr\u00e8s de la fronti\u00e8re portugaise, c\u2019est 3\u00a0500 hectares qui ont \u00e9t\u00e9 ravag\u00e9s par les flammes. En Castille, ce sont 2\u00a0500 personnes qui ont \u00e9t\u00e9 \u00e9vacu\u00e9es.<\/p>\n<p>La panique, aussi, s\u2019est empar\u00e9e de Tarifa, l\u2019extr\u00eame-sud andalou connu pour ses plages de r\u00eave, o\u00f9 des centaines de vacanciers et habitants ont d\u00fb \u00eatre \u00e9vacu\u00e9s.<\/p>\n<p>Si en Galice, on soup\u00e7onne une femme d\u2019\u00eatre \u00e0 l\u2019origine de cinq incendies, en g\u00e9n\u00e9ral, les causes seraient naturelles, notamment du fait de ph\u00e9nom\u00e8nes d\u2019orages secs. En Galice, justement, dans la r\u00e9gion d\u2019Ourense, le train rapide a \u00e9t\u00e9 interrompu, dans une zone o\u00f9 il y a eu plus d\u2019incendies en une seule journ\u00e9e qu\u2019au cours de toute l\u2019ann\u00e9e pass\u00e9e.<\/p>\n<p>Les sp\u00e9cialistes mettent en avant aussi des temp\u00e9ratures tr\u00e8s hautes, au-del\u00e0 de 40\u00b0C dans plusieurs cas, des campagnes tr\u00e8s s\u00e8ches et des vents puissants. L\u2019agence nationale de m\u00e9t\u00e9orologie a indiqu\u00e9 que la situation devrait s\u2019am\u00e9liorer \u00e0 partir du 16 ao\u00fbt.<\/p>\n<h2>Un saisonnier mort de chaleur en Catalogne<\/h2>\n<p>Les incendies mais aussi l\u2019extr\u00eame chaleur causent la mort de travailleurs en\u00a0<strong><a class=\"gtm-add-suggested-tag\" href=\"https:\/\/www.rfi.fr\/fr\/tag\/espagne\/\" target=\"_self\" rel=\"noopener noreferrer\">Espagne<\/a><\/strong>. Lundi 10 ao\u00fbt, il faisait plus de 40\u00b0C dans les champs d\u2019Alcarr\u00e0s, pr\u00e8s Lleida en\u00a0<strong><a class=\"gtm-add-suggested-tag\" href=\"https:\/\/www.rfi.fr\/fr\/tag\/catalogne\/\" target=\"_self\" rel=\"noopener noreferrer\">Catalogne<\/a><\/strong>, lorsqu\u2019un saisonnier qui r\u00e9coltait des fruits s\u2019est effondr\u00e9 apr\u00e8s s\u2019\u00eatre plaint de vertiges.<\/p>\n<p>Un d\u00e9c\u00e8s malheureusement pr\u00e9visible, selon Llibert Rexach, de l\u2019association\u00a0<em>Fruita Amb Justicia Social,<\/em>\u00a0au micro de notre correspondante \u00e0 Barcelone,\u00a0<strong>Elise Gazengel<\/strong>\u00a0: \u00ab\u00a0<em>Nous savons et d\u00e9tectons constamment des entreprises qui n\u2019appliquent pas les protocoles de pr\u00e9vention de risques et qu\u2019une grande partie de ces saisonniers n\u2019ont m\u00eame pas acc\u00e8s \u00e0 de l\u2019eau dans la journ\u00e9e.<\/em>\u00a0\u00bb<\/p>\n<p>D\u2019origine roumaine, l\u2019homme de 61 ans est mort sous un arbre, avant m\u00eame que l\u2019ambulance arrive, selon ses coll\u00e8gues qui affirment travailler 10 heures par jour malgr\u00e9 la chaleur. Syndicats et activistes r\u00e9clament plus de contr\u00f4le de l\u2019inspection du travail\u00a0: \u00ab\u00a0<em>Il ne faut pas attendre une autre mort pour demander l\u2019application des mesures ! Il faut plus de contr\u00f4le de l\u2019\u00c9tat sur ce secteur qui fait des b\u00e9n\u00e9fices sur la pr\u00e9carit\u00e9 des personnes immigr\u00e9es, parce que ce secteur se nourrit de la pr\u00e9carit\u00e9 et l\u2019invisibilisation.<\/em>\u00a0\u00bb<\/p>\n<p>&nbsp;<\/p>\n<p><strong>Avec RFI<\/strong><\/p>\n<\/div>\n","protected":false},"excerpt":{"rendered":"<p>En Espagne, de la Galice \u00e0 l\u2019Andalousie, on compte une vingtaine de feux de for\u00eats d\u2019une particuli\u00e8re intensit\u00e9. On d\u00e9nombre trois victimes et plusieurs pompiers bless\u00e9s. Pedro S\u00e1nchez, le chef du gouvernement, a parl\u00e9 de \u00ab\u00a0risques extr\u00eames\u00a0\u00bb. Et une pr\u00e9-alerte de la dangerosit\u00e9 maximum a \u00e9t\u00e9 d\u00e9clench\u00e9e, alors que les temp\u00e9ratures se maintiennent tr\u00e8s hautes. [&hellip;]<\/p>\n","protected":false},"author":2,"featured_media":35221,"comment_status":"closed","ping_status":"closed","sticky":false,"template":"","format":"standard","meta":{"footnotes":""},"categories":[58],"tags":[],"class_list":{"0":"post-35220","1":"post","2":"type-post","3":"status-publish","4":"format-standard","5":"has-post-thumbnail","7":"category-societe"},"_links":{"self":[{"href":"https:\/\/conakrynews.org\/index.php\/wp-json\/wp\/v2\/posts\/35220","targetHints":{"allow":["GET"]}}],"collection":[{"href":"https:\/\/conakrynews.org\/index.php\/wp-json\/wp\/v2\/posts"}],"about":[{"href":"https:\/\/conakrynews.org\/index.php\/wp-json\/wp\/v2\/types\/post"}],"author":[{"embeddable":true,"href":"https:\/\/conakrynews.org\/index.php\/wp-json\/wp\/v2\/users\/2"}],"replies":[{"embeddable":true,"href":"https:\/\/conakrynews.org\/index.php\/wp-json\/wp\/v2\/comments?post=35220"}],"version-history":[{"count":0,"href":"https:\/\/conakrynews.org\/index.php\/wp-json\/wp\/v2\/posts\/35220\/revisions"}],"wp:featuredmedia":[{"embeddable":true,"href":"https:\/\/conakrynews.org\/index.php\/wp-json\/wp\/v2\/media\/35221"}],"wp:attachment":[{"href":"https:\/\/conakrynews.org\/index.php\/wp-json\/wp\/v2\/media?parent=35220"}],"wp:term":[{"taxonomy":"category","embeddable":true,"href":"https:\/\/conakrynews.org\/index.php\/wp-json\/wp\/v2\/categories?post=35220"},{"taxonomy":"post_tag","embeddable":true,"href":"https:\/\/conakrynews.org\/index.php\/wp-json\/wp\/v2\/tags?post=35220"}],"curies":[{"name":"wp","href":"https:\/\/api.w.org\/{rel}","templated":true}]}}