{"id":35226,"date":"2025-08-14T00:49:04","date_gmt":"2025-08-14T00:49:04","guid":{"rendered":"https:\/\/conakrynews.org\/?p=35226"},"modified":"2025-08-14T00:49:04","modified_gmt":"2025-08-14T00:49:04","slug":"guinee-le-premier-ministre-preside-le-lancement-officiel-du-vaccin-antipaludique","status":"publish","type":"post","link":"https:\/\/conakrynews.org\/index.php\/guinee-le-premier-ministre-preside-le-lancement-officiel-du-vaccin-antipaludique\/","title":{"rendered":"Guin\u00e9e: le premier ministre pr\u00e9side le lancement officiel du vaccin antipaludique"},"content":{"rendered":"<h1 class=\"name post-title entry-title\"><\/h1>\n<p class=\"post-meta\">\n<div class=\"clear\"><\/div>\n<div class=\"entry\">\n<div class=\"elementor-element elementor-element-11dc722 elementor-widget elementor-widget-theme-post-title elementor-page-title elementor-widget-heading\" data-id=\"11dc722\" data-element_type=\"widget\" data-widget_type=\"theme-post-title.default\">\n<div class=\"elementor-widget-container\">Le Premier ministre, Amadou Oury BAH d\u00e9sign\u00e9 champion de la vaccination, a pr\u00e9sid\u00e9 ce mercredi le lancement officiel du vaccin antipaludique RTS,S : une avanc\u00e9e historique dans la lutte contre le paludisme en Guin\u00e9e suivant les orientations strat\u00e9giques du Pr\u00e9sident de la R\u00e9publique, Chef de l\u2019Etat, le G\u00e9n\u00e9ral Mamadi Doumbouya.<\/div>\n<\/div>\n<div class=\"elementor-element elementor-element-77521c64 elementor-widget elementor-widget-theme-post-content\" data-id=\"77521c64\" data-element_type=\"widget\" data-widget_type=\"theme-post-content.default\">\n<div class=\"elementor-widget-container\">\n<div class=\"elementor-element elementor-element-77521c64 elementor-widget elementor-widget-theme-post-content\" data-id=\"77521c64\" data-element_type=\"widget\" data-widget_type=\"theme-post-content.default\">\n<div class=\"elementor-widget-container\">\n<p>La c\u00e9r\u00e9monie a rassembl\u00e9 des Membres du CNRD, du Pr\u00e9sident du CNT, Dr Dansa Kourouma, des Membres du Gouvernement, des Partenaires techniques et financiers, Repr\u00e9sentants de la soci\u00e9t\u00e9 civile.<br \/>\n\u00ab La vaccination n\u2019est pas une option : elle est un droit pour les plus jeunes et un devoir pour nous envers nos enfants. Se prot\u00e9ger, c\u2019est donner \u00e0 notre corps les moyens de se d\u00e9fendre. Vacciner, c\u2019est un acte de protection, de responsabilit\u00e9 et d\u2019amour \u00bb, a d\u00e9clar\u00e9 le Chef du Gouvernement.<br \/>\nLa premi\u00e8re phase concerne les enfants de 5 \u00e0 23 mois dans 4 districts sanitaires \u00e0 forte pr\u00e9valence : Mamou, Kankan, Yomou et Gaoual, avant une extension progressive sur tout le territoire.<br \/>\nLa ministre de la Promotion f\u00e9minine, de l\u2019enfance et des personnes vuln\u00e9rables, Madame Charlotte Daff\u00e9, repr\u00e9sentant le ministre de la Sant\u00e9, a salu\u00e9 \u00ab une \u00e9tape d\u00e9cisive dans la protection de nos enfants \u00bb.<br \/>\nLa repr\u00e9sentante de l\u2019UNICEF en Guin\u00e9e, Madame Maddalena BERTOLOTTI, a rappel\u00e9 que \u00ab chaque enfant vaccin\u00e9 est une victoire contre le paludisme et pour l\u2019avenir de la Guin\u00e9e \u00bb.<br \/>\nNouveaut\u00e9 : les s\u00e9ances de vaccination permettront aussi l\u2019enregistrement des naissances pour renforcer l\u2019\u00e9tat civil. Il convient de pr\u00e9ciser que ce vaccin est gratuit, s\u00fbr et valid\u00e9 par l\u2019Organisation mondiale de la sant\u00e9 (OMS).<br \/>\nAvec ce lancement, la Guin\u00e9e rejoint les pays pionniers en Afrique engag\u00e9s \u00e0 b\u00e2tir un avenir sans paludisme.<\/p>\n<p>&nbsp;<\/p>\n<\/div>\n<\/div>\n<p><strong>Avec CCG<\/strong><\/p>\n<p>&nbsp;<\/p>\n<\/div>\n<\/div>\n<\/div>\n","protected":false},"excerpt":{"rendered":"<p>Le Premier ministre, Amadou Oury BAH d\u00e9sign\u00e9 champion de la vaccination, a pr\u00e9sid\u00e9 ce mercredi le lancement officiel du vaccin antipaludique RTS,S : une avanc\u00e9e historique dans la lutte contre le paludisme en Guin\u00e9e suivant les orientations strat\u00e9giques du Pr\u00e9sident de la R\u00e9publique, Chef de l\u2019Etat, le G\u00e9n\u00e9ral Mamadi Doumbouya. La c\u00e9r\u00e9monie a rassembl\u00e9 des [&hellip;]<\/p>\n","protected":false},"author":2,"featured_media":35225,"comment_status":"closed","ping_status":"closed","sticky":false,"template":"","format":"standard","meta":{"footnotes":""},"categories":[59],"tags":[],"class_list":{"0":"post-35226","1":"post","2":"type-post","3":"status-publish","4":"format-standard","5":"has-post-thumbnail","7":"category-sante"},"_links":{"self":[{"href":"https:\/\/conakrynews.org\/index.php\/wp-json\/wp\/v2\/posts\/35226","targetHints":{"allow":["GET"]}}],"collection":[{"href":"https:\/\/conakrynews.org\/index.php\/wp-json\/wp\/v2\/posts"}],"about":[{"href":"https:\/\/conakrynews.org\/index.php\/wp-json\/wp\/v2\/types\/post"}],"author":[{"embeddable":true,"href":"https:\/\/conakrynews.org\/index.php\/wp-json\/wp\/v2\/users\/2"}],"replies":[{"embeddable":true,"href":"https:\/\/conakrynews.org\/index.php\/wp-json\/wp\/v2\/comments?post=35226"}],"version-history":[{"count":0,"href":"https:\/\/conakrynews.org\/index.php\/wp-json\/wp\/v2\/posts\/35226\/revisions"}],"wp:featuredmedia":[{"embeddable":true,"href":"https:\/\/conakrynews.org\/index.php\/wp-json\/wp\/v2\/media\/35225"}],"wp:attachment":[{"href":"https:\/\/conakrynews.org\/index.php\/wp-json\/wp\/v2\/media?parent=35226"}],"wp:term":[{"taxonomy":"category","embeddable":true,"href":"https:\/\/conakrynews.org\/index.php\/wp-json\/wp\/v2\/categories?post=35226"},{"taxonomy":"post_tag","embeddable":true,"href":"https:\/\/conakrynews.org\/index.php\/wp-json\/wp\/v2\/tags?post=35226"}],"curies":[{"name":"wp","href":"https:\/\/api.w.org\/{rel}","templated":true}]}}