{"id":35285,"date":"2025-08-16T14:03:03","date_gmt":"2025-08-16T14:03:03","guid":{"rendered":"https:\/\/conakrynews.org\/?p=35285"},"modified":"2025-08-16T14:25:00","modified_gmt":"2025-08-16T14:25:00","slug":"celebration-de-la-fete-de-lassomption-a-la-cathedrale-sainte-marie-de-conakry","status":"publish","type":"post","link":"https:\/\/conakrynews.org\/index.php\/celebration-de-la-fete-de-lassomption-a-la-cathedrale-sainte-marie-de-conakry\/","title":{"rendered":"C\u00e9l\u00e9bration de la f\u00eate de l&rsquo;assomption \u00e0 la cath\u00e9drale sainte Marie de Conakry"},"content":{"rendered":"<div id=\"m#msg-a:r8480130758376715898\" class=\"mail-message expanded\">\n<div id=\"m#msg-a:r8480130758376715898-content\" class=\"mail-message-content collapsible zoom-normal mail-show-images \">\n<div class=\"clear\">\n<div dir=\"auto\">\n<div dir=\"auto\"><\/div>\n<div dir=\"auto\"><\/div>\n<div dir=\"auto\"><\/div>\n<div dir=\"auto\">Le 15 Ao\u00fbt comm\u00e9more la f\u00eate de la vierge Marie \u00e9lev\u00e9e au ciel corps et \u00e2me dans la gloire de Dieu, aupr\u00e8s de son fils.<\/div>\n<div dir=\"auto\">L\u2019assomption de la vierge Marie est le signe de notre propre esp\u00e9rance . Sous le pied de la Croix , le Christ notre seigneur nous confia \u00e0 Marie par l\u2019interm\u00e9diaire de Jean qui nous repr\u00e9sentais \u00ab m\u00e8re voici ton fils,\u00a0 fils voici ta m\u00e8re\u00a0 \u00bb Marie a ce bonheur que Dieu lui a donn\u00e9 , et elle nous le transmet \u00e0 tous . La vierge un mod\u00e8le de foi dans l\u2019\u00e9glise catholique interc\u00e8de pour nous en tout\u00a0 temps. En lui confiant nos soucis, elle est une m\u00e8re attentive, tel est le cas au nonce de cana par son interm\u00e9diaire son fils\u00a0 le Christ \u00e0 changer l\u2019eau en vin.\u00a0 Une m\u00e8re inqui\u00e9tante quant son fils \u00e9gar\u00e9 \u00e0 l\u2019\u00e2ge de 12 ans , elle part \u00e0 la sa recherche, elle veille sur nous\u2026<\/div>\n<div dir=\"auto\">Cependant cette f\u00eate est un moment de communion et d\u2019unit\u00e9 spirituelle .En d\u00e9montrant notre attachement \u00e0 Marie\u00a0 la messe\u00a0 commence par une grande\u00a0 \u00a0procession mariale, accompagn\u00e9e\u00a0 par des cantiques religieux\u00a0 correspondant \u00e0 la solennit\u00e9 de la f\u00eate. Les textes liturgiques tir\u00e9s, la premi\u00e8re\u00a0 lecture de l\u2019apocalypse de st jean-Ap 11,19a ; 12, 1-6a.10ab. Et la deuxi\u00e8me lecture de la premi\u00e8re lettre saint Paul ap\u00f4tre aux corinthiens -1 co15,20-27a<\/div>\n<div dir=\"auto\">Evangile selon st Luc- 1,39-56 nous aident \u00e0 comprendre le sens de cette f\u00eate , c\u2019est pourquoi, il convient que nous les approfondissions quelques instants.<\/div>\n<div dir=\"auto\">\n<p>A la cath\u00e9drale sainte Marie de Conakry qui porte le nom de la vierge m\u00e8re \u00ab Marie \u00bb\u00a0 c\u00e9l\u00e8bre sa f\u00eate patronale , la messe a \u00e9t\u00e9 pr\u00e9sid\u00e9 par l\u2019archev\u00eaque\u00a0 monseigneur Vincent Koulibaly . A cette occasion le gouvernement \u00e9tait repr\u00e9sent\u00e9 par le ministre de l\u2019enseignement \u2026 Paul C\u00e9di et le pr\u00e9sident de la d\u00e9l\u00e9gation\u2026 sp\u00e9ciale de kaloum,Bangaly Ayache Bangoura.<span style=\"color: #222222;font-family: Verdana, Geneva, sans-serif;font-size: 15px\">L\u2019archev\u00eaque dans son hom\u00e9lie a pens\u00e9 \u00e0 l\u2019avenir de notre pays \u00ab\u00a0 la f\u00eate de cette ann\u00e9e\u00a0 co\u00efncide aux \u00e9v\u00e9nements majeures tels que le projet de vulgarisation de la nouvelle constitution ,\u00a0 l\u2019organisat<\/span><img loading=\"lazy\" decoding=\"async\" class=\"alignnone size-medium wp-image-35286\" style=\"color: #222222;font-family: Verdana, Geneva, sans-serif;font-size: 15px\" src=\"https:\/\/conakrynews.org\/wp-content\/uploads\/2025\/08\/IMG-20250816-WA0007-281x375.jpg\" alt=\"\" width=\"281\" height=\"375\" srcset=\"https:\/\/conakrynews.org\/wp-content\/uploads\/2025\/08\/IMG-20250816-WA0007-281x375.jpg 281w, https:\/\/conakrynews.org\/wp-content\/uploads\/2025\/08\/IMG-20250816-WA0007-150x200.jpg 150w, https:\/\/conakrynews.org\/wp-content\/uploads\/2025\/08\/IMG-20250816-WA0007-300x400.jpg 300w, https:\/\/conakrynews.org\/wp-content\/uploads\/2025\/08\/IMG-20250816-WA0007-696x928.jpg 696w, https:\/\/conakrynews.org\/wp-content\/uploads\/2025\/08\/IMG-20250816-WA0007-315x420.jpg 315w, https:\/\/conakrynews.org\/wp-content\/uploads\/2025\/08\/IMG-20250816-WA0007.jpg 736w\" sizes=\"auto, (max-width: 281px) 100vw, 281px\" \/><img loading=\"lazy\" decoding=\"async\" class=\"alignnone size-full wp-image-35287\" style=\"color: #222222;font-family: Verdana, Geneva, sans-serif;font-size: 15px\" src=\"https:\/\/conakrynews.org\/wp-content\/uploads\/2025\/08\/IMG-20250816-WA0008.jpg\" alt=\"\" width=\"448\" height=\"373\" srcset=\"https:\/\/conakrynews.org\/wp-content\/uploads\/2025\/08\/IMG-20250816-WA0008.jpg 448w, https:\/\/conakrynews.org\/wp-content\/uploads\/2025\/08\/IMG-20250816-WA0008-150x125.jpg 150w, https:\/\/conakrynews.org\/wp-content\/uploads\/2025\/08\/IMG-20250816-WA0008-300x250.jpg 300w\" sizes=\"auto, (max-width: 448px) 100vw, 448px\" \/><img loading=\"lazy\" decoding=\"async\" class=\"alignnone size-medium wp-image-35288\" style=\"color: #222222;font-family: Verdana, Geneva, sans-serif;font-size: 15px\" src=\"https:\/\/conakrynews.org\/wp-content\/uploads\/2025\/08\/IMG-20250816-WA0006-500x375.jpg\" alt=\"\" width=\"500\" height=\"375\" srcset=\"https:\/\/conakrynews.org\/wp-content\/uploads\/2025\/08\/IMG-20250816-WA0006-500x375.jpg 500w, https:\/\/conakrynews.org\/wp-content\/uploads\/2025\/08\/IMG-20250816-WA0006-768x576.jpg 768w, https:\/\/conakrynews.org\/wp-content\/uploads\/2025\/08\/IMG-20250816-WA0006-150x113.jpg 150w, https:\/\/conakrynews.org\/wp-content\/uploads\/2025\/08\/IMG-20250816-WA0006-300x225.jpg 300w, https:\/\/conakrynews.org\/wp-content\/uploads\/2025\/08\/IMG-20250816-WA0006-696x522.jpg 696w, https:\/\/conakrynews.org\/wp-content\/uploads\/2025\/08\/IMG-20250816-WA0006-1068x801.jpg 1068w, https:\/\/conakrynews.org\/wp-content\/uploads\/2025\/08\/IMG-20250816-WA0006-560x420.jpg 560w, https:\/\/conakrynews.org\/wp-content\/uploads\/2025\/08\/IMG-20250816-WA0006-80x60.jpg 80w, https:\/\/conakrynews.org\/wp-content\/uploads\/2025\/08\/IMG-20250816-WA0006-265x198.jpg 265w, https:\/\/conakrynews.org\/wp-content\/uploads\/2025\/08\/IMG-20250816-WA0006.jpg 1280w\" sizes=\"auto, (max-width: 500px) 100vw, 500px\" \/><span style=\"color: #222222;font-family: Verdana, Geneva, sans-serif;font-size: 15px\">ion du r\u00e9f\u00e9rendum constitutionnel, l\u2019anniversaire du CNRD tous au cours du mois de Septembre. Et les forces vives appelle \u00e0 manifester la date\u00a0 du 5\u00a0 Septembre f\u00eate anniversaire de CNRD. L\u2019archev\u00eaque a exprim\u00e9 ses inqui\u00e9tudes\u00a0 avant d&rsquo;inviter des Guin\u00e9ens\u00a0 \u00e0 la retenue et \u00e0 une r\u00e9solution pacifique\u2026 \u00bb<\/span><\/p>\n<\/div>\n<div dir=\"auto\">Les pri\u00e8res ont \u00e9t\u00e9 formul\u00e9es pour nos diff\u00e9rentes intentions et pour le pays.<\/div>\n<div dir=\"auto\"><\/div>\n<div dir=\"auto\">Anne Marie Sompar\u00e9<\/div>\n<\/div>\n<\/div>\n<\/div>\n<div id=\"m#msg-a:r8480130758376715898-footer\" class=\"mail-message-footer spacer collapsible\"><\/div>\n<\/div>\n","protected":false},"excerpt":{"rendered":"<p>Le 15 Ao\u00fbt comm\u00e9more la f\u00eate de la vierge Marie \u00e9lev\u00e9e au ciel corps et \u00e2me dans la gloire de Dieu, aupr\u00e8s de son fils. L\u2019assomption de la vierge Marie est le signe de notre propre esp\u00e9rance . Sous le pied de la Croix , le Christ notre seigneur nous confia \u00e0 Marie par l\u2019interm\u00e9diaire [&hellip;]<\/p>\n","protected":false},"author":2,"featured_media":35289,"comment_status":"closed","ping_status":"closed","sticky":false,"template":"","format":"standard","meta":{"footnotes":""},"categories":[1],"tags":[],"class_list":{"0":"post-35285","1":"post","2":"type-post","3":"status-publish","4":"format-standard","5":"has-post-thumbnail","7":"category-non-classe"},"_links":{"self":[{"href":"https:\/\/conakrynews.org\/index.php\/wp-json\/wp\/v2\/posts\/35285","targetHints":{"allow":["GET"]}}],"collection":[{"href":"https:\/\/conakrynews.org\/index.php\/wp-json\/wp\/v2\/posts"}],"about":[{"href":"https:\/\/conakrynews.org\/index.php\/wp-json\/wp\/v2\/types\/post"}],"author":[{"embeddable":true,"href":"https:\/\/conakrynews.org\/index.php\/wp-json\/wp\/v2\/users\/2"}],"replies":[{"embeddable":true,"href":"https:\/\/conakrynews.org\/index.php\/wp-json\/wp\/v2\/comments?post=35285"}],"version-history":[{"count":0,"href":"https:\/\/conakrynews.org\/index.php\/wp-json\/wp\/v2\/posts\/35285\/revisions"}],"wp:featuredmedia":[{"embeddable":true,"href":"https:\/\/conakrynews.org\/index.php\/wp-json\/wp\/v2\/media\/35289"}],"wp:attachment":[{"href":"https:\/\/conakrynews.org\/index.php\/wp-json\/wp\/v2\/media?parent=35285"}],"wp:term":[{"taxonomy":"category","embeddable":true,"href":"https:\/\/conakrynews.org\/index.php\/wp-json\/wp\/v2\/categories?post=35285"},{"taxonomy":"post_tag","embeddable":true,"href":"https:\/\/conakrynews.org\/index.php\/wp-json\/wp\/v2\/tags?post=35285"}],"curies":[{"name":"wp","href":"https:\/\/api.w.org\/{rel}","templated":true}]}}