{"id":35311,"date":"2025-08-18T20:25:15","date_gmt":"2025-08-18T20:25:15","guid":{"rendered":"https:\/\/conakrynews.org\/?p=35311"},"modified":"2025-08-18T20:25:15","modified_gmt":"2025-08-18T20:25:15","slug":"les-incendies-ont-deja-ravage-343-000-hectares-en-2025-en-espagne-un-nouveau-record","status":"publish","type":"post","link":"https:\/\/conakrynews.org\/index.php\/les-incendies-ont-deja-ravage-343-000-hectares-en-2025-en-espagne-un-nouveau-record\/","title":{"rendered":"Les incendies ont d\u00e9j\u00e0 ravag\u00e9 343.000 hectares en 2025 en Espagne, un nouveau record"},"content":{"rendered":"<div class=\"single-post-thumb\"><\/div>\n<div class=\"post-inner\">\n<h1 class=\"name post-title entry-title\"><\/h1>\n<p class=\"post-meta\">\n<div class=\"clear\"><\/div>\n<div class=\"entry\">\n<p>Les flammes ont d\u00e9j\u00e0 ravag\u00e9 plus de 343.000 hectares depuis le d\u00e9but de l\u2019ann\u00e9e en Espagne, un nouveau record pour le pays, o\u00f9 des milliers de pompiers et de militaires luttent toujours lundi contre des incendies d\u00e9vastateurs dans l\u2019ouest et le nord-ouest.<\/p>\n<p>Selon le Syst\u00e8me Europ\u00e9en d\u2019Information sur les Incendies de For\u00eat (EFFIS), l\u2019ann\u00e9e 2022 avait jusqu\u2019\u00e0 pr\u00e9sent \u00e9t\u00e9 la pire en Espagne sur le front des incendies (306.000 hectares calcin\u00e9s).<\/p>\n<p>Le Portugal d\u00e9tient le record europ\u00e9en, depuis le d\u00e9but des relev\u00e9s en 2006, avec 563.000 hectares br\u00fbl\u00e9s en 2017, lors d\u2019incendies ayant fait 119 morts.<\/p>\n<p>Depuis le d\u00e9but de l\u2019ann\u00e9e, plus de 560.000 hectares ont br\u00fbl\u00e9 dans les deux pays, toujours en proie \u00e0 de violents sinistres cet \u00e9t\u00e9, particuli\u00e8rement virulents depuis le d\u00e9but d\u2019une vague de chaleur il y a 15 jours, et qui ont d\u00e9j\u00e0 fait six morts.<\/p>\n<p>Seule petite note d\u2019espoir: cette vague de chaleur, carburant des incendies, touche \u00e0 sa fin, selon l\u2019Agence m\u00e9t\u00e9orologique espagnole (Aemet).<\/p>\n<h2>\u00ab\u00a0Comme du brouillard\u00a0\u00bb<\/h2>\n<p>Mais en attendant d\u2019\u00e9ventuels effets b\u00e9n\u00e9fiques d\u2019une baisse des temp\u00e9ratures, qui ont atteint jusqu\u2019\u00e0 45\u00b0C dans le sud de l\u2019Espagne, aucune accalmie n\u2019\u00e9tait en vue lundi.<\/p>\n<p>En Espagne, les sinistres les plus graves se concentrent dans les r\u00e9gions d\u2019Extr\u00e9madure (ouest), Galice (nord-ouest) et Castille-et-Le\u00f3n (nord-ouest).<\/p>\n<p>Des milliers d\u2019\u00e9vacuations s\u2019y pr\u00e9parent devant l\u2019avanc\u00e9e des flammes, notamment \u00e0 Ribadelago (Castille-et-Le\u00f3n), o\u00f9 Andrea Fernandez, 29 ans, a racont\u00e9 \u00e0 l\u2019AFP apercevoir \u00ab\u00a0beaucoup de fum\u00e9e\u00a0\u00bb et sentir une odeur de \u00ab\u00a0br\u00fbl\u00e9\u00a0\u00bb.<\/p>\n<p>\u00ab\u00a0C\u2019est comme s\u2019il y avait du brouillard, on ne voit pas les montagnes qui sont \u00e0 1 km, certaines personnes portent des masques\u00a0\u00bb, a-t-elle d\u00e9crit.<\/p>\n<p>Depuis sa fen\u00eatre, elle voit avions et h\u00e9licopt\u00e8res se succ\u00e9der autour du lac de Sanabria, pour faire des r\u00e9serves d\u2019eau et les d\u00e9verser sur les zones en feu. Les \u00e9leveurs de la zone, eux, ont descendu leurs b\u00eates des p\u00e2turages pour les mettre \u00e0 l\u2019abri.<\/p>\n<p>Comme tous les habitants de Ribadelago, Andrea Fernandez a re\u00e7u plusieurs alertes sur son t\u00e9l\u00e9phone l\u2019invitant \u00e0 une \u00ab\u00a0\u00e9vacuation volontaire\u00a0\u00bb, dans une zone o\u00f9 sont pr\u00e9sents beaucoup de vacanciers en plus des habitants.<\/p>\n<p>\u00ab\u00a0Nous avons actuellement 23 incendies actifs de niveau 2\u00a0\u00bb, ce qui d\u00e9signe des feux repr\u00e9sentant une menace grave et directe pour la population, a r\u00e9sum\u00e9 lundi matin \u00e0 la t\u00e9l\u00e9vision publique TVE Virginia Barcones, directrice g\u00e9n\u00e9rale de la Protection civile et des Urgences en Espagne.<\/p>\n<h2>\u00ab\u00a0Situation tr\u00e8s compliqu\u00e9e\u00a0\u00bb<\/h2>\n<p>\u00ab\u00a0C\u2019est une situation tr\u00e8s difficile, tr\u00e8s compliqu\u00e9e\u00a0\u00bb, a expliqu\u00e9 \u00e0 TVE la ministre espagnole de la D\u00e9fense, Margarita Robles, \u00e9voquant la \u00ab\u00a0virulence\u00a0\u00bb et l&rsquo;\u00a0\u00bbampleur\u00a0\u00bb des incendies, ainsi que la fum\u00e9e, visible depuis l\u2019espace et qui complique \u00ab\u00a0les interventions par voie a\u00e9rienne\u00a0\u00bb.<\/p>\n<p>Au cours des derni\u00e8res heures, ces sinistres ont en outre fait deux nouvelles victimes, un pompier en Espagne et un autre au Portugal, faisant grimper le bilan \u00e0 quatre d\u00e9c\u00e8s dans le premier pays et deux dans le second.<\/p>\n<p>En Espagne, ce pompier est mort lorsque son v\u00e9hicule, charg\u00e9 d\u2019eau, s\u2019est renvers\u00e9 dans la province de Le\u00f3n. Il faisait partie d\u2019un convoi qui quittait les lieux de l\u2019incendie pour se reposer en empruntant une piste foresti\u00e8re tr\u00e8s pentue et a fini par tomber dans un ravin.<\/p>\n<p>Au Portugal \u00e9galement, un pompier est d\u00e9c\u00e9d\u00e9 dimanche dans un accident de la route qui a fait deux bless\u00e9s graves parmi ses coll\u00e8gues, selon le pr\u00e9sident de la R\u00e9publique, Marcelo Rebelo de Sousa.<\/p>\n<p>Le pays combat principalement un grand incendie pr\u00e8s d\u2019Arganil, dans le centre du pays, o\u00f9 sont mobilis\u00e9s la moiti\u00e9 des 2.000 pompiers sur le terrain.<\/p>\n<p>La situation s\u2019est en revanche nettement am\u00e9lior\u00e9e dans le Balkans, o\u00f9 la baisse de temp\u00e9ratures et l\u2019arriv\u00e9e de la pluie ont aid\u00e9 les secours \u00e0 \u00e9teindre ou contr\u00f4ler des dizaines d\u2019incendies, qui avaient fait deux morts depuis une semaine.<\/p>\n<p>En Turquie \u00e9galement, deux importants incendies sont d\u00e9sormais sous contr\u00f4le, selon les autorit\u00e9s, dont l\u2019un, avait entra\u00een\u00e9 dans la nuit de samedi \u00e0 dimanche l\u2019\u00e9vacuation de centaines de personnes de sept villages de la province touristique de \u00c7anakkale, au nord-ouest du pays.<\/p>\n<p>&nbsp;<\/p>\n<p><strong>Avec AFP<\/strong><\/p>\n<\/div>\n<\/div>\n","protected":false},"excerpt":{"rendered":"<p>Les flammes ont d\u00e9j\u00e0 ravag\u00e9 plus de 343.000 hectares depuis le d\u00e9but de l\u2019ann\u00e9e en Espagne, un nouveau record pour le pays, o\u00f9 des milliers de pompiers et de militaires luttent toujours lundi contre des incendies d\u00e9vastateurs dans l\u2019ouest et le nord-ouest. Selon le Syst\u00e8me Europ\u00e9en d\u2019Information sur les Incendies de For\u00eat (EFFIS), l\u2019ann\u00e9e 2022 [&hellip;]<\/p>\n","protected":false},"author":2,"featured_media":35312,"comment_status":"closed","ping_status":"closed","sticky":false,"template":"","format":"standard","meta":{"footnotes":""},"categories":[58],"tags":[],"class_list":{"0":"post-35311","1":"post","2":"type-post","3":"status-publish","4":"format-standard","5":"has-post-thumbnail","7":"category-societe"},"_links":{"self":[{"href":"https:\/\/conakrynews.org\/index.php\/wp-json\/wp\/v2\/posts\/35311","targetHints":{"allow":["GET"]}}],"collection":[{"href":"https:\/\/conakrynews.org\/index.php\/wp-json\/wp\/v2\/posts"}],"about":[{"href":"https:\/\/conakrynews.org\/index.php\/wp-json\/wp\/v2\/types\/post"}],"author":[{"embeddable":true,"href":"https:\/\/conakrynews.org\/index.php\/wp-json\/wp\/v2\/users\/2"}],"replies":[{"embeddable":true,"href":"https:\/\/conakrynews.org\/index.php\/wp-json\/wp\/v2\/comments?post=35311"}],"version-history":[{"count":0,"href":"https:\/\/conakrynews.org\/index.php\/wp-json\/wp\/v2\/posts\/35311\/revisions"}],"wp:featuredmedia":[{"embeddable":true,"href":"https:\/\/conakrynews.org\/index.php\/wp-json\/wp\/v2\/media\/35312"}],"wp:attachment":[{"href":"https:\/\/conakrynews.org\/index.php\/wp-json\/wp\/v2\/media?parent=35311"}],"wp:term":[{"taxonomy":"category","embeddable":true,"href":"https:\/\/conakrynews.org\/index.php\/wp-json\/wp\/v2\/categories?post=35311"},{"taxonomy":"post_tag","embeddable":true,"href":"https:\/\/conakrynews.org\/index.php\/wp-json\/wp\/v2\/tags?post=35311"}],"curies":[{"name":"wp","href":"https:\/\/api.w.org\/{rel}","templated":true}]}}