{"id":35315,"date":"2025-08-18T22:15:26","date_gmt":"2025-08-18T22:15:26","guid":{"rendered":"https:\/\/conakrynews.org\/?p=35315"},"modified":"2025-08-18T22:16:17","modified_gmt":"2025-08-18T22:16:17","slug":"matoto-semaine-nationale-du-merite-scolaire-senamsco-des-kits-scolaires-offerts-aux-laureats-des-examens-nationaux","status":"publish","type":"post","link":"https:\/\/conakrynews.org\/index.php\/matoto-semaine-nationale-du-merite-scolaire-senamsco-des-kits-scolaires-offerts-aux-laureats-des-examens-nationaux\/","title":{"rendered":"MATOTO -SEMAINE NATIONALE DU M\u00c9RITE SCOLAIRE (SENAMSCO) : DES KITS SCOLAIRES OFFERTS AUX LAUR\u00c9ATS DES EXAMENS NATIONAUX"},"content":{"rendered":"<div class=\"td-pb-row\">\n<div class=\"td-pb-span12\">\n<div class=\"td-post-header\">\n<header class=\"td-post-title\">\n<h1 class=\"entry-title\"><\/h1>\n<div class=\"td-module-meta-info\">\n<div class=\"td-post-author-name\">\n<div class=\"td-author-by\"><\/div>\n<\/div>\n<\/div>\n<\/header>\n<\/div>\n<\/div>\n<\/div>\n<div class=\"td-pb-row\">\n<div class=\"td-pb-span8 td-main-content\" role=\"main\">\n<div class=\"td-ss-main-content\">\n<div class=\"td-post-sharing td-post-sharing-top \">\n<div class=\"td-default-sharing\"><\/div>\n<\/div>\n<div class=\"td-post-content\">\n<div class=\"td-post-featured-image\"><\/div>\n<p>&nbsp;<\/p>\n<p>La mairie de Matoto a servi de cadre, ce lundi 18 ao\u00fbt 2025, \u00e0 la c\u00e9r\u00e9monie officielle de remise de kits scolaires aux laur\u00e9ats des diff\u00e9rents examens nationaux. L\u2019objectif est d\u2019encourager et de valoriser le m\u00e9rite scolaire \u00e0 travers la c\u00e9l\u00e9bration des meilleurs \u00e9l\u00e8ves et des enseignants engag\u00e9s dans la promotion d\u2019un syst\u00e8me \u00e9ducatif de qualit\u00e9.<\/p>\n<p><a href=\"https:\/\/i0.wp.com\/liberationinfo.com\/wp-content\/uploads\/2025\/08\/IMG-20250818-WA0010.jpg\"><img loading=\"lazy\" decoding=\"async\" class=\"alignnone size-medium wp-image-28079 td-animation-stack-type0-1\" src=\"https:\/\/i0.wp.com\/liberationinfo.com\/wp-content\/uploads\/2025\/08\/IMG-20250818-WA0010.jpg?resize=300%2C212\" alt=\"\" width=\"300\" height=\"212\" data-recalc-dims=\"1\" \/><\/a><\/p>\n<p>Plac\u00e9e au c\u0153ur de la 4\u1d49 \u00e9dition de la Semaine Nationale du M\u00e9rite Scolaire (SENAMSCO), l\u2019\u00e9v\u00e8nement a mobilis\u00e9 plusieurs cadres du Minist\u00e8re de l\u2019Enseignement Pr\u00e9-Universitaire et de l\u2019Alphab\u00e9tisation, de la Direction Communale de l\u2019\u00c9ducation (DCE) de Matoto, ainsi que des parents d\u2019\u00e9l\u00e8ves, sous l\u2019autorit\u00e9 du Vice-pr\u00e9sident de la D\u00e9l\u00e9gation Sp\u00e9ciale de Matoto.<\/p>\n<p>Dans son allocution, le Vice-pr\u00e9sident de la D\u00e9l\u00e9gation Sp\u00e9ciale a rappel\u00e9 que l\u2019\u00e9ducation primaire est une comp\u00e9tence transf\u00e9r\u00e9e aux collectivit\u00e9s locales,<\/p>\n<p><a href=\"https:\/\/i0.wp.com\/liberationinfo.com\/wp-content\/uploads\/2025\/08\/IMG-20250818-WA0003.jpg\"><img loading=\"lazy\" decoding=\"async\" class=\"alignnone size-medium wp-image-28080 td-animation-stack-type0-1\" src=\"https:\/\/i0.wp.com\/liberationinfo.com\/wp-content\/uploads\/2025\/08\/IMG-20250818-WA0003.jpg?resize=300%2C223\" alt=\"\" width=\"300\" height=\"223\" data-recalc-dims=\"1\" \/><\/a><\/p>\n<p>\u00ab Nous nous sommes investis, depuis notre installation, pour favoriser une \u00e9ducation de qualit\u00e9 dans notre commune. Depuis quelque temps, la commune de Matoto rayonne gr\u00e2ce au nombre important de laur\u00e9ats que nous enregistrons aux examens nationaux et r\u00e9gionaux. Cela d\u00e9montre que la Direction communale de l\u2019\u00e9ducation, ainsi que les promoteurs des \u00e9coles publiques et priv\u00e9es, se sont inscrits dans la dynamique de la promotion de l\u2019\u00e9cole guin\u00e9enne. C\u2019est pourquoi la gratuit\u00e9 de l\u2019\u00e9ducation de 5 \u00e0 17 ans, d\u00e9sormais consacr\u00e9e dans la Constitution, traduit clairement la volont\u00e9 du Pr\u00e9sident de la R\u00e9publique et son engagement \u00e0 faire de l\u2019\u00e9cole guin\u00e9enne la priorit\u00e9 des priorit\u00e9s. \u00bba-t-il d\u00e9clar\u00e9.<\/p>\n<p><a href=\"https:\/\/i0.wp.com\/liberationinfo.com\/wp-content\/uploads\/2025\/08\/IMG-20250818-WA0006.jpg\"><img loading=\"lazy\" decoding=\"async\" class=\"alignnone size-medium wp-image-28081 td-animation-stack-type0-1\" src=\"https:\/\/i0.wp.com\/liberationinfo.com\/wp-content\/uploads\/2025\/08\/IMG-20250818-WA0006.jpg?resize=300%2C200\" alt=\"\" width=\"300\" height=\"200\" data-recalc-dims=\"1\" \/><\/a><\/p>\n<p>Plus loin M.Mahamadou Sylla a mis l\u2019accent sur l\u2019importance de l\u2019analyse des r\u00e9sultats scolaires. Il a rassur\u00e9 que l\u2019autorit\u00e9 communale, avec l\u2019appui du minist\u00e8re, continuera \u00e0 accompagner cette d\u00e9marche. Il a \u00e9galement annonc\u00e9 que dans la commune.<\/p>\n<p><a href=\"https:\/\/i0.wp.com\/liberationinfo.com\/wp-content\/uploads\/2025\/08\/IMG-20250818-WA0008.jpg\"><img loading=\"lazy\" decoding=\"async\" class=\"alignnone size-medium wp-image-28082 td-animation-stack-type0-1\" src=\"https:\/\/i0.wp.com\/liberationinfo.com\/wp-content\/uploads\/2025\/08\/IMG-20250818-WA0008.jpg?resize=300%2C213\" alt=\"\" width=\"300\" height=\"213\" data-recalc-dims=\"1\" \/><\/a><\/p>\n<p>Prenant la parole, le Chef de Cabinet du Minist\u00e8re de l\u2019Enseignement Pr\u00e9-Universitaire, Abass Camara, a rappel\u00e9 que l\u2019institutionnalisation de la SENAMSCO est une initiative du Pr\u00e9sident de la R\u00e9publique, le G\u00e9n\u00e9ral Mamadi Doumbouya.<br \/>\n\u00ab Cette initiative vise \u00e0 encourager et f\u00e9liciter les \u00e9l\u00e8ves, les enseignants et tous les acteurs du syst\u00e8me \u00e9ducatif. Car l\u2019\u00e9ducation est le socle du d\u00e9veloppement de toute nation \u00bb, a-t-il insist\u00e9.<\/p>\n<p>De son c\u00f4t\u00e9, le Directeur Communal de l\u2019\u00c9ducation de Matoto, S\u00e9kou Kaba, a salu\u00e9 la forte implication de sa direction dans cette \u00e9dition 2025.<\/p>\n<p><a href=\"https:\/\/i0.wp.com\/liberationinfo.com\/wp-content\/uploads\/2025\/08\/IMG-20250818-WA0005.jpg\"><img loading=\"lazy\" decoding=\"async\" class=\"alignnone size-medium wp-image-28083 td-animation-stack-type0-1\" src=\"https:\/\/i0.wp.com\/liberationinfo.com\/wp-content\/uploads\/2025\/08\/IMG-20250818-WA0005.jpg?resize=300%2C200\" alt=\"\" width=\"300\" height=\"200\" data-recalc-dims=\"1\" \/><\/a><\/p>\n<p>\u00ab Aujourd\u2019hui est un jour solennel pour c\u00e9l\u00e9brer l\u2019ensemble des candidats de la commune. Mes f\u00e9licitations chaleureuses vont aux laur\u00e9ats et \u00e0 leurs encadreurs. Je les invite \u00e0 plus de courage et de pers\u00e9v\u00e9rance afin de relever encore le d\u00e9fi lors de la SENAMSCO 2026 \u00bb, a-t-il exhort\u00e9.<\/p>\n<p>Le DCE a enfin remerci\u00e9 la commission communale et nationale, les encadreurs des \u00e9tablissements, ainsi que le Pr\u00e9sident de la R\u00e9publique et son gouvernement pour leur soutien constant, qui contribue \u00e0 l\u2019am\u00e9lioration de la qualit\u00e9 de l\u2019enseignement et des apprentissages dans les \u00e9tablissements scolaires de Matoto.<\/p>\n<p>La remise de kits scolaires aux laur\u00e9ats a non seulement r\u00e9compens\u00e9 les efforts des \u00e9l\u00e8ves, mais aussi traduit la volont\u00e9 des autorit\u00e9s locales et nationales de placer l\u2019\u00e9ducation au c\u0153ur des priorit\u00e9s.<\/p>\n<p>&nbsp;<\/p>\n<p><strong>Oumar Konat\u00e9\u00a0<\/strong><\/p>\n<\/div>\n<\/div>\n<\/div>\n<\/div>\n","protected":false},"excerpt":{"rendered":"<p>&nbsp; La mairie de Matoto a servi de cadre, ce lundi 18 ao\u00fbt 2025, \u00e0 la c\u00e9r\u00e9monie officielle de remise de kits scolaires aux laur\u00e9ats des diff\u00e9rents examens nationaux. L\u2019objectif est d\u2019encourager et de valoriser le m\u00e9rite scolaire \u00e0 travers la c\u00e9l\u00e9bration des meilleurs \u00e9l\u00e8ves et des enseignants engag\u00e9s dans la promotion d\u2019un syst\u00e8me \u00e9ducatif [&hellip;]<\/p>\n","protected":false},"author":2,"featured_media":35317,"comment_status":"closed","ping_status":"closed","sticky":false,"template":"","format":"standard","meta":{"footnotes":""},"categories":[58],"tags":[],"class_list":{"0":"post-35315","1":"post","2":"type-post","3":"status-publish","4":"format-standard","5":"has-post-thumbnail","7":"category-societe"},"_links":{"self":[{"href":"https:\/\/conakrynews.org\/index.php\/wp-json\/wp\/v2\/posts\/35315","targetHints":{"allow":["GET"]}}],"collection":[{"href":"https:\/\/conakrynews.org\/index.php\/wp-json\/wp\/v2\/posts"}],"about":[{"href":"https:\/\/conakrynews.org\/index.php\/wp-json\/wp\/v2\/types\/post"}],"author":[{"embeddable":true,"href":"https:\/\/conakrynews.org\/index.php\/wp-json\/wp\/v2\/users\/2"}],"replies":[{"embeddable":true,"href":"https:\/\/conakrynews.org\/index.php\/wp-json\/wp\/v2\/comments?post=35315"}],"version-history":[{"count":0,"href":"https:\/\/conakrynews.org\/index.php\/wp-json\/wp\/v2\/posts\/35315\/revisions"}],"wp:featuredmedia":[{"embeddable":true,"href":"https:\/\/conakrynews.org\/index.php\/wp-json\/wp\/v2\/media\/35317"}],"wp:attachment":[{"href":"https:\/\/conakrynews.org\/index.php\/wp-json\/wp\/v2\/media?parent=35315"}],"wp:term":[{"taxonomy":"category","embeddable":true,"href":"https:\/\/conakrynews.org\/index.php\/wp-json\/wp\/v2\/categories?post=35315"},{"taxonomy":"post_tag","embeddable":true,"href":"https:\/\/conakrynews.org\/index.php\/wp-json\/wp\/v2\/tags?post=35315"}],"curies":[{"name":"wp","href":"https:\/\/api.w.org\/{rel}","templated":true}]}}