{"id":35328,"date":"2025-08-19T15:35:55","date_gmt":"2025-08-19T15:35:55","guid":{"rendered":"https:\/\/conakrynews.org\/?p=35328"},"modified":"2025-08-19T15:35:55","modified_gmt":"2025-08-19T15:35:55","slug":"sommet-de-washington-une-rencontre-poutine-zelensky-pour-la-paix-en-ukraine-dans-les-prochains-jours","status":"publish","type":"post","link":"https:\/\/conakrynews.org\/index.php\/sommet-de-washington-une-rencontre-poutine-zelensky-pour-la-paix-en-ukraine-dans-les-prochains-jours\/","title":{"rendered":"Sommet de Washington: une rencontre Poutine-Zelensky pour la paix en Ukraine \u00abdans les prochains jours\u00bb"},"content":{"rendered":"<h1 class=\"name post-title entry-title\"><\/h1>\n<p class=\"post-meta\">\n<div class=\"clear\"><\/div>\n<div class=\"entry\">\n<p>\u00c0 l\u2019issue d\u2019une longue r\u00e9union entre Trump, Zelensky et plusieurs dirigeants europ\u00e9ens, marqu\u00e9e par un appel entre le pr\u00e9sident am\u00e9ricain et son homologue russe, Donald Trump a annonc\u00e9 pr\u00e9parer une rencontre entre Vladimir Poutine et Volodymyr Zelensky. Selon Emmanuel Macron, celle-ci pourrait se tenir dans les prochains jours.<\/p>\n<h2>Ce qu\u2019il faut retenir :<\/h2>\n<p>\u25ba Dans un message publi\u00e9 sur son r\u00e9seau social\u00a0<em><strong><a href=\"https:\/\/truthsocial.com\/@realDonaldTrump\/posts\/115052030103944534\" target=\"_blank\" rel=\"noopener noreferrer\">Truth<\/a><\/strong><\/em>, Donald Trump a annonc\u00e9 s\u2019\u00eatre entretenu au t\u00e9l\u00e9phone avec le pr\u00e9sident russe et qu\u2019<strong>une rencontre entre Vladimir Poutine et Volodymyr Zelensky est en pr\u00e9paration<\/strong>.<\/p>\n<p>\u25ba\u00a0Le pr\u00e9sident am\u00e9ricain affirme avoir\u00a0<em>\u00ab discut\u00e9 des garanties de s\u00e9curit\u00e9 pour l\u2019Ukraine \u00bb<\/em>\u00a0qui seraient fournies par plusieurs pays europ\u00e9ens, en coordination avec les \u00c9tats-Unis.\u00a0<strong><em>\u00ab Tout le monde se r\u00e9jouit de la possibilit\u00e9 d\u2019une paix entre la Russie et l\u2019Ukraine \u00bb<\/em><\/strong>, a ajout\u00e9 Donald Trump.<\/p>\n<p>\u25ba<strong>\u00a0<\/strong>Le pr\u00e9sident ukrainien a affirm\u00e9 avoir eu sa\u00a0<strong>\u00ab<\/strong>\u00a0<em>meilleure<\/em>\u00a0\u00bb discussion avec Donald Trump. De son c\u00f4t\u00e9, le locataire de la Maison Blanche a assur\u00e9 que son pays \u00ab\u00a0<em>sera impliqu\u00e9<\/em>\u00a0\u00bb dans la s\u00e9curit\u00e9 future de l\u2019Ukraine.\u00a0<strong><em>\u00ab<\/em>\u00a0<em>J\u2019esp\u00e8re que d\u2019ici une semaine ou deux nous saurons s\u2019il y aura une solution ou si ces combats vont continuer<\/em>\u00a0<em>\u00bb<\/em><\/strong>, a d\u00e9clar\u00e9 Donald Trump.<\/p>\n<p>\u25ba Avant cette rencontre,\u00a0<strong>chacun semblait camper sur positions<\/strong>.\u00a0<a href=\"https:\/\/www.rfi.fr\/fr\/monde\/20250818-otan-crim%C3%A9e-avant-sa-rencontre-avec-zelensky-trump-trace-quelques-lignes-rouges\" target=\"_self\" rel=\"noopener noreferrer\"><strong>Donald Trump a exclu dimanche que l\u2019Ukraine r\u00e9cup\u00e8re le contr\u00f4le de la Crim\u00e9e<\/strong><\/a>\u00a0annex\u00e9e par Moscou en\u00a02014 et entre dans l\u2019OTAN. De son c\u00f4t\u00e9, Volodymyr Zelensky a estim\u00e9 que la Russie ne devait pas \u00ab\u00a0<em>\u00eatre r\u00e9compens\u00e9e<\/em>\u00a0\u00bb pour son invasion de l\u2019Ukraine et insist\u00e9 sur la n\u00e9cessit\u00e9 d\u2019obtenir des garanties de s\u00e9curit\u00e9 occidentales.<\/p>\n<p><strong>Avec RFI<\/strong><\/p>\n<\/div>\n","protected":false},"excerpt":{"rendered":"<p>\u00c0 l\u2019issue d\u2019une longue r\u00e9union entre Trump, Zelensky et plusieurs dirigeants europ\u00e9ens, marqu\u00e9e par un appel entre le pr\u00e9sident am\u00e9ricain et son homologue russe, Donald Trump a annonc\u00e9 pr\u00e9parer une rencontre entre Vladimir Poutine et Volodymyr Zelensky. Selon Emmanuel Macron, celle-ci pourrait se tenir dans les prochains jours. Ce qu\u2019il faut retenir : \u25ba Dans [&hellip;]<\/p>\n","protected":false},"author":2,"featured_media":35329,"comment_status":"closed","ping_status":"closed","sticky":false,"template":"","format":"standard","meta":{"footnotes":""},"categories":[57],"tags":[],"class_list":{"0":"post-35328","1":"post","2":"type-post","3":"status-publish","4":"format-standard","5":"has-post-thumbnail","7":"category-politique"},"_links":{"self":[{"href":"https:\/\/conakrynews.org\/index.php\/wp-json\/wp\/v2\/posts\/35328","targetHints":{"allow":["GET"]}}],"collection":[{"href":"https:\/\/conakrynews.org\/index.php\/wp-json\/wp\/v2\/posts"}],"about":[{"href":"https:\/\/conakrynews.org\/index.php\/wp-json\/wp\/v2\/types\/post"}],"author":[{"embeddable":true,"href":"https:\/\/conakrynews.org\/index.php\/wp-json\/wp\/v2\/users\/2"}],"replies":[{"embeddable":true,"href":"https:\/\/conakrynews.org\/index.php\/wp-json\/wp\/v2\/comments?post=35328"}],"version-history":[{"count":0,"href":"https:\/\/conakrynews.org\/index.php\/wp-json\/wp\/v2\/posts\/35328\/revisions"}],"wp:featuredmedia":[{"embeddable":true,"href":"https:\/\/conakrynews.org\/index.php\/wp-json\/wp\/v2\/media\/35329"}],"wp:attachment":[{"href":"https:\/\/conakrynews.org\/index.php\/wp-json\/wp\/v2\/media?parent=35328"}],"wp:term":[{"taxonomy":"category","embeddable":true,"href":"https:\/\/conakrynews.org\/index.php\/wp-json\/wp\/v2\/categories?post=35328"},{"taxonomy":"post_tag","embeddable":true,"href":"https:\/\/conakrynews.org\/index.php\/wp-json\/wp\/v2\/tags?post=35328"}],"curies":[{"name":"wp","href":"https:\/\/api.w.org\/{rel}","templated":true}]}}