{"id":35339,"date":"2025-08-20T12:46:08","date_gmt":"2025-08-20T12:46:08","guid":{"rendered":"https:\/\/conakrynews.org\/?p=35339"},"modified":"2025-08-20T12:50:14","modified_gmt":"2025-08-20T12:50:14","slug":"daouda-taban-sylla-eleve-au-rang-de-chevalier-un-symbole-fort","status":"publish","type":"post","link":"https:\/\/conakrynews.org\/index.php\/daouda-taban-sylla-eleve-au-rang-de-chevalier-un-symbole-fort\/","title":{"rendered":"DAOUDA TABAN SYLLA \u00c9LEV\u00c9 AU RANG DE CHEVALIER : UN SYMBOLE FORT"},"content":{"rendered":"<div class=\"td-pb-row\">\n<div class=\"td-pb-span12\">\n<div class=\"td-post-header\">\n<header class=\"td-post-title\">\n<h1 class=\"entry-title\"><\/h1>\n<\/header>\n<\/div>\n<\/div>\n<\/div>\n<div class=\"td-pb-row\">\n<div class=\"td-pb-span8 td-main-content\" role=\"main\">\n<div class=\"td-ss-main-content\">\n<div class=\"clearfix\"><\/div>\n<div class=\"td-post-sharing-top\">\n<div id=\"td_social_sharing_article_top\" class=\"td-post-sharing td-ps-bg td-ps-notext td-post-sharing-style1 \">\n<div class=\"td-post-sharing-visible\">\n<div class=\"td-social-but-icon\"><\/div>\n<div class=\"td-social-but-icon\"><\/div>\n<div class=\"td-social-but-icon\"><\/div>\n<div class=\"td-social-but-icon\"><\/div>\n<\/div>\n<\/div>\n<\/div>\n<div class=\"td-post-content tagdiv-type\">\n<div class=\"td-post-featured-image\"><\/div>\n<div class=\"td-a-rec td-a-rec-id-content_top tdi_9_e52 td_block_template_1\">\n<div class=\"td-all-devices\"><\/div>\n<\/div>\n<div dir=\"auto\"><strong>Ce mercredi 20 ao\u00fbt 2025, la morgue Sino-Guin\u00e9enne s\u2019est transform\u00e9e en un lieu de recueillement solennel et charg\u00e9 d\u2019\u00e9motion, \u00e0 l\u2019occasion de la c\u00e9r\u00e9monie d\u2019hommage \u00e0 Daouda Taban Sylla, journaliste guin\u00e9en d\u00e9c\u00e9d\u00e9 le 15 ao\u00fbt dernier en Tunisie, o\u00f9 il avait \u00e9t\u00e9 \u00e9vacu\u00e9 pour des soins m\u00e9dicaux.<\/strong><\/div>\n<div dir=\"auto\"><a href=\"http:\/\/billetdujour.com\/wp-content\/uploads\/2025\/08\/IMG-20250820-WA0013.jpg\"><img loading=\"lazy\" decoding=\"async\" class=\"alignnone size-medium wp-image-46978 td-animation-stack-type0-2\" src=\"http:\/\/billetdujour.com\/wp-content\/uploads\/2025\/08\/IMG-20250820-WA0013-300x169.jpg\" alt=\"\" width=\"300\" height=\"169\" \/><\/a><\/div>\n<div dir=\"auto\">Des centaines de personnes ont r\u00e9pondu pr\u00e9sentes : coll\u00e8gues, amis, voisins, membres du gouvernement, figures embl\u00e9matiques de la presse nationale. Tous \u00e9taient l\u00e0 pour honorer la m\u00e9moire d\u2019un homme dont la rigueur professionnelle, la passion pour l\u2019information et l\u2019int\u00e9grit\u00e9 ont marqu\u00e9 plusieurs g\u00e9n\u00e9rations.<\/div>\n<div dir=\"auto\"><\/div>\n<div dir=\"auto\">Les t\u00e9moignages ont dress\u00e9 le portrait d\u2019un journaliste profond\u00e9ment humain, engag\u00e9 et respect\u00e9. L\u2019\u00e9motion \u00e9tait palpable, notamment lors de la prise de parole du G\u00e9n\u00e9ral Amara Camara, ministre Secr\u00e9taire g\u00e9n\u00e9ral \u00e0 la Pr\u00e9sidence, qui a annonc\u00e9, au nom du Pr\u00e9sident Mamadi Doumbouya, l\u2019\u00e9l\u00e9vation posthume de Daouda Taban Sylla au rang de Chevalier de l\u2019Ordre National du M\u00e9rite.<\/div>\n<div dir=\"auto\"><\/div>\n<div dir=\"auto\">Le Pr\u00e9sident de la R\u00e9publique n\u2019a pas seulement honor\u00e9 le parcours professionnel du d\u00e9funt. Dans un geste fort et symbolique, il a \u00e9galement apport\u00e9 un soutien mat\u00e9riel \u00e0 la veuve et aux enfants de Daouda Taban Sylla, exprimant sa solidarit\u00e9 et son d\u00e9sir d\u2019apaiser leur douleur. Ce geste a \u00e9t\u00e9 salu\u00e9 comme une reconnaissance sinc\u00e8re de l\u2019impact du journaliste sur la soci\u00e9t\u00e9 guin\u00e9enne.<\/div>\n<div dir=\"auto\"><\/div>\n<div dir=\"auto\">Apr\u00e8s la lev\u00e9e du corps et un symposium en sa m\u00e9moire, un tour d\u2019honneur a \u00e9t\u00e9 organis\u00e9 \u00e0 la RTG Koloma, lieu embl\u00e9matique de son engagement journalistique. Le cort\u00e8ge prendra ensuite la route de Dubr\u00e9ka, sa terre natale, o\u00f9 il sera inhum\u00e9.<\/div>\n<div dir=\"auto\"><\/div>\n<div dir=\"auto\">La disparition de Daouda Taban Sylla laisse un vide dans le paysage m\u00e9diatique guin\u00e9en. Mais son h\u00e9ritage perdure \u00e0 travers les valeurs qu\u2019il a incarn\u00e9es : la v\u00e9rit\u00e9, la responsabilit\u00e9, et l\u2019amour du m\u00e9tier. Son nom restera grav\u00e9 dans la m\u00e9moire collective comme celui d\u2019un homme qui a honor\u00e9 la profession de journaliste avec dignit\u00e9 et passion.<\/div>\n<div dir=\"auto\"><\/div>\n<div dir=\"auto\"><strong>Source:billetdujour.com<\/strong><\/div>\n<\/div>\n<\/div>\n<\/div>\n<\/div>\n","protected":false},"excerpt":{"rendered":"<p>Ce mercredi 20 ao\u00fbt 2025, la morgue Sino-Guin\u00e9enne s\u2019est transform\u00e9e en un lieu de recueillement solennel et charg\u00e9 d\u2019\u00e9motion, \u00e0 l\u2019occasion de la c\u00e9r\u00e9monie d\u2019hommage \u00e0 Daouda Taban Sylla, journaliste guin\u00e9en d\u00e9c\u00e9d\u00e9 le 15 ao\u00fbt dernier en Tunisie, o\u00f9 il avait \u00e9t\u00e9 \u00e9vacu\u00e9 pour des soins m\u00e9dicaux. Des centaines de personnes ont r\u00e9pondu pr\u00e9sentes : [&hellip;]<\/p>\n","protected":false},"author":2,"featured_media":35344,"comment_status":"closed","ping_status":"closed","sticky":false,"template":"","format":"standard","meta":{"footnotes":""},"categories":[58],"tags":[],"class_list":{"0":"post-35339","1":"post","2":"type-post","3":"status-publish","4":"format-standard","5":"has-post-thumbnail","7":"category-societe"},"_links":{"self":[{"href":"https:\/\/conakrynews.org\/index.php\/wp-json\/wp\/v2\/posts\/35339","targetHints":{"allow":["GET"]}}],"collection":[{"href":"https:\/\/conakrynews.org\/index.php\/wp-json\/wp\/v2\/posts"}],"about":[{"href":"https:\/\/conakrynews.org\/index.php\/wp-json\/wp\/v2\/types\/post"}],"author":[{"embeddable":true,"href":"https:\/\/conakrynews.org\/index.php\/wp-json\/wp\/v2\/users\/2"}],"replies":[{"embeddable":true,"href":"https:\/\/conakrynews.org\/index.php\/wp-json\/wp\/v2\/comments?post=35339"}],"version-history":[{"count":0,"href":"https:\/\/conakrynews.org\/index.php\/wp-json\/wp\/v2\/posts\/35339\/revisions"}],"wp:featuredmedia":[{"embeddable":true,"href":"https:\/\/conakrynews.org\/index.php\/wp-json\/wp\/v2\/media\/35344"}],"wp:attachment":[{"href":"https:\/\/conakrynews.org\/index.php\/wp-json\/wp\/v2\/media?parent=35339"}],"wp:term":[{"taxonomy":"category","embeddable":true,"href":"https:\/\/conakrynews.org\/index.php\/wp-json\/wp\/v2\/categories?post=35339"},{"taxonomy":"post_tag","embeddable":true,"href":"https:\/\/conakrynews.org\/index.php\/wp-json\/wp\/v2\/tags?post=35339"}],"curies":[{"name":"wp","href":"https:\/\/api.w.org\/{rel}","templated":true}]}}