{"id":35355,"date":"2025-08-20T23:12:32","date_gmt":"2025-08-20T23:12:32","guid":{"rendered":"https:\/\/conakrynews.org\/?p=35355"},"modified":"2025-08-20T23:12:32","modified_gmt":"2025-08-20T23:12:32","slug":"adieu-a-daouda-taban-sylla-une-flamme-de-la-fraternite-journalistique-sest-eteinte-par-minkael-barry","status":"publish","type":"post","link":"https:\/\/conakrynews.org\/index.php\/adieu-a-daouda-taban-sylla-une-flamme-de-la-fraternite-journalistique-sest-eteinte-par-minkael-barry\/","title":{"rendered":"Adieu \u00e0 Daouda Taban Sylla : une flamme de la fraternit\u00e9 journalistique s\u2019est \u00e9teinte ( Par Minkael BARRY)"},"content":{"rendered":"<div class=\"td-post-header\">\n<header class=\"td-post-title\">\n<h1 class=\"entry-title\"><\/h1>\n<div class=\"td-module-meta-info\">\n<div class=\"td-post-author-name\">\n<div class=\"td-author-by\"><\/div>\n<\/div>\n<\/div>\n<\/header>\n<\/div>\n<div class=\"td-post-sharing-top\">\n<div id=\"td_social_sharing_article_top\" class=\"td-post-sharing td-ps-bg td-ps-notext td-post-sharing-style1 \">\n<div class=\"td-post-sharing-visible\">\n<div class=\"td-social-but-icon\"><\/div>\n<div class=\"td-social-but-icon\"><\/div>\n<div class=\"td-social-but-icon\"><\/div>\n<div class=\"td-social-but-icon\"><\/div>\n<\/div>\n<\/div>\n<\/div>\n<div class=\"td-post-content tagdiv-type\">\n<div class=\"td-post-featured-image\"><\/div>\n<h3><strong>Une immense tristesse s\u2019est abattue sur le monde des m\u00e9dias guin\u00e9ens avec l\u2019annonce du d\u00e9c\u00e8s de Daouda Taban Sylla, v\u00e9ritable artisan de la fraternit\u00e9 professionnelle. Son d\u00e9part laisse un vide b\u00e9ant dans une corporation qui perd bien plus qu\u2019un confr\u00e8re : un homme qui avait fait de la solidarit\u00e9 sa raison d\u2019\u00eatre<\/strong>.<\/h3>\n<h3>Daouda Taban Sylla a trac\u00e9 son chemin dans l\u2019univers m\u00e9diatique guin\u00e9en avec une d\u00e9termination rare. Ses premiers pas dans la presse priv\u00e9e ont r\u00e9v\u00e9l\u00e9 tr\u00e8s t\u00f4t sa passion d\u00e9vorante pour le m\u00e9tier. De r\u00e9daction en r\u00e9daction, qu\u2019il s\u2019agisse de m\u00e9dias num\u00e9riques ou de journaux \u00e9crits, il a forg\u00e9 sa r\u00e9putation de professionnel rigoureux et engag\u00e9.<\/h3>\n<h3>Son passage au service de monitoring du Conseil National de la Communication (CNC), devenu depuis la Haute Autorit\u00e9 de la Communication (HAC), a marqu\u00e9 une \u00e9tape d\u00e9cisive dans son engagement pour l\u2019\u00e9thique journalistique. Mais c\u2019est \u00e0 la m\u00e9diath\u00e8que de la Maison de la Presse, \u00e0 l\u2019\u00e9poque implant\u00e9e \u00e0 Koleah, que Daouda a v\u00e9ritablement r\u00e9v\u00e9l\u00e9 sa personnalit\u00e9 unique.<\/h3>\n<h3>Dans ce temple du savoir journalistique, il ne se contentait pas de g\u00e9rer les ouvrages. Il \u00e9tait devenu le gardien bienveillant de la formation professionnelle, encourageant inlassablement ses confr\u00e8res \u00e0 emprunter des livres pour enrichir leurs comp\u00e9tences. Daouda n\u2019\u00e9tait pas seulement un biblioth\u00e9caire, il \u00e9tait un \u00e9veilleur de consciences professionnelles.<\/h3>\n<h3>Au-del\u00e0 de ses fonctions officielles, Daouda Taban Sylla s\u2019est impos\u00e9 comme l\u2019architecte d\u2019une fraternit\u00e9 authentique au sein de la corporation. Sa cr\u00e9ation du \u00ab\u00a0<strong>Club des Amis de la Maison de la Presse<\/strong>\u00a0\u00bb t\u00e9moignait de sa vision : faire de cet espace professionnel un v\u00e9ritable lieu de partage, d\u2019\u00e9change et de solidarit\u00e9.<\/h3>\n<h3>Son attention aux d\u00e9tails r\u00e9v\u00e9lait la profondeur de son engagement et sa foi religieuse.<\/h3>\n<h3>Organiser des collectes pour acheter des nattes et des bouilloires afin que ses confr\u00e8res puissent effectuer leurs pri\u00e8res dans des conditions dignes : voil\u00e0 le genre de gestes qui d\u00e9finissaient l\u2019homme.<\/h3>\n<h3>Ces initiatives, apparemment modestes, traduisaient une philosophie de vie fond\u00e9e sur le respect et la consid\u00e9ration d\u2019autrui.<\/h3>\n<h3>Daouda Taban se distinguait par un sens aigu de la solidarit\u00e9. Il \u00e9tait la premi\u00e8re personne \u00e0 s\u2019adresser \u00e0 ses connaissances, \u00e0 les taquiner, puis \u00e0 \u00e9clater de rire avec eux.<\/h3>\n<h3>Il \u00e9tait toujours le premier \u00e0 appeler ses a\u00een\u00e9s et confr\u00e8res, leur soufflant \u00e0 l\u2019oreille lors des c\u00e9r\u00e9monies priv\u00e9es :\u00a0<strong><em>\u00ab N\u2019Tara (Grand Fr\u00e8re), on ne peut pas venir ici les bras vides. Nous devons cotiser de l\u2019argent pour pr\u00e9senter notre part \u00e0 notre confr\u00e8re.<\/em><\/strong>\u00a0\u00bb Il a ainsi orchestr\u00e9 d\u2019innombrables gestes de soutien, qu\u2019il s\u2019agisse de c\u00e9r\u00e9monies de bapt\u00eame, de sacrifices ou de d\u00e9c\u00e8s.<\/h3>\n<h3>Son engagement \u00e9tait tel qu\u2019il n\u2019h\u00e9sitait pas \u00e0 se cotiser et \u00e0 participer aux \u00e9v\u00e9nements de ses confr\u00e8res de la presse priv\u00e9e, m\u00eame apr\u00e8s avoir rejoint la RTG. Cette constance dans la solidarit\u00e9 t\u00e9moignait d\u2019un homme fid\u00e8le \u00e0 ses valeurs, peu importe les changements institutionnels de sa carri\u00e8re.<\/h3>\n<h3>Le souvenir de Daouda est marqu\u00e9 par la sinc\u00e9rit\u00e9 de son engagement. Il me l\u2019a prouv\u00e9 \u00e0 maintes reprises, la derni\u00e8re fois en 2023 \u00e0 Matoto Khanitaya, lors du bapt\u00eame du fils de notre confr\u00e8re Aboubacar Pastoria Camara, o\u00f9 il m\u2019a appel\u00e9 en priv\u00e9\u00a0 pour me demander d\u2019organiser une collecte. Cette anecdote illustre parfaitement sa personnalit\u00e9 : toujours pr\u00e9sent quand il s\u2019agissait d\u2019accompagner ses confr\u00e8res dans les moments importants de leur vie.<\/h3>\n<h3>Dans un geste de reconnaissance solennelle, un d\u00e9cret pr\u00e9sidentiel nommant notre regrett\u00e9 confr\u00e8re Chevalier de l\u2019Ordre national du m\u00e9rite pour services loyaux rendus \u00e0 la nation a \u00e9t\u00e9 lu au journal t\u00e9l\u00e9vis\u00e9 de 20h30 sur la RTG ce mercredi 20 ao\u00fbt. Cette distinction honore dignement la m\u00e9moire d\u2019un homme qui a consacr\u00e9 sa vie au service de l\u2019information et de la fraternit\u00e9.<\/h3>\n<h3>Cependant, avec tout son parcours dans la presse priv\u00e9e o\u00f9 il s\u2019est construit et a \u00e9t\u00e9 construit, il est surprenant que la RTG organise ses obs\u00e8ques sans associer les associations de la presse priv\u00e9e. Cette situation interpelle sur l\u2019importance de pr\u00e9server l\u2019unit\u00e9 de la corporation journalistique au-del\u00e0 des clivages institutionnels.<\/h3>\n<h3>Aujourd\u2019hui, alors que la presse guin\u00e9enne pleure la disparition de l\u2019une de ses figures les plus attachantes, c\u2019est tout un pan de l\u2019histoire journalistique nationale qui s\u2019en va avec Daouda Taban Sylla. Il restera dans les annales comme l\u2019homme qui a su transformer sa profession en mission, sa passion en vocation de service.<\/h3>\n<h3>Dans chaquerencontre avec les confr\u00e8res, son rire r\u00e9sonne.<\/h3>\n<h3>Et dans chaque geste de solidarit\u00e9 entre confr\u00e8res, son esprit perdure. Dans chaque initiative fraternelle au sein de la corporation, sa m\u00e9moire s\u2019honore.<\/h3>\n<h3>Paix \u00e0 son \u00e2me. Il restera \u00e0 jamais dans nos c\u0153urs comme l\u2019homme qui a su, par ses actes et ses r\u00eaves, incarner la v\u00e9ritable essence de la fraternit\u00e9.<\/h3>\n<\/div>\n","protected":false},"excerpt":{"rendered":"<p>Une immense tristesse s\u2019est abattue sur le monde des m\u00e9dias guin\u00e9ens avec l\u2019annonce du d\u00e9c\u00e8s de Daouda Taban Sylla, v\u00e9ritable artisan de la fraternit\u00e9 professionnelle. Son d\u00e9part laisse un vide b\u00e9ant dans une corporation qui perd bien plus qu\u2019un confr\u00e8re : un homme qui avait fait de la solidarit\u00e9 sa raison d\u2019\u00eatre. Daouda Taban Sylla [&hellip;]<\/p>\n","protected":false},"author":2,"featured_media":35356,"comment_status":"closed","ping_status":"closed","sticky":false,"template":"","format":"standard","meta":{"footnotes":""},"categories":[58],"tags":[],"class_list":{"0":"post-35355","1":"post","2":"type-post","3":"status-publish","4":"format-standard","5":"has-post-thumbnail","7":"category-societe"},"_links":{"self":[{"href":"https:\/\/conakrynews.org\/index.php\/wp-json\/wp\/v2\/posts\/35355","targetHints":{"allow":["GET"]}}],"collection":[{"href":"https:\/\/conakrynews.org\/index.php\/wp-json\/wp\/v2\/posts"}],"about":[{"href":"https:\/\/conakrynews.org\/index.php\/wp-json\/wp\/v2\/types\/post"}],"author":[{"embeddable":true,"href":"https:\/\/conakrynews.org\/index.php\/wp-json\/wp\/v2\/users\/2"}],"replies":[{"embeddable":true,"href":"https:\/\/conakrynews.org\/index.php\/wp-json\/wp\/v2\/comments?post=35355"}],"version-history":[{"count":0,"href":"https:\/\/conakrynews.org\/index.php\/wp-json\/wp\/v2\/posts\/35355\/revisions"}],"wp:featuredmedia":[{"embeddable":true,"href":"https:\/\/conakrynews.org\/index.php\/wp-json\/wp\/v2\/media\/35356"}],"wp:attachment":[{"href":"https:\/\/conakrynews.org\/index.php\/wp-json\/wp\/v2\/media?parent=35355"}],"wp:term":[{"taxonomy":"category","embeddable":true,"href":"https:\/\/conakrynews.org\/index.php\/wp-json\/wp\/v2\/categories?post=35355"},{"taxonomy":"post_tag","embeddable":true,"href":"https:\/\/conakrynews.org\/index.php\/wp-json\/wp\/v2\/tags?post=35355"}],"curies":[{"name":"wp","href":"https:\/\/api.w.org\/{rel}","templated":true}]}}