{"id":35380,"date":"2025-08-21T00:13:58","date_gmt":"2025-08-21T00:13:58","guid":{"rendered":"https:\/\/conakrynews.org\/?p=35380"},"modified":"2025-08-21T00:16:46","modified_gmt":"2025-08-21T00:16:46","slug":"referendum-constitutionnel-en-guinee-le-general-mamadi-doumbouya-fixe-la-date-de-louverture-de-la-campagne","status":"publish","type":"post","link":"https:\/\/conakrynews.org\/index.php\/referendum-constitutionnel-en-guinee-le-general-mamadi-doumbouya-fixe-la-date-de-louverture-de-la-campagne\/","title":{"rendered":"Referendum Constitutionnel en Guin\u00e9e :le G\u00e9n\u00e9ral Mamadi Doumbouya fixe la date de l&rsquo;ouverture de la campagne"},"content":{"rendered":"<div dir=\"auto\"><\/div>\n<div dir=\"auto\">Dans un d\u00e9cret lu\u00a0 ce\u00a0 mercredi soir sur les ondes de la T\u00e9l\u00e9vision Nationale , le pr\u00e9sident de la R\u00e9publique, le G\u00e9n\u00e9ral Mamadi Doumbouya, a annonc\u00e9 l\u2019ouverture de la campagne pour le r\u00e9f\u00e9rendum constitutionnel\u00a0 du 21 Septembre 2025. Selon le d\u00e9cret, la campagne d\u00e9butera le\u00a0\u00a0dimanche 24 Ao\u00fbt et prendra fin le 18 septembre 2025.<\/div>\n<div dir=\"auto\"><\/div>\n<div dir=\"auto\">Conakrynews.org<\/div>\n","protected":false},"excerpt":{"rendered":"<p>Dans un d\u00e9cret lu\u00a0 ce\u00a0 mercredi soir sur les ondes de la T\u00e9l\u00e9vision Nationale , le pr\u00e9sident de la R\u00e9publique, le G\u00e9n\u00e9ral Mamadi Doumbouya, a annonc\u00e9 l\u2019ouverture de la campagne pour le r\u00e9f\u00e9rendum constitutionnel\u00a0 du 21 Septembre 2025. Selon le d\u00e9cret, la campagne d\u00e9butera le\u00a0\u00a0dimanche 24 Ao\u00fbt et prendra fin le 18 septembre 2025. Conakrynews.org<\/p>\n","protected":false},"author":2,"featured_media":35381,"comment_status":"closed","ping_status":"closed","sticky":false,"template":"","format":"standard","meta":{"footnotes":""},"categories":[57],"tags":[],"class_list":{"0":"post-35380","1":"post","2":"type-post","3":"status-publish","4":"format-standard","5":"has-post-thumbnail","7":"category-politique"},"_links":{"self":[{"href":"https:\/\/conakrynews.org\/index.php\/wp-json\/wp\/v2\/posts\/35380","targetHints":{"allow":["GET"]}}],"collection":[{"href":"https:\/\/conakrynews.org\/index.php\/wp-json\/wp\/v2\/posts"}],"about":[{"href":"https:\/\/conakrynews.org\/index.php\/wp-json\/wp\/v2\/types\/post"}],"author":[{"embeddable":true,"href":"https:\/\/conakrynews.org\/index.php\/wp-json\/wp\/v2\/users\/2"}],"replies":[{"embeddable":true,"href":"https:\/\/conakrynews.org\/index.php\/wp-json\/wp\/v2\/comments?post=35380"}],"version-history":[{"count":0,"href":"https:\/\/conakrynews.org\/index.php\/wp-json\/wp\/v2\/posts\/35380\/revisions"}],"wp:featuredmedia":[{"embeddable":true,"href":"https:\/\/conakrynews.org\/index.php\/wp-json\/wp\/v2\/media\/35381"}],"wp:attachment":[{"href":"https:\/\/conakrynews.org\/index.php\/wp-json\/wp\/v2\/media?parent=35380"}],"wp:term":[{"taxonomy":"category","embeddable":true,"href":"https:\/\/conakrynews.org\/index.php\/wp-json\/wp\/v2\/categories?post=35380"},{"taxonomy":"post_tag","embeddable":true,"href":"https:\/\/conakrynews.org\/index.php\/wp-json\/wp\/v2\/tags?post=35380"}],"curies":[{"name":"wp","href":"https:\/\/api.w.org\/{rel}","templated":true}]}}