{"id":35392,"date":"2025-08-21T10:26:19","date_gmt":"2025-08-21T10:26:19","guid":{"rendered":"https:\/\/conakrynews.org\/?p=35392"},"modified":"2025-08-21T10:26:19","modified_gmt":"2025-08-21T10:26:19","slug":"sahel-autonomisation-des-jeunes-lallemagne-cofinance-la-scolarisation-de-850-000-jeunes","status":"publish","type":"post","link":"https:\/\/conakrynews.org\/index.php\/sahel-autonomisation-des-jeunes-lallemagne-cofinance-la-scolarisation-de-850-000-jeunes\/","title":{"rendered":"Sahel\/Autonomisation des jeunes : L\u2019Allemagne cofinance la scolarisation de 850 000 jeunes"},"content":{"rendered":"<h1 class=\"name post-title entry-title\"><\/h1>\n<p class=\"post-meta\">\n<div class=\"clear\"><\/div>\n<div class=\"entry\">\n<p class=\"teaser\">Au Sahel, 40 pour cent des enfants en \u00e2ge de scolarit\u00e9 primaire ne peuvent aller \u00e0 l\u2019\u00e9cole, \u00e0 cause de la menace terroriste, des conflits arm\u00e9s et de la pauvret\u00e9.<\/p>\n<div class=\"content\">\n<section class=\"main\">La Banque allemande de d\u00e9veloppement (KfW), qui agit pour le compte du gouvernement f\u00e9d\u00e9ral allemand, a allou\u00e9 une subvention de 56, 65 millions de dollars pour cofinancer un projet d\u2019\u00e9ducation et de formation professionnelle ciblant 850 000 jeunes nomades et r\u00e9fugi\u00e9s non scolaris\u00e9s au Tchad et en Mauritanie.&nbsp;<\/p>\n<p>Le projet, dont la moiti\u00e9 des b\u00e9n\u00e9ficiaires sont des filles, est baptis\u00e9 \u00ab Engagement r\u00e9gional pour l\u2019apprentissage et la collaboration dans l\u2019\u00e9ducation \u00bb (RELANCE, en acronyme anglais).<\/p>\n<p>La Banque mondiale (BM) contribue au financement de cette initiative \u00e0 hauteur de 80, 5 millions de dollars, ont indiqu\u00e9 les ambassades d\u2019Allemagne au Tchad et en Mauritanie.<\/p>\n<p>Les jeunes cibl\u00e9s vont b\u00e9n\u00e9ficier d\u2019une \u00ab \u00e9cole ouverte \u00bb, un mod\u00e8le innovant qui leur offrira des parcours \u00e9ducatifs et de formation professionnelle \u00ab flexibles et r\u00e9silients face aux crises, m\u00eame dans des contextes difficiles \u00bb, a-t-on ajout\u00e9 de m\u00eames sources.<\/p>\n<p>RELANCE comprend le d\u00e9ploiement dans chaque pays d\u2019une \u00c9cole ouverte r\u00e9gionale con\u00e7ue pour r\u00e9pondre aux besoins des jeunes en dehors des circuits \u00e9ducatifs classiques, notamment dans les zones o\u00f9 l\u2019acc\u00e8s \u00e0 l\u2019\u00e9ducation reste limit\u00e9, a indiqu\u00e9, de son c\u00f4t\u00e9, la BM.<\/p>\n<p>Ce dispositif hybride combinera apprentissage num\u00e9rique, accompagnement en pr\u00e9sentiel et formation professionnelle, a-t-on ajout\u00e9.<\/p>\n<p>Le projet pr\u00e9voit la mise en place, \u00e0 Nouakchott, la capitale de la Mauritanie, d\u2019un Institut r\u00e9gional des sciences de l\u2019\u00e9ducation destin\u00e9 \u00e0 appuyer la formation des cadres, la production de recherche appliqu\u00e9e et l\u2019\u00e9laboration de politiques \u00e9ducatives fond\u00e9es sur des donn\u00e9es probantes.<\/p>\n<p>Port\u00e9 par l\u2019<a href=\"https:\/\/aau.org\/about\/\" target=\"_blank\" rel=\"noopener noreferrer\">Association des universit\u00e9s africaines<\/a>, ce p\u00f4le ambitionne d\u2019\u00eatre une r\u00e9f\u00e9rence acad\u00e9mique pour les deux pays, en favorisant une dynamique de coop\u00e9ration structur\u00e9e et durable.<\/p>\n<p>Au Tchad, 57 pour cent des enfants d\u2019\u00e2ge primaire ne sont pas scolaris\u00e9s. En Mauritanie, 45 pour cent des jeunes en \u00e2ge de fr\u00e9quenter le cycle secondaire sont en dehors du syst\u00e8me scolaire, d\u2019apr\u00e8s la BM.<\/p>\n<p>RELANCE, con\u00e7u comme une plateforme r\u00e9gionale ouverte, pourra accueillir d\u2019autres pays du Sahel souhaitant s\u2019y joindre, a-t-on soulign\u00e9.<\/p>\n<p>Avec 50 pour cent des habitants \u00e2g\u00e9s de moins de 15 ans, le Sahel dispose de la population la plus jeune du monde.<\/p>\n<p>Dans cette r\u00e9gion, 40 pour cent des enfants en \u00e2ge de scolarit\u00e9 primaire ne peuvent aller \u00e0 l\u2019\u00e9cole \u00e0 cause de la menace terroriste, des conflits arm\u00e9s et de la pauvret\u00e9, selon le minist\u00e8re f\u00e9d\u00e9ral allemand de la Coop\u00e9ration \u00e9conomique et du d\u00e9veloppement (BMZ).<\/p>\n<\/section>\n<p>&nbsp;<\/p>\n<p><strong>Avec dpa-news<\/strong><\/p>\n<\/div>\n<\/div>\n","protected":false},"excerpt":{"rendered":"<p>Au Sahel, 40 pour cent des enfants en \u00e2ge de scolarit\u00e9 primaire ne peuvent aller \u00e0 l\u2019\u00e9cole, \u00e0 cause de la menace terroriste, des conflits arm\u00e9s et de la pauvret\u00e9. La Banque allemande de d\u00e9veloppement (KfW), qui agit pour le compte du gouvernement f\u00e9d\u00e9ral allemand, a allou\u00e9 une subvention de 56, 65 millions de dollars [&hellip;]<\/p>\n","protected":false},"author":2,"featured_media":35393,"comment_status":"closed","ping_status":"closed","sticky":false,"template":"","format":"standard","meta":{"footnotes":""},"categories":[58],"tags":[],"class_list":{"0":"post-35392","1":"post","2":"type-post","3":"status-publish","4":"format-standard","5":"has-post-thumbnail","7":"category-societe"},"_links":{"self":[{"href":"https:\/\/conakrynews.org\/index.php\/wp-json\/wp\/v2\/posts\/35392","targetHints":{"allow":["GET"]}}],"collection":[{"href":"https:\/\/conakrynews.org\/index.php\/wp-json\/wp\/v2\/posts"}],"about":[{"href":"https:\/\/conakrynews.org\/index.php\/wp-json\/wp\/v2\/types\/post"}],"author":[{"embeddable":true,"href":"https:\/\/conakrynews.org\/index.php\/wp-json\/wp\/v2\/users\/2"}],"replies":[{"embeddable":true,"href":"https:\/\/conakrynews.org\/index.php\/wp-json\/wp\/v2\/comments?post=35392"}],"version-history":[{"count":0,"href":"https:\/\/conakrynews.org\/index.php\/wp-json\/wp\/v2\/posts\/35392\/revisions"}],"wp:featuredmedia":[{"embeddable":true,"href":"https:\/\/conakrynews.org\/index.php\/wp-json\/wp\/v2\/media\/35393"}],"wp:attachment":[{"href":"https:\/\/conakrynews.org\/index.php\/wp-json\/wp\/v2\/media?parent=35392"}],"wp:term":[{"taxonomy":"category","embeddable":true,"href":"https:\/\/conakrynews.org\/index.php\/wp-json\/wp\/v2\/categories?post=35392"},{"taxonomy":"post_tag","embeddable":true,"href":"https:\/\/conakrynews.org\/index.php\/wp-json\/wp\/v2\/tags?post=35392"}],"curies":[{"name":"wp","href":"https:\/\/api.w.org\/{rel}","templated":true}]}}