{"id":35400,"date":"2025-08-21T20:28:23","date_gmt":"2025-08-21T20:28:23","guid":{"rendered":"https:\/\/conakrynews.org\/?p=35400"},"modified":"2025-08-21T20:32:39","modified_gmt":"2025-08-21T20:32:39","slug":"palais-mohammed-v-le-nouveau-ceo-de-rio-tinto-recu-par-le-president-de-la-republique-s-e-le-general-mamadi-doumbouya","status":"publish","type":"post","link":"https:\/\/conakrynews.org\/index.php\/palais-mohammed-v-le-nouveau-ceo-de-rio-tinto-recu-par-le-president-de-la-republique-s-e-le-general-mamadi-doumbouya\/","title":{"rendered":"Palais Mohammed V : le nouveau CEO de Rio Tinto re\u00e7u par le Pr\u00e9sident de la R\u00e9publique S.E le G\u00e9n\u00e9ral Mamadi DOUMBOUYA"},"content":{"rendered":"<h1 class=\"name post-title entry-title\"><\/h1>\n<h1 class=\"name post-title entry-title\">La Guin\u00e9e, au c\u0153ur de l\u2019agenda international du nouveau patron de Rio Tinto, r\u00e9cemment nomm\u00e9 \u00e0 la t\u00eate de la multinationale anglo-australienne.<\/h1>\n<div class=\"entry\">\n<p>&nbsp;<\/p>\n<p>Apr\u00e8s sa r\u00e9cente rencontre avec le Pr\u00e9sident am\u00e9ricain Donald TRUMP \u00e0 Washington, Simon TROTT a pos\u00e9 ses valises \u00e0 Conakry.<\/p>\n<p>&nbsp;<\/p>\n<p>Ce jeudi 21 ao\u00fbt 2025, il a \u00e9t\u00e9 re\u00e7u au Palais Mohammed V par le Chef de l\u2019\u00c9tat, Son Excellence le G\u00e9n\u00e9ral de Corps d\u2019Arm\u00e9e Mamadi DOUMBOUYA, en pr\u00e9sence du Ministre Secr\u00e9taire G\u00e9n\u00e9ral de la Pr\u00e9sidence, le G\u00e9n\u00e9ral Amara CAMARA, du Ministre des Mines et de la G\u00e9ologie Bouna SYLLA, du Conseiller \u00e0 la Pr\u00e9sidence Ousmane DOUMBOUYA, du Conseiller juridique de la Pr\u00e9sidence Docteur Alpha Oumar CAMARA ainsi que du Pr\u00e9sident du Conseil d\u2019Administration de la Compagnie du trans- guin\u00e9en (CTG) Mamoudou Nagnalen BARRY<\/p>\n<p>&nbsp;<\/p>\n<p>Accompagn\u00e9 de son pr\u00e9d\u00e9cesseur Jakob Stausholm et de hauts responsables du groupe, le nouveau dirigeant de RIO Tinto est venu r\u00e9affirmer la d\u00e9termination de son groupe \u00e0 poursuivre la mise en \u0153uvre du projet Simandou, consid\u00e9r\u00e9 comme l\u2019un des plus ambitieux projets miniers du si\u00e8cle au monde.<\/p>\n<p>&nbsp;<\/p>\n<p>Cette audience intervient quelques jours seulement apr\u00e8s la rencontre du nouveau CEO avec le pr\u00e9sident am\u00e9ricain, un calendrier qui illustre la place strat\u00e9gique qu\u2019occupe d\u00e9sormais la Guin\u00e9e sur l\u2019\u00e9chiquier minier mondial.<\/p>\n<p>&nbsp;<\/p>\n<p>Le Chef de l\u2019\u00c9tat a pris acte du changement de direction \u00e0 la t\u00eate de Rio Tinto, tout en r\u00e9affirmant son attachement \u00e0 un partenariat solide, fond\u00e9 sur un esprit gagnant-gagnant et mutuellement b\u00e9n\u00e9fique.<\/p>\n<p>&nbsp;<\/p>\n<p>Le chef de l\u2019\u00e9tat a insist\u00e9 sur l\u2019imp\u00e9rieuse n\u00e9cessit\u00e9 de maintenir les standards les plus \u00e9lev\u00e9s, tant en mati\u00e8re de respect de l\u2019environnement que de prise en compte des droits et du bien-\u00eatre des communaut\u00e9s riveraines.<\/p>\n<p>&nbsp;<\/p>\n<p>Dans sa vision innovatrice, le Pr\u00e9sident de la R\u00e9publique a exhort\u00e9 Rio Tinto \u00e0 renforcer son investissement en faveur du contenu local, notamment par le soutien aux producteurs agricoles tout au long du corridor du Transguin\u00e9en.<\/p>\n<p>&nbsp;<\/p>\n<p>De son c\u00f4t\u00e9, l\u2019ancien PDG Jakob Stausholm a saisi cette opportunit\u00e9 pour saluer le r\u00f4le d\u00e9terminant jou\u00e9 par le Chef de l\u2019\u00c9tat, dont le soutien constant a permis d\u2019acc\u00e9l\u00e9rer la mise en \u0153uvre du projet Simandou.<\/p>\n<p>&nbsp;<\/p>\n<p>Pour Simon TROTT, le nouveau dirigeant, l\u2019objectif est clair : consolider un partenariat unique et privil\u00e9gi\u00e9 avec la Guin\u00e9e, et inscrire Simandou comme un mod\u00e8le de coop\u00e9ration mini\u00e8re \u00e0 l\u2019\u00e9chelle internationale.<\/p>\n<p>&nbsp;<\/p>\n<p>Pour les principaux acteurs du projet, cette premi\u00e8re visite sur le continent africain du PDG entrant de Rio Tinto traduit l\u2019importance accord\u00e9e \u00e0 la vision du Chef de l\u2019\u00c9tat et au r\u00f4le central du Comit\u00e9 strat\u00e9gique Simandou dirig\u00e9 par le Ministre Directeur de cabinet de la Pr\u00e9sidence Djiba DIAKIT\u00c9, v\u00e9ritable bras op\u00e9rationnel de la transformation de ce m\u00e9ga-projet en vecteur de d\u00e9veloppement durable et inclusif.<\/p>\n<p>&nbsp;<\/p>\n<p>Au-del\u00e0 des chiffres et des contrats, cette visite r\u00e9sonne comme un symbole : celui d\u2019une Guin\u00e9e qui s\u2019affirme, qui inspire confiance et qui attire d\u00e9sormais les plus grands acteurs de l\u2019industrie mondiale.<\/p>\n<p>Dans la vision du Chef de l\u2019\u00c9tat, S.E le G\u00e9n\u00e9ral Mamadi DOUMBOUYA, ce projet d\u00e9passe la simple exploitation mini\u00e8re<\/p>\n<p>Il incarne un h\u00e9ritage \u00e0 transmettre aux g\u00e9n\u00e9rations futures : une Guin\u00e9e debout, ma\u00eetresse de ses ressources, capable d\u2019allier modernit\u00e9, d\u00e9veloppement et respect de ses valeurs.<\/p>\n<p>&nbsp;<\/p>\n<p><strong>Avec DCI-PRG<\/strong><\/p>\n<\/div>\n","protected":false},"excerpt":{"rendered":"<p>La Guin\u00e9e, au c\u0153ur de l\u2019agenda international du nouveau patron de Rio Tinto, r\u00e9cemment nomm\u00e9 \u00e0 la t\u00eate de la multinationale anglo-australienne. &nbsp; Apr\u00e8s sa r\u00e9cente rencontre avec le Pr\u00e9sident am\u00e9ricain Donald TRUMP \u00e0 Washington, Simon TROTT a pos\u00e9 ses valises \u00e0 Conakry. &nbsp; Ce jeudi 21 ao\u00fbt 2025, il a \u00e9t\u00e9 re\u00e7u au Palais [&hellip;]<\/p>\n","protected":false},"author":2,"featured_media":35405,"comment_status":"closed","ping_status":"closed","sticky":false,"template":"","format":"standard","meta":{"footnotes":""},"categories":[57],"tags":[],"class_list":{"0":"post-35400","1":"post","2":"type-post","3":"status-publish","4":"format-standard","5":"has-post-thumbnail","7":"category-politique"},"_links":{"self":[{"href":"https:\/\/conakrynews.org\/index.php\/wp-json\/wp\/v2\/posts\/35400","targetHints":{"allow":["GET"]}}],"collection":[{"href":"https:\/\/conakrynews.org\/index.php\/wp-json\/wp\/v2\/posts"}],"about":[{"href":"https:\/\/conakrynews.org\/index.php\/wp-json\/wp\/v2\/types\/post"}],"author":[{"embeddable":true,"href":"https:\/\/conakrynews.org\/index.php\/wp-json\/wp\/v2\/users\/2"}],"replies":[{"embeddable":true,"href":"https:\/\/conakrynews.org\/index.php\/wp-json\/wp\/v2\/comments?post=35400"}],"version-history":[{"count":0,"href":"https:\/\/conakrynews.org\/index.php\/wp-json\/wp\/v2\/posts\/35400\/revisions"}],"wp:featuredmedia":[{"embeddable":true,"href":"https:\/\/conakrynews.org\/index.php\/wp-json\/wp\/v2\/media\/35405"}],"wp:attachment":[{"href":"https:\/\/conakrynews.org\/index.php\/wp-json\/wp\/v2\/media?parent=35400"}],"wp:term":[{"taxonomy":"category","embeddable":true,"href":"https:\/\/conakrynews.org\/index.php\/wp-json\/wp\/v2\/categories?post=35400"},{"taxonomy":"post_tag","embeddable":true,"href":"https:\/\/conakrynews.org\/index.php\/wp-json\/wp\/v2\/tags?post=35400"}],"curies":[{"name":"wp","href":"https:\/\/api.w.org\/{rel}","templated":true}]}}