{"id":35453,"date":"2025-08-23T13:35:32","date_gmt":"2025-08-23T13:35:32","guid":{"rendered":"https:\/\/conakrynews.org\/?p=35453"},"modified":"2025-08-23T13:35:32","modified_gmt":"2025-08-23T13:35:32","slug":"guinee-decret-la-campagne-electorale-pour-le-referendum-constitutionnel-demarre-le-31-aout-prochain","status":"publish","type":"post","link":"https:\/\/conakrynews.org\/index.php\/guinee-decret-la-campagne-electorale-pour-le-referendum-constitutionnel-demarre-le-31-aout-prochain\/","title":{"rendered":"Guin\u00e9e\/D\u00e9cret : la campagne \u00e9lectorale pour le r\u00e9f\u00e9rendum constitutionnel d\u00e9marre le 31 ao\u00fbt prochain"},"content":{"rendered":"<h1 class=\"name post-title entry-title\"><\/h1>\n<p class=\"post-meta\">\n<div class=\"clear\"><\/div>\n<div class=\"entry\">\n<p>\u00c0 travers un d\u00e9cret lu dans la soir\u00e9e de ce vendredi 22 ao\u00fbt 2025, \u00e0 la t\u00e9l\u00e9vision nationale, le Pr\u00e9sident de la R\u00e9publique, G\u00e9n\u00e9ral Mamadi Doumbouya a officiellement fix\u00e9 les dates de la campagne \u00e9lectorale pour le r\u00e9f\u00e9rendum constitutionnel pr\u00e9vu le 21 septembre 2025.<\/p>\n<p>Selon le d\u00e9cret, la campagne s\u2019ouvrira le dimanche 31 ao\u00fbt et prendra fin le jeudi 18 septembre 2025 \u00e0 minuit.<\/p>\n<p><strong>GuineeQuotidien.com<\/strong><\/p>\n<\/div>\n","protected":false},"excerpt":{"rendered":"<p>\u00c0 travers un d\u00e9cret lu dans la soir\u00e9e de ce vendredi 22 ao\u00fbt 2025, \u00e0 la t\u00e9l\u00e9vision nationale, le Pr\u00e9sident de la R\u00e9publique, G\u00e9n\u00e9ral Mamadi Doumbouya a officiellement fix\u00e9 les dates de la campagne \u00e9lectorale pour le r\u00e9f\u00e9rendum constitutionnel pr\u00e9vu le 21 septembre 2025. Selon le d\u00e9cret, la campagne s\u2019ouvrira le dimanche 31 ao\u00fbt et [&hellip;]<\/p>\n","protected":false},"author":2,"featured_media":35454,"comment_status":"closed","ping_status":"closed","sticky":false,"template":"","format":"standard","meta":{"footnotes":""},"categories":[57],"tags":[],"class_list":{"0":"post-35453","1":"post","2":"type-post","3":"status-publish","4":"format-standard","5":"has-post-thumbnail","7":"category-politique"},"_links":{"self":[{"href":"https:\/\/conakrynews.org\/index.php\/wp-json\/wp\/v2\/posts\/35453","targetHints":{"allow":["GET"]}}],"collection":[{"href":"https:\/\/conakrynews.org\/index.php\/wp-json\/wp\/v2\/posts"}],"about":[{"href":"https:\/\/conakrynews.org\/index.php\/wp-json\/wp\/v2\/types\/post"}],"author":[{"embeddable":true,"href":"https:\/\/conakrynews.org\/index.php\/wp-json\/wp\/v2\/users\/2"}],"replies":[{"embeddable":true,"href":"https:\/\/conakrynews.org\/index.php\/wp-json\/wp\/v2\/comments?post=35453"}],"version-history":[{"count":0,"href":"https:\/\/conakrynews.org\/index.php\/wp-json\/wp\/v2\/posts\/35453\/revisions"}],"wp:featuredmedia":[{"embeddable":true,"href":"https:\/\/conakrynews.org\/index.php\/wp-json\/wp\/v2\/media\/35454"}],"wp:attachment":[{"href":"https:\/\/conakrynews.org\/index.php\/wp-json\/wp\/v2\/media?parent=35453"}],"wp:term":[{"taxonomy":"category","embeddable":true,"href":"https:\/\/conakrynews.org\/index.php\/wp-json\/wp\/v2\/categories?post=35453"},{"taxonomy":"post_tag","embeddable":true,"href":"https:\/\/conakrynews.org\/index.php\/wp-json\/wp\/v2\/tags?post=35453"}],"curies":[{"name":"wp","href":"https:\/\/api.w.org\/{rel}","templated":true}]}}