{"id":35457,"date":"2025-08-23T17:24:00","date_gmt":"2025-08-23T17:24:00","guid":{"rendered":"https:\/\/conakrynews.org\/?p=35457"},"modified":"2025-08-23T17:24:00","modified_gmt":"2025-08-23T17:24:00","slug":"vulgarisation-du-projet-de-nouvelle-constitution-mohamed-lamine-simakan-en-premiere-ligne","status":"publish","type":"post","link":"https:\/\/conakrynews.org\/index.php\/vulgarisation-du-projet-de-nouvelle-constitution-mohamed-lamine-simakan-en-premiere-ligne\/","title":{"rendered":"Vulgarisation du projet de nouvelle constitution: Mohamed Lamine Simakan en premi\u00e8re ligne\u2026"},"content":{"rendered":"<div class=\"td-pb-row\">\n<div class=\"td-pb-span12\">\n<div class=\"td-post-header\">\n<header class=\"td-post-title\">\n<h1 class=\"entry-title\"><\/h1>\n<div class=\"td-module-meta-info\">\n<div class=\"td-post-author-name\">\n<div class=\"td-author-by\"><\/div>\n<\/div>\n<\/div>\n<\/header>\n<\/div>\n<\/div>\n<\/div>\n<div class=\"td-pb-row\">\n<div class=\"td-pb-span8 td-main-content\" role=\"main\">\n<div class=\"td-ss-main-content\">\n<div class=\"td-post-sharing td-post-sharing-top \">\n<div class=\"td-default-sharing\"><\/div>\n<\/div>\n<div class=\"td-post-content\">\n<div dir=\"auto\"><\/div>\n<div dir=\"auto\">Ce vendredi 22 Ao\u00fbt 2025, le secr\u00e9taire g\u00e9n\u00e9ral \u00e0 la pr\u00e9sidence charg\u00e9 des services sp\u00e9ciaux et de la lutte contre le crimes organis\u00e9, a officiellement lanc\u00e9 la campagne de vulgarisation du projet de nouvelle constitution au compte de son institution. \u00c0 travers le lancement de cette campagne de vulgarisation du projet de nouvelle constitution, Mohamed Lamine Simakan, s\u2019illustre par un engagement de proximit\u00e9 visant \u00e0 rendre accessible le projet de nouvelle Constitution \u00e0 l\u2019endroit des agents de son service.<\/div>\n<div dir=\"auto\"><\/div>\n<div dir=\"auto\">Face \u00e0 une forte mobilisation de ses services d\u00e9concentr\u00e9s, il a clarifi\u00e9 les enjeux du texte, soulignant son importance pour l\u2019avenir de la Guin\u00e9e. Les cadres du secr\u00e9tariat g\u00e9n\u00e9ral des services sp\u00e9ciaux doivent se rendre sur le terrain les prochains jours afin de faciliter la compr\u00e9hension de ce futur texte fondamental.<\/div>\n<div dir=\"auto\"><a href=\"https:\/\/i0.wp.com\/liberationinfo.com\/wp-content\/uploads\/2025\/08\/IMG-20250822-WA0058.jpg\"><img loading=\"lazy\" decoding=\"async\" class=\"alignnone size-medium wp-image-28109 td-animation-stack-type0-1\" src=\"https:\/\/i0.wp.com\/liberationinfo.com\/wp-content\/uploads\/2025\/08\/IMG-20250822-WA0058.jpg?resize=300%2C135\" alt=\"\" width=\"300\" height=\"135\" data-recalc-dims=\"1\" \/><\/a><\/div>\n<div dir=\"auto\"><\/div>\n<div dir=\"auto\">Pour r\u00e9ussir cette mission, il a organis\u00e9 une rencontre citoyenne majeure afin de discuter directement avec les cadres de son service, les grandes lignes de ce projet, fruit d\u2019un long travail men\u00e9 par le Conseil National de la Transition (CNT), sous la direction de son pr\u00e9sident, Dr Dansa Kourouma.<\/div>\n<div dir=\"auto\"><\/div>\n<div dir=\"auto\">Avec un discours clair, f\u00e9d\u00e9rateur et p\u00e9dagogique, le commissaire principal Mohamed Lamine Simakan, jug\u00e9 discret mais tr\u00e8s actif, a mis en lumi\u00e8re les \u00e9l\u00e9ments essentiels du projet qui sera soumis \u00e0 r\u00e9f\u00e9rendum le 21 septembre 2025.<\/div>\n<div dir=\"auto\"><\/div>\n<div dir=\"auto\">Dans son intervention, il a d\u2019abord remerci\u00e9 les travailleurs pour cette forte mobilisation dans le cadre du lancement officiel de la vulgarisation du projet de nouvelle constitution<\/div>\n<div dir=\"auto\">\u00a0<a href=\"https:\/\/i0.wp.com\/liberationinfo.com\/wp-content\/uploads\/2025\/08\/IMG-20250822-WA0057.jpg\"><img loading=\"lazy\" decoding=\"async\" class=\"alignnone size-medium wp-image-28110 td-animation-stack-type0-1\" src=\"https:\/\/i0.wp.com\/liberationinfo.com\/wp-content\/uploads\/2025\/08\/IMG-20250822-WA0057.jpg?resize=300%2C135\" alt=\"\" width=\"300\" height=\"135\" data-recalc-dims=\"1\" \/><\/a><\/div>\n<div dir=\"auto\"><\/div>\n<div dir=\"auto\"><em><strong>\u00ab Cette\u00a0occasion, sur le lancement\u00a0de la vulgarisation du projet de nouvelle constitution en faveur du personnel de notre d\u00e9partement, je voudrais vous remercier et f\u00e9liciter pour l\u2019int\u00e9r\u00eat que vous avez accord\u00e9 \u00e0 cet \u00e9v\u00e9nement \u00e0 travers votre pr\u00e9sence massive dans cette salle.\u00bb<\/strong><\/em>, a d\u00e9clar\u00e9 Mohamed Lamine Simakan dans une salle pleine, attentive et engag\u00e9e.<\/div>\n<div dir=\"auto\"><\/div>\n<div dir=\"auto\">Avant de poursuivre : \u00ab\u00a0<em><strong>En effet, ce projet de nouvelle constitution qui nous ressemble et qui nous rassemble est l\u2019une des expressions de la pr\u00e9sidence de notre d\u00e9partement. Je vous remercie de l\u2019attention achev\u00e9e de la politique de refondation de l\u2019\u00c9tat. De son excellence, Monsieur le Pr\u00e9sident de la R\u00e9publique, Chef d\u2019\u00c9tat, Chef supr\u00eame des arm\u00e9es, le G\u00e9n\u00e9ral d\u2019Arm\u00e9e Mamadi Djoumbouia. Cette loi fondamentale, elle sort de notre d\u00e9mocratie. Elle d\u00e9finit nos valeurs, nos droits, nos devoirs. L\u2019organisation des institutions de la R\u00e9publique, leurs comp\u00e9tences, leurs rapports qui les r\u00e9gissent, ainsi que les institutions d\u2019appui \u00e0 la gouvernance d\u00e9mocratique, pour ne citer que \u00e7a. Nous devons la conna\u00eetre, la ma\u00eetriser et l\u2019expliquer \u00e0 nos familles, nos communaut\u00e9s, dans le cadre d\u2019un effort collectif.\u00bb<\/strong><\/em>, a-t-il expliqu\u00e9<\/div>\n<div dir=\"auto\"><\/div>\n<div dir=\"auto\">Cette action de sensibilisation s\u2019inscrit dans une d\u00e9marche plus large d\u00e9j\u00e0 amorc\u00e9e dans tout le pays. L\u00e0 aussi, plusieurs localit\u00e9s ont \u00e9t\u00e9 mobilis\u00e9es, avec des \u00e9chos favorables \u00e0 une adh\u00e9sion au \u00ab Oui \u00bb lors du futur scrutin.<\/div>\n<div dir=\"auto\"><\/div>\n<div dir=\"auto\"><em><strong>\u00ab Car l\u2019objectif est que chacun puisse, s\u2019approprier, pour pouvoir exercer pleinement ses droits, ses devoirs et ses responsabilit\u00e9s dans le respect des lois et des institutions de la R\u00e9publique. Par ailleurs, notre service en tant que service r\u00e9galien de l\u2019\u00c9tat est conform\u00e9ment aux derni\u00e8res directives de son excellence, Monsieur le Pr\u00e9sident de la R\u00e9publique, pour le renforcement de la s\u00e9curit\u00e9 dans notre pays. Nous devons observer, nous devons observer davantage de vigilance et de d\u00e9termination dans l\u2019accomplissement correct de nos missions, en tant que phase, dans cette phase cruciale de l\u2019histoire de notre pays. Je souhaite plein succ\u00e8s \u00e0 cette campagne de vulgarisation de nouvelles, de projets de nouvelles constitutions, avec l\u2019espoir que l\u2019ou\u00efe l\u2019emportera \u00e0 l\u2019issue du r\u00e9f\u00e9rendum. Vive la R\u00e9publique.\u00bb,<\/strong><\/em>a-t-il laiss\u00e9 entendre,\u00a0 le Secr\u00e9taire g\u00e9n\u00e9ral.<\/div>\n<div dir=\"auto\"><\/div>\n<div dir=\"auto\">\n<div dir=\"auto\">Les travailleurs du secr\u00e9tariat g\u00e9n\u00e9ral \u00e0 la pr\u00e9sidence charg\u00e9 des services sp\u00e9ciaux et de la lutte contre le crime organis\u00e9 ont accueilli cette initiative avec enthousiasme. Ils ont salu\u00e9 l\u2019approche participative de leur premier responsable<\/div>\n<div dir=\"auto\">\u00a0et exprim\u00e9 leur soutien massif au projet constitutionnel \u00e9labor\u00e9 par le CNT pour l\u2019ensemble du peuple guin\u00e9en.<\/div>\n<div dir=\"auto\"><\/div>\n<div dir=\"auto\">Le directeur des affaires administratives et financi\u00e8res, Lancin\u00e8 Camara est largement revenu sur quelques articles de ce projet de nouvelle constitution. Il a soulign\u00e9 la n\u00e9cessit\u00e9 imp\u00e9rieuse de vulgariser cette constitution, afin que les citoyens puissent librement vot\u00e9 le \u00ab Oui \u00bb, le 21 septembre prochain.<\/div>\n<\/div>\n<div dir=\"auto\"><\/div>\n<div dir=\"auto\">Par cette mobilisation, Mohamed Lamine Simakan entend r\u00e9affirmer son engagement envers les id\u00e9aux de refondation port\u00e9s par le G\u00e9n\u00e9ral Mamadi Doumbouya, dans une Guin\u00e9e en qu\u00eate de renouveau, de justice et de stabilit\u00e9 institutionnelle.<\/div>\n<\/div>\n<div dir=\"auto\">Source:Lib\u00e9ration info.com<\/div>\n<\/div>\n<\/div>\n<\/div>\n","protected":false},"excerpt":{"rendered":"<p>Ce vendredi 22 Ao\u00fbt 2025, le secr\u00e9taire g\u00e9n\u00e9ral \u00e0 la pr\u00e9sidence charg\u00e9 des services sp\u00e9ciaux et de la lutte contre le crimes organis\u00e9, a officiellement lanc\u00e9 la campagne de vulgarisation du projet de nouvelle constitution au compte de son institution. \u00c0 travers le lancement de cette campagne de vulgarisation du projet de nouvelle constitution, Mohamed [&hellip;]<\/p>\n","protected":false},"author":2,"featured_media":35458,"comment_status":"closed","ping_status":"closed","sticky":false,"template":"","format":"standard","meta":{"footnotes":""},"categories":[1],"tags":[],"class_list":{"0":"post-35457","1":"post","2":"type-post","3":"status-publish","4":"format-standard","5":"has-post-thumbnail","7":"category-non-classe"},"_links":{"self":[{"href":"https:\/\/conakrynews.org\/index.php\/wp-json\/wp\/v2\/posts\/35457","targetHints":{"allow":["GET"]}}],"collection":[{"href":"https:\/\/conakrynews.org\/index.php\/wp-json\/wp\/v2\/posts"}],"about":[{"href":"https:\/\/conakrynews.org\/index.php\/wp-json\/wp\/v2\/types\/post"}],"author":[{"embeddable":true,"href":"https:\/\/conakrynews.org\/index.php\/wp-json\/wp\/v2\/users\/2"}],"replies":[{"embeddable":true,"href":"https:\/\/conakrynews.org\/index.php\/wp-json\/wp\/v2\/comments?post=35457"}],"version-history":[{"count":0,"href":"https:\/\/conakrynews.org\/index.php\/wp-json\/wp\/v2\/posts\/35457\/revisions"}],"wp:featuredmedia":[{"embeddable":true,"href":"https:\/\/conakrynews.org\/index.php\/wp-json\/wp\/v2\/media\/35458"}],"wp:attachment":[{"href":"https:\/\/conakrynews.org\/index.php\/wp-json\/wp\/v2\/media?parent=35457"}],"wp:term":[{"taxonomy":"category","embeddable":true,"href":"https:\/\/conakrynews.org\/index.php\/wp-json\/wp\/v2\/categories?post=35457"},{"taxonomy":"post_tag","embeddable":true,"href":"https:\/\/conakrynews.org\/index.php\/wp-json\/wp\/v2\/tags?post=35457"}],"curies":[{"name":"wp","href":"https:\/\/api.w.org\/{rel}","templated":true}]}}