{"id":35463,"date":"2025-08-24T12:24:28","date_gmt":"2025-08-24T12:24:28","guid":{"rendered":"https:\/\/conakrynews.org\/?p=35463"},"modified":"2025-08-24T12:24:28","modified_gmt":"2025-08-24T12:24:28","slug":"solidarite-avec-les-victimes-du-glissement-de-terrain-dans-la-commune-de-maneah","status":"publish","type":"post","link":"https:\/\/conakrynews.org\/index.php\/solidarite-avec-les-victimes-du-glissement-de-terrain-dans-la-commune-de-maneah\/","title":{"rendered":"Solidarit\u00e9 avec les victimes du glissement de terrain dans la commune de Man\u00e9ah"},"content":{"rendered":"<div class=\"td-pb-row\">\n<div class=\"td-pb-span12\">\n<div class=\"td-post-header\">\n<header class=\"td-post-title\">\n<h1 class=\"entry-title\"><\/h1>\n<\/header>\n<\/div>\n<\/div>\n<\/div>\n<div class=\"td-pb-row\">\n<div class=\"td-pb-span8 td-main-content\" role=\"main\">\n<div class=\"td-ss-main-content\">\n<div class=\"td-post-content\">\n<div class=\"entry-content no-share\">\n<div class=\"content-inner \">\n<p>Une autre trag\u00e9die vient de se produire de nouveau dans notre pays le Mercredi 20 Ao\u00fbt 2025.<br \/>\nEn effet, c\u2019est avec une immense tristesse que j\u2019ai appris le drame survenu dans la commune de Man\u00e9ah, o\u00f9 un glissement de terrain meurtrier a co\u00fbt\u00e9 la vie \u00e0 plusieurs de nos concitoyens, fait de nombreux bless\u00e9s et laiss\u00e9 plusieurs personnes port\u00e9es disparues. Ce d\u00e9sastre a \u00e9galement provoqu\u00e9 d\u2019importants d\u00e9g\u00e2ts mat\u00e9riels, plongeant de nombreuses familles dans la douleur et la d\u00e9solation.<\/p>\n<p>En cette circonstance douloureuse, je m\u2019incline pieusement devant la m\u00e9moire des disparus et adresse mes condol\u00e9ances les plus sinc\u00e8res aux familles endeuill\u00e9es. J\u2019exprime ma profonde solidarit\u00e9 aux bless\u00e9s, aux rescap\u00e9s ainsi qu\u2019\u00e0 toutes celles et ceux qui vivent aujourd\u2019hui les cons\u00e9quences de cette catastrophe.<\/p>\n<p>Je rends un hommage appuy\u00e9 aux \u00e9quipes de secours, aux volontaires et aux citoyens qui, parfois au p\u00e9ril de leur vie, se mobilisent sans rel\u00e2che pour retrouver des survivants et soutenir les sinistr\u00e9s. Leur courage et leur sens du devoir illustrent la force et la noblesse de notre solidarit\u00e9 nationale.<\/p>\n<p>Alors que nous pleurons nos morts, nous devons nous assurer que leur perte ne soit pas vaine.<br \/>\nCette trag\u00e9die nous interpelle et nous oblige \u00e0 une r\u00e9flexion essentielle, celle de savoir comment mieux prot\u00e9ger nos concitoyens et, plus largement assurer la s\u00e9curit\u00e9 de nos populations, instaurer des dispositifs d\u2019alerte pr\u00e9coce capables de sauver des vies et concilier nos imp\u00e9ratifs de d\u00e9veloppement avec la protection de nos communaut\u00e9s. Ces questions m\u00e9ritent une r\u00e9flexion collective et approfondie, en tant que Guin\u00e9ens soucieux de l\u2019avenir de notre nation.<\/p>\n<p>Que Dieu accueille les \u00e2mes des disparus apaise la douleur des familles \u00e9plor\u00e9es.<\/p>\n<div class=\"intro-text\">\n<p><strong>Abdoulaye Y\u00e9ro Bald\u00e9<\/strong><br \/>\n<strong>Ancien Ministre de l\u2019Enseignement Sup\u00e9rieur et de la Recherche Scientifique<\/strong><\/p>\n<\/div>\n<\/div>\n<\/div>\n<\/div>\n<\/div>\n<\/div>\n<\/div>\n","protected":false},"excerpt":{"rendered":"<p>Une autre trag\u00e9die vient de se produire de nouveau dans notre pays le Mercredi 20 Ao\u00fbt 2025. En effet, c\u2019est avec une immense tristesse que j\u2019ai appris le drame survenu dans la commune de Man\u00e9ah, o\u00f9 un glissement de terrain meurtrier a co\u00fbt\u00e9 la vie \u00e0 plusieurs de nos concitoyens, fait de nombreux bless\u00e9s et [&hellip;]<\/p>\n","protected":false},"author":2,"featured_media":35464,"comment_status":"closed","ping_status":"closed","sticky":false,"template":"","format":"standard","meta":{"footnotes":""},"categories":[58],"tags":[],"class_list":{"0":"post-35463","1":"post","2":"type-post","3":"status-publish","4":"format-standard","5":"has-post-thumbnail","7":"category-societe"},"_links":{"self":[{"href":"https:\/\/conakrynews.org\/index.php\/wp-json\/wp\/v2\/posts\/35463","targetHints":{"allow":["GET"]}}],"collection":[{"href":"https:\/\/conakrynews.org\/index.php\/wp-json\/wp\/v2\/posts"}],"about":[{"href":"https:\/\/conakrynews.org\/index.php\/wp-json\/wp\/v2\/types\/post"}],"author":[{"embeddable":true,"href":"https:\/\/conakrynews.org\/index.php\/wp-json\/wp\/v2\/users\/2"}],"replies":[{"embeddable":true,"href":"https:\/\/conakrynews.org\/index.php\/wp-json\/wp\/v2\/comments?post=35463"}],"version-history":[{"count":0,"href":"https:\/\/conakrynews.org\/index.php\/wp-json\/wp\/v2\/posts\/35463\/revisions"}],"wp:featuredmedia":[{"embeddable":true,"href":"https:\/\/conakrynews.org\/index.php\/wp-json\/wp\/v2\/media\/35464"}],"wp:attachment":[{"href":"https:\/\/conakrynews.org\/index.php\/wp-json\/wp\/v2\/media?parent=35463"}],"wp:term":[{"taxonomy":"category","embeddable":true,"href":"https:\/\/conakrynews.org\/index.php\/wp-json\/wp\/v2\/categories?post=35463"},{"taxonomy":"post_tag","embeddable":true,"href":"https:\/\/conakrynews.org\/index.php\/wp-json\/wp\/v2\/tags?post=35463"}],"curies":[{"name":"wp","href":"https:\/\/api.w.org\/{rel}","templated":true}]}}