{"id":35467,"date":"2025-08-25T11:04:26","date_gmt":"2025-08-25T11:04:26","guid":{"rendered":"https:\/\/conakrynews.org\/?p=35467"},"modified":"2025-08-25T11:04:26","modified_gmt":"2025-08-25T11:04:26","slug":"pays-bas-le-ministre-des-affaires-etrangeres-demissionne-faute-de-nouvelles-sanctions-a-lencontre-disrael","status":"publish","type":"post","link":"https:\/\/conakrynews.org\/index.php\/pays-bas-le-ministre-des-affaires-etrangeres-demissionne-faute-de-nouvelles-sanctions-a-lencontre-disrael\/","title":{"rendered":"Pays-Bas: le ministre des Affaires \u00e9trang\u00e8res d\u00e9missionne, faute de nouvelles sanctions \u00e0 l\u2019encontre d\u2019Isra\u00ebl"},"content":{"rendered":"<h1 class=\"name post-title entry-title\"><\/h1>\n<p class=\"post-meta\">\n<div class=\"clear\"><\/div>\n<div class=\"entry\">\n<p>Aux Pays-Bas, le ministre des Affaires \u00e9trang\u00e8res annonce sa d\u00e9mission. Caspar Veldkamp souhaitait prendre des mesures plus efficaces pour sanctionner Isra\u00ebl, notamment face \u00e0 la violence croissante de ses op\u00e9rations men\u00e9es \u00e0 Gaza. Mais les discussions au gouvernement ont \u00e9chou\u00e9, selon lui. Tous les ministres de son parti, le NSC (Nouveau contrat social), pr\u00e9sentent \u00e9galement leur d\u00e9mission.<\/p>\n<p>\u00ab\u00a0<em>Je rentre chez moi et je vais r\u00e9diger ma lettre de d\u00e9mission<\/em>\u00a0\u00bb, c\u2019est avec ces mots que Caspar Veldkamp a quitt\u00e9 le Conseil des ministres le soir du 22 ao\u00fbt aux\u00a0<strong><a href=\"https:\/\/www.rfi.fr\/fr\/tag\/pays-bas\/\" target=\"_self\" rel=\"noopener noreferrer\">Pays-Bas<\/a>,\u00a0<\/strong>visiblement d\u00e9\u00e7u de la tournure des d\u00e9bats au sein du gouvernement. Le ministre des Affaires \u00e9trang\u00e8res voulait \u00ab\u00a0<em>prendre des mesures significatives \u00e0 l\u2019encontre d\u2019Isra\u00ebl<\/em>\u00a0\u00bb.<\/p>\n<p>Caspar Veldkamp\u00a0avait indiqu\u00e9, le 21 ao\u00fbt, souhaiter prendre des mesures suppl\u00e9mentaires contre Isra\u00ebl, apr\u00e8s avoir d\u00e9clar\u00e9 en juillet dernier les ministres isra\u00e9liens d\u2019extr\u00eame droite Itamar Ben-Gvir et Bezalel Smotrich\u00a0<em><a href=\"https:\/\/www.rfi.fr\/fr\/europe\/20250729-pays-bas-deux-ministres-isra%C3%A9liens-d-extr%C3%AAme-droite-interdits-d-entr%C3%A9e\" target=\"_self\" rel=\"noopener noreferrer\"><strong>persona non grata<\/strong><\/a><\/em>.<\/p>\n<p>Il avait notamment fait savoir en juillet que si Isra\u00ebl ne remplissait pas ses obligations humanitaires dans la bande Gaza, les Pays-Bas pousseraient \u00e0 la suspension de la partie commerciale de l\u2019Accord d\u2019association entre Isra\u00ebl et l\u2019UE. Des sanctions en r\u00e9ponse \u00e0 la violence d\u00e9ploy\u00e9e \u00e0 Gaza, \u00e0 la crise humanitaire et \u00e0 la politique de colonisation de la Cisjordanie. Mais ses partenaires de la coalition pr\u00f4nent une ligne moins stricte envers Isra\u00ebl.\u00a0Apr\u00e8s plusieurs heures de d\u00e9lib\u00e9rations, les ministres n\u00e9erlandais ne sont pas parvenus \u00e0 se mettre d\u2019accord sur de nouvelles sanctions.<\/p>\n<h2>Les Pays-Bas sous pression de la rue<\/h2>\n<p>Les Pays-Bas figuraient pourtant ce 21 ao\u00fbt parmi les 21 pays ayant sign\u00e9 une d\u00e9claration commune qualifiant l\u2019approbation par Isra\u00ebl d\u2019un important projet de colonisation en Cisjordanie \u00ab\u00a0<em>d\u2019inacceptable et contraire au droit international\u00a0<\/em>\u00bb, dans ce territoire palestinien occup\u00e9 par Isra\u00ebl depuis 1967.<\/p>\n<p>Ancien ambassadeur \u00e0 Tel Aviv, entre 2011 et 2015, le ministre des Affaires \u00e9trang\u00e8res d\u00e9missionnaire, estime que ses comp\u00e9tences sont \u00ab\u00a0<em>trop limit\u00e9es<\/em>\u00a0\u00bb pour pouvoir exercer sa fonction. \u00ab\u00a0<em>Nous ne sommes pas cr\u00e9dibles, si nous restons<\/em>\u00a0\u00bb, dit Caspar Veldkamp. Tout le parti NSC l\u2019a suivi dans cette d\u00e9mission, soit quatre autres ministres et quatre secr\u00e9taires d\u2019\u00c9tat.<\/p>\n<p>Le Premier ministre n\u00e9erlandais, Dick Schoof, a d\u00e9clar\u00e9 \u00ab\u00a0<em>regretter profond\u00e9ment\u00a0<\/em>\u00bb ce d\u00e9part. Pour lui, \u00ab\u00a0<em>tout le monde \u00e9tait pr\u00eat \u00e0 faire des concessions<\/em>\u00a0\u00bb pour sanctionner Isra\u00ebl. \u00ab\u00a0<em>Je tiens \u00e0 souligner que la situation qui ne cesse de se d\u00e9t\u00e9riorer \u00e0 Gaza est dramatique, tout le monde en est conscient\u00a0<\/em>\u00bb, a-t-il ajout\u00e9.<\/p>\n<p>Le gouvernement n\u00e9erlandais est depuis des mois sous la pression d\u2019une vague de protestations contre la campagne militaire d\u2019Isra\u00ebl \u00e0 Gaza et ce que les manifestants qualifient d\u2019inaction des Pays-Bas. Deux manifestations ont notamment rassembl\u00e9 cet \u00e9t\u00e9 de 100\u00a0000 \u00e0 150\u00a0000 personnes \u00e0 La Haye, soit les plus importantes aux Pays-Bas depuis deux d\u00e9cennies.<\/p>\n<p>&nbsp;<\/p>\n<\/div>\n","protected":false},"excerpt":{"rendered":"<p>Aux Pays-Bas, le ministre des Affaires \u00e9trang\u00e8res annonce sa d\u00e9mission. Caspar Veldkamp souhaitait prendre des mesures plus efficaces pour sanctionner Isra\u00ebl, notamment face \u00e0 la violence croissante de ses op\u00e9rations men\u00e9es \u00e0 Gaza. Mais les discussions au gouvernement ont \u00e9chou\u00e9, selon lui. Tous les ministres de son parti, le NSC (Nouveau contrat social), pr\u00e9sentent \u00e9galement [&hellip;]<\/p>\n","protected":false},"author":2,"featured_media":35468,"comment_status":"closed","ping_status":"closed","sticky":false,"template":"","format":"standard","meta":{"footnotes":""},"categories":[57],"tags":[],"class_list":{"0":"post-35467","1":"post","2":"type-post","3":"status-publish","4":"format-standard","5":"has-post-thumbnail","7":"category-politique"},"_links":{"self":[{"href":"https:\/\/conakrynews.org\/index.php\/wp-json\/wp\/v2\/posts\/35467","targetHints":{"allow":["GET"]}}],"collection":[{"href":"https:\/\/conakrynews.org\/index.php\/wp-json\/wp\/v2\/posts"}],"about":[{"href":"https:\/\/conakrynews.org\/index.php\/wp-json\/wp\/v2\/types\/post"}],"author":[{"embeddable":true,"href":"https:\/\/conakrynews.org\/index.php\/wp-json\/wp\/v2\/users\/2"}],"replies":[{"embeddable":true,"href":"https:\/\/conakrynews.org\/index.php\/wp-json\/wp\/v2\/comments?post=35467"}],"version-history":[{"count":0,"href":"https:\/\/conakrynews.org\/index.php\/wp-json\/wp\/v2\/posts\/35467\/revisions"}],"wp:featuredmedia":[{"embeddable":true,"href":"https:\/\/conakrynews.org\/index.php\/wp-json\/wp\/v2\/media\/35468"}],"wp:attachment":[{"href":"https:\/\/conakrynews.org\/index.php\/wp-json\/wp\/v2\/media?parent=35467"}],"wp:term":[{"taxonomy":"category","embeddable":true,"href":"https:\/\/conakrynews.org\/index.php\/wp-json\/wp\/v2\/categories?post=35467"},{"taxonomy":"post_tag","embeddable":true,"href":"https:\/\/conakrynews.org\/index.php\/wp-json\/wp\/v2\/tags?post=35467"}],"curies":[{"name":"wp","href":"https:\/\/api.w.org\/{rel}","templated":true}]}}