{"id":35471,"date":"2025-08-25T11:13:52","date_gmt":"2025-08-25T11:13:52","guid":{"rendered":"https:\/\/conakrynews.org\/?p=35471"},"modified":"2025-08-25T11:13:52","modified_gmt":"2025-08-25T11:13:52","slug":"le-premier-ministre-a-la-rencontre-des-jeunes-de-laxe-hamdalaye-kagbelen-un-appel-a-lengagement-citoyen-autour-du-projet-constitutionnel","status":"publish","type":"post","link":"https:\/\/conakrynews.org\/index.php\/le-premier-ministre-a-la-rencontre-des-jeunes-de-laxe-hamdalaye-kagbelen-un-appel-a-lengagement-citoyen-autour-du-projet-constitutionnel\/","title":{"rendered":"Le premier ministre \u00e0 la rencontre des jeunes de l\u2019axe Hamdalaye-Kagbelen : un appel \u00e0 l\u2019engagement citoyen autour du projet constitutionnel"},"content":{"rendered":"<h1 class=\"name post-title entry-title\"><\/h1>\n<p class=\"post-meta\">\n<div class=\"clear\"><\/div>\n<div class=\"entry\">\n<p>Dans le cadre de la campagne de vulgarisation du projet de nouvelle Constitution, le Premier Ministre, Chef du Gouvernement, Amadou Oury Bah, a tenu une rencontre d\u2019\u00e9change \u00e0 Cosa avec les jeunes, les femmes et les leaders communautaires de l\u2019Axe Hamdallaye-Kagbelen.<\/p>\n<p>Cette initiative, port\u00e9e par le Mouvement pour l\u2019Alternance en Guin\u00e9e (MAG), s\u2019inscrit dans une dynamique de sensibilisation inclusive autour d\u2019un texte fondateur, porteur de r\u00e9formes majeures pour le pays.<\/p>\n<p>Le pr\u00e9sident du MAG, Baba Alimou Barry, a salu\u00e9 la pr\u00e9sence du Chef du Gouvernement, qu\u2019il a qualifi\u00e9 de partenaire engag\u00e9 des causes citoyennes. Il a invit\u00e9 la jeunesse \u00e0 se mobiliser en faveur du projet constitutionnel, mettant en lumi\u00e8re les avanc\u00e9es significatives qu\u2019il propose, notamment en mati\u00e8re de droits pour les jeunes et les femmes.<\/p>\n<p>Au nom du Pr\u00e9sident de la R\u00e9publique, Chef de l\u2019\u00c9tat, le G\u00e9n\u00e9ral Mamadi Doumbouya, le Premier Ministre a rendu un hommage solennel aux jeunes ayant perdu la vie dans la lutte pour la d\u00e9mocratie. Il a rappel\u00e9 le r\u00f4le historique de l\u2019Axe dans les combats politiques du pays, avant de souligner que le projet constitutionnel repr\u00e9sente l\u2019aboutissement de multiples sacrifices. \u00ab Ce projet consacre d\u00e9sormais le droit \u00e0 l\u2019\u00e9ducation jusqu\u2019\u00e0 17 ans, le droit \u00e0 la sant\u00e9, et la reconnaissance de la dignit\u00e9 humaine dans notre Constitution \u00bb, a d\u00e9clar\u00e9 le Premier Ministre.<\/p>\n<p>Bah Oury a \u00e9galement pr\u00e9sent\u00e9 les projets structurants en cours sur l\u2019Axe, notamment la construction de centres de sant\u00e9 \u00e0 Samatra et Kobaya, ainsi que la mise en place d\u2019un centre d\u2019animation et de formation pour les jeunes \u00e0 Cosa.<\/p>\n<p>Le Chef du Gouvernement a enfin exhort\u00e9 la jeunesse \u00e0 rejeter toute forme d\u2019instrumentalisation politique, \u00e0 promouvoir les valeurs de paix et \u00e0 s\u2019impliquer activement dans la construction d\u2019une Guin\u00e9e unie et prosp\u00e8re. \u00ab Ne laissons personne nous diviser. Ce projet constitutionnel est le v\u00f4tre, il vous appartient \u00bb, a-t-il affirm\u00e9 avec conviction.<\/p>\n<p>&nbsp;<\/p>\n<p><strong>Avec CCG<\/strong><\/p>\n<\/div>\n","protected":false},"excerpt":{"rendered":"<p>Dans le cadre de la campagne de vulgarisation du projet de nouvelle Constitution, le Premier Ministre, Chef du Gouvernement, Amadou Oury Bah, a tenu une rencontre d\u2019\u00e9change \u00e0 Cosa avec les jeunes, les femmes et les leaders communautaires de l\u2019Axe Hamdallaye-Kagbelen. Cette initiative, port\u00e9e par le Mouvement pour l\u2019Alternance en Guin\u00e9e (MAG), s\u2019inscrit dans une [&hellip;]<\/p>\n","protected":false},"author":2,"featured_media":35472,"comment_status":"closed","ping_status":"closed","sticky":false,"template":"","format":"standard","meta":{"footnotes":""},"categories":[57],"tags":[],"class_list":{"0":"post-35471","1":"post","2":"type-post","3":"status-publish","4":"format-standard","5":"has-post-thumbnail","7":"category-politique"},"_links":{"self":[{"href":"https:\/\/conakrynews.org\/index.php\/wp-json\/wp\/v2\/posts\/35471","targetHints":{"allow":["GET"]}}],"collection":[{"href":"https:\/\/conakrynews.org\/index.php\/wp-json\/wp\/v2\/posts"}],"about":[{"href":"https:\/\/conakrynews.org\/index.php\/wp-json\/wp\/v2\/types\/post"}],"author":[{"embeddable":true,"href":"https:\/\/conakrynews.org\/index.php\/wp-json\/wp\/v2\/users\/2"}],"replies":[{"embeddable":true,"href":"https:\/\/conakrynews.org\/index.php\/wp-json\/wp\/v2\/comments?post=35471"}],"version-history":[{"count":0,"href":"https:\/\/conakrynews.org\/index.php\/wp-json\/wp\/v2\/posts\/35471\/revisions"}],"wp:featuredmedia":[{"embeddable":true,"href":"https:\/\/conakrynews.org\/index.php\/wp-json\/wp\/v2\/media\/35472"}],"wp:attachment":[{"href":"https:\/\/conakrynews.org\/index.php\/wp-json\/wp\/v2\/media?parent=35471"}],"wp:term":[{"taxonomy":"category","embeddable":true,"href":"https:\/\/conakrynews.org\/index.php\/wp-json\/wp\/v2\/categories?post=35471"},{"taxonomy":"post_tag","embeddable":true,"href":"https:\/\/conakrynews.org\/index.php\/wp-json\/wp\/v2\/tags?post=35471"}],"curies":[{"name":"wp","href":"https:\/\/api.w.org\/{rel}","templated":true}]}}