{"id":35474,"date":"2025-08-25T11:21:02","date_gmt":"2025-08-25T11:21:02","guid":{"rendered":"https:\/\/conakrynews.org\/?p=35474"},"modified":"2025-08-25T11:22:54","modified_gmt":"2025-08-25T11:22:54","slug":"migration-la-guinee-protege-des-enfants-en-situation-de-mobilite","status":"publish","type":"post","link":"https:\/\/conakrynews.org\/index.php\/migration-la-guinee-protege-des-enfants-en-situation-de-mobilite\/","title":{"rendered":"Migration : La Guin\u00e9e prot\u00e8ge des enfants en situation de mobilit\u00e9"},"content":{"rendered":"<div class=\"single-post-caption\"><\/div>\n<div class=\"post-inner\">\n<h1 class=\"name post-title entry-title\"><\/h1>\n<div class=\"clear\"><\/div>\n<div class=\"entry\">\n<p class=\"teaser\">En Guin\u00e9e, les enfants et les jeunes repr\u00e9sentent une part importante des mouvements migratoires.<\/p>\n<div class=\"content\">\n<section class=\"main\">La Guin\u00e9e, pays d\u2019origine, de transit et de destination pour les migrants irr\u00e9guliers cherchant \u00e0 joindre notamment l\u2019Europe, a entam\u00e9 la mise en \u0153uvre d\u2019un projet visant \u00e0 renforcer la protection des \u00ab enfants en situation de mobilit\u00e9 \u00bb dans cinq r\u00e9gions \u00e0 travers le pays, dont la capitale Conakry (sud-ouest).\u00a0<\/section>\n<\/div>\n<\/div>\n<p>D\u2019une dur\u00e9e de trois ans, le \u00ab Projet d\u2019appui aux initiatives d\u2019insertion socio-\u00e9conomique et de bien-\u00eatre aux familles et enfants en situation de mobilit\u00e9 en Guin\u00e9e \u00bb est financ\u00e9 \u00e0 hauteur de trois millions par le minist\u00e8re italien des Affaires \u00e9trang\u00e8res et de la coop\u00e9ration internationale.<\/p>\n<p>Il est impl\u00e9ment\u00e9 en partenariat avec deux agences onusiennes sp\u00e9cialis\u00e9es : l\u2019Organisation internationale pour les migrations (OIM) et le Haut-Commissariat des Nations unies aux droits de l\u2019homme (HCDH).<\/p>\n<p>Cette initiative r\u00e9pond aux risques croissants auxquels sont confront\u00e9s les enfants touch\u00e9s par la pauvret\u00e9, le travail des enfants, la s\u00e9paration familiale et les migrations internes ou transfrontali\u00e8res, a indiqu\u00e9 l\u2019OIM.<\/p>\n<p>Elle vise \u00e0 accompagner les enfants en situation de mobilit\u00e9 dans les r\u00e9gions de Bok\u00e9, Kankan, Mamou, Lab\u00e9 et \u00e0 Conakry, a-t-on ajout\u00e9.<\/p>\n<p>Elle permettra de leur faciliter l\u2019acc\u00e8s \u00e0 la justice, aux services sociaux essentiels, ainsi qu\u2019\u00e0 des dispositifs communautaires de r\u00e9insertion, tout en s\u2019attaquant aux causes profondes de leur vuln\u00e9rabilit\u00e9, a-t-on pr\u00e9cis\u00e9.<\/p>\n<p>Les principales actions pr\u00e9vues comprennent la r\u00e9insertion scolaire et la formation professionnelle d\u2019au moins 300 enfants, un appui \u00e9conomique \u00e0 200 familles pour soutenir une r\u00e9int\u00e9gration durable et le financement de microprojets au b\u00e9n\u00e9fice de 100 jeunes.<\/p>\n<p>Le projet comprend \u00e9galement un accompagnement en sant\u00e9 mentale et soutien psychosocial, avec des services de conseil destin\u00e9s \u00e0 aider les enfants \u00e0 surmonter les traumatismes et \u00e0 retrouver confiance en eux.<\/p>\n<p>En Guin\u00e9e, les enfants et les jeunes repr\u00e9sentent une part importante des mouvements migratoires, que ce soit \u00e0 l\u2019int\u00e9rieur du pays, dans la sous-r\u00e9gion ou le long des routes migratoires internationales, selon l\u2019OIM.<\/p>\n<p>Les donn\u00e9es disponibles indiquent que les enfants et jeunes de moins de 24 ans originaires de Guin\u00e9e repr\u00e9sentaient environ 11 pour cent des migrants recens\u00e9s sur la route de la M\u00e9diterran\u00e9e centrale (RMC) entre 2016 et 2017, a-t-on rappel\u00e9.<\/p>\n<p>Traversant la mer M\u00e9diterran\u00e9e au niveau de la c\u00f4te ouest de la Libye, et rejoignant l\u2019Italie ou Malte, la RMC est la principale voie d\u2019acc\u00e8s \u00e0 l\u2019Europe au d\u00e9part de l\u2019Afrique.<\/p>\n<p>Elle constitue, selon l\u2019OIM, un important couloir de contrebande, de trafic de drogue, des armes et de migrants, ainsi que de traite et d\u2019exploitation d\u2019\u00eatres humains.<\/p>\n<p>Selon l\u2019Unicef, les enfants en situation de mobilit\u00e9 sont plus susceptibles d\u2019\u00eatre victimes de violences, d\u2019abus, d\u2019exploitation, de traite, et de se retrouver dans des situations de rue.<\/p>\n<p>&nbsp;<\/p>\n<p><strong>Avec dpa-news<\/strong><\/p>\n<\/div>\n","protected":false},"excerpt":{"rendered":"<p>En Guin\u00e9e, les enfants et les jeunes repr\u00e9sentent une part importante des mouvements migratoires. La Guin\u00e9e, pays d\u2019origine, de transit et de destination pour les migrants irr\u00e9guliers cherchant \u00e0 joindre notamment l\u2019Europe, a entam\u00e9 la mise en \u0153uvre d\u2019un projet visant \u00e0 renforcer la protection des \u00ab enfants en situation de mobilit\u00e9 \u00bb dans cinq [&hellip;]<\/p>\n","protected":false},"author":2,"featured_media":35478,"comment_status":"closed","ping_status":"closed","sticky":false,"template":"","format":"standard","meta":{"footnotes":""},"categories":[58],"tags":[],"class_list":{"0":"post-35474","1":"post","2":"type-post","3":"status-publish","4":"format-standard","5":"has-post-thumbnail","7":"category-societe"},"_links":{"self":[{"href":"https:\/\/conakrynews.org\/index.php\/wp-json\/wp\/v2\/posts\/35474","targetHints":{"allow":["GET"]}}],"collection":[{"href":"https:\/\/conakrynews.org\/index.php\/wp-json\/wp\/v2\/posts"}],"about":[{"href":"https:\/\/conakrynews.org\/index.php\/wp-json\/wp\/v2\/types\/post"}],"author":[{"embeddable":true,"href":"https:\/\/conakrynews.org\/index.php\/wp-json\/wp\/v2\/users\/2"}],"replies":[{"embeddable":true,"href":"https:\/\/conakrynews.org\/index.php\/wp-json\/wp\/v2\/comments?post=35474"}],"version-history":[{"count":0,"href":"https:\/\/conakrynews.org\/index.php\/wp-json\/wp\/v2\/posts\/35474\/revisions"}],"wp:featuredmedia":[{"embeddable":true,"href":"https:\/\/conakrynews.org\/index.php\/wp-json\/wp\/v2\/media\/35478"}],"wp:attachment":[{"href":"https:\/\/conakrynews.org\/index.php\/wp-json\/wp\/v2\/media?parent=35474"}],"wp:term":[{"taxonomy":"category","embeddable":true,"href":"https:\/\/conakrynews.org\/index.php\/wp-json\/wp\/v2\/categories?post=35474"},{"taxonomy":"post_tag","embeddable":true,"href":"https:\/\/conakrynews.org\/index.php\/wp-json\/wp\/v2\/tags?post=35474"}],"curies":[{"name":"wp","href":"https:\/\/api.w.org\/{rel}","templated":true}]}}