{"id":35485,"date":"2025-08-25T14:06:45","date_gmt":"2025-08-25T14:06:45","guid":{"rendered":"https:\/\/conakrynews.org\/?p=35485"},"modified":"2025-08-25T14:06:45","modified_gmt":"2025-08-25T14:06:45","slug":"quatre-journalistes-tues-dans-des-frappes-israeliennes-sur-lhopital-nasser-a-gaza","status":"publish","type":"post","link":"https:\/\/conakrynews.org\/index.php\/quatre-journalistes-tues-dans-des-frappes-israeliennes-sur-lhopital-nasser-a-gaza\/","title":{"rendered":"Quatre journalistes tu\u00e9s dans des frappes isra\u00e9liennes sur l\u2019h\u00f4pital Nasser \u00e0 Gaza"},"content":{"rendered":"<h1 class=\"name post-title entry-title\"><\/h1>\n<p class=\"post-meta\">\n<div class=\"clear\"><\/div>\n<div class=\"entry\">\n<p>Au moins quinze personnes, dont quatre journalistes, ont \u00e9t\u00e9 tu\u00e9es lundi dans des frappes isra\u00e9liennes sur l\u2019h\u00f4pital Nasser de Khan Youn\u00e8s, dans la bande de Gaza, selon les autorit\u00e9s sanitaires locales. Parmi les victimes figure au moins un collaborateur de l\u2019agence Reuters et un journaliste d\u2019Al Jazeera.<\/p>\n<p>Des frappes isra\u00e9liennes sur l\u2019h\u00f4pital Nasser situ\u00e9 dans la\u00a0<a href=\"https:\/\/www.france24.com\/fr\/info-en-continu\/20250823-trop-tard-des-palestiniens-d%C3%A9sesp%C3%A9r%C3%A9s-apr%C3%A8s-la-d%C3%A9claration-de-la-famine-%C3%A0-gaza-par-l-onu\" target=\"_self\" rel=\"noopener noreferrer\">bande de Gaza\u00a0<\/a>ont fait au moins quinze morts, dont quatre journalistes, ont rapport\u00e9 lundi 25\u00a0ao\u00fbt les autorit\u00e9s sanitaires gazaouies.<\/p>\n<p>Le porte-parole de la D\u00e9fense civile, dispensant des premiers secours, Mahmoud Bassal, a annonc\u00e9 un \u00ab\u00a0bilan (\u2026) de 15\u00a0morts, dont quatre journalistes et un membre de la D\u00e9fense civile\u00a0\u00bb apr\u00e8s avoir rapport\u00e9 deux frappes isra\u00e9liennes sur l\u2019h\u00f4pital Nasser de Khan Youn\u00e8s.<\/p>\n<p>Le cam\u00e9raman Houssam al Masri, qui travaillait pour Reuters, a \u00e9t\u00e9 tu\u00e9 dans une premi\u00e8re frappe tandis que le photographe Hatem Khaled, \u00e9galement employ\u00e9 par Reuters, a \u00e9t\u00e9 bless\u00e9 dans une deuxi\u00e8me frappe, ont pr\u00e9cis\u00e9 les autorit\u00e9s.<\/p>\n<p>La cha\u00eene de t\u00e9l\u00e9vision qatarie\u00a0<a href=\"https:\/\/www.france24.com\/fr\/info-en-continu\/20250825-al-jazeera-annonce-qu-un-de-ses-journalistes-a-%C3%A9t%C3%A9-tu%C3%A9-dans-une-frappe-isra%C3%A9lienne-%C3%A0-gaza\" target=\"_self\" rel=\"noopener noreferrer\">Al Jazeera<\/a>\u00a0a affirm\u00e9, quant \u00e0 elle, qu\u2019un de ses journalistes,\u00a0Mohammad Salama, a \u00e9t\u00e9 tu\u00e9 dans une frappe isra\u00e9lienne dans le sud de l\u2019enclave palestinienne.<\/p>\n<h2>Frappe apr\u00e8s l\u2019arriv\u00e9e des journalistes et des secours<\/h2>\n<p>Selon des t\u00e9moins, la deuxi\u00e8me frappe sur l\u2019h\u00f4pital Nasser est intervenue apr\u00e8s l\u2019arriv\u00e9e de secouristes et de journalistes sur les lieux d\u2019une premi\u00e8re frappe.<\/p>\n<p>La diffusion d\u2019images en direct de Reuters depuis l\u2019h\u00f4pital, dont s\u2019occupait Houssam al Masri, a \u00e9t\u00e9 soudainement interrompue au moment de la frappe initiale, selon des images de Reuters.<\/p>\n<p>Les autorit\u00e9s sanitaires gazaouies ont identifi\u00e9 les autres journalistes tu\u00e9s comme \u00e9tant Mariam Abou Dagga, Mohammed Salama et Moaz Abou Taha. Un secouriste figure \u00e9galement parmi les victimes, ont-elles ajout\u00e9.<\/p>\n<p>Interrog\u00e9e par l\u2019AFP \u00e0 ce sujet, l\u2019arm\u00e9e isra\u00e9lienne a dit \u00ab\u00a0v\u00e9rifier\u00a0\u00bb.<\/p>\n<h2>Plus de 240 journalistes tu\u00e9s<\/h2>\n<p>Une frappe isra\u00e9lienne men\u00e9e\u00a0<a href=\"https:\/\/www.france24.com\/fr\/moyen-orient\/20250810-al-jazeera-annonce-mort-quatre-journalistes-frappe-isra%C3%A9lienne-cibl%C3%A9e-%C3%A0-gaza-anas-al-sharif\" target=\"_self\" rel=\"noopener noreferrer\">dans la nuit du 10 au 11 ao\u00fbt<\/a>\u00a0sur une tente utilis\u00e9e par une \u00e9quipe de journalistes dans la ville de Gaza avait tu\u00e9 quatre salari\u00e9s d\u2019Al Jazeera et deux pigistes [journalistes r\u00e9mun\u00e9r\u00e9s \u00e0 la t\u00e2che, NDLR], suscitant une indignation internationale.<\/p>\n<p>\u00c0 Gaza, la presse internationale travaille\u00a0<a href=\"https:\/\/www.france24.com\/fr\/moyen-orient\/20250730-derni%C3%A8re-fois-je-vois-gaza-t%C3%A9moignage-journaliste-%C3%A9vacu%C3%A9-paris-israel-guerre-presse-medias-france24-danger-famine\" target=\"_self\" rel=\"noopener noreferrer\">en s\u2019appuyant sur des journalistes et correspondants locaux<\/a>, qui ont pay\u00e9 un\u00a0<a href=\"https:\/\/www.france24.com\/fr\/moyen-orient\/20250811-en-direct-guerre-gaza-israel-hamas-greta-thunberg-et-d-autres-militants-vont-prendre-de-nouveau-la-mer\" target=\"_self\" rel=\"noopener noreferrer\">lourd tribut au conflit<\/a>\u00a0: plus de 240\u00a0journalistes palestiniens ont \u00e9t\u00e9 tu\u00e9s par des tirs isra\u00e9liens dans l\u2019enclave palestinienne depuis le d\u00e9but du conflit initi\u00e9 par l\u2019attaque meurtri\u00e8re du\u00a0<a class=\"gtm-add-suggested-tag\" href=\"https:\/\/www.france24.com\/fr\/tag\/hamas\/\" target=\"_self\" rel=\"noopener noreferrer\">Hamas<\/a>\u00a0dans le sud d\u2019<a class=\"gtm-add-suggested-tag\" href=\"https:\/\/www.france24.com\/fr\/tag\/isra%C3%ABl\/\" target=\"_self\" rel=\"noopener noreferrer\">Isra\u00ebl<\/a>, le 7\u00a0octobre 2023, selon le Syndicat des journalistes palestiniens.<\/p>\n<p>D\u2019apr\u00e8s Reporters sans fronti\u00e8res (RSF), dans un bilan donn\u00e9 \u00e0 la mi-ao\u00fbt, pr\u00e8s de 200\u00a0avaient \u00e9t\u00e9 tu\u00e9s en 20\u00a0mois par l\u2019arm\u00e9e isra\u00e9lienne, dont au moins 45\u00a0dans l\u2019exercice de leur profession.<\/p>\n<p>&nbsp;<\/p>\n<p><strong><em>Avec AFP et Reuters<\/em><\/strong><\/p>\n<\/div>\n","protected":false},"excerpt":{"rendered":"<p>Au moins quinze personnes, dont quatre journalistes, ont \u00e9t\u00e9 tu\u00e9es lundi dans des frappes isra\u00e9liennes sur l\u2019h\u00f4pital Nasser de Khan Youn\u00e8s, dans la bande de Gaza, selon les autorit\u00e9s sanitaires locales. Parmi les victimes figure au moins un collaborateur de l\u2019agence Reuters et un journaliste d\u2019Al Jazeera. Des frappes isra\u00e9liennes sur l\u2019h\u00f4pital Nasser situ\u00e9 dans [&hellip;]<\/p>\n","protected":false},"author":2,"featured_media":35486,"comment_status":"closed","ping_status":"closed","sticky":false,"template":"","format":"standard","meta":{"footnotes":""},"categories":[58],"tags":[],"class_list":{"0":"post-35485","1":"post","2":"type-post","3":"status-publish","4":"format-standard","5":"has-post-thumbnail","7":"category-societe"},"_links":{"self":[{"href":"https:\/\/conakrynews.org\/index.php\/wp-json\/wp\/v2\/posts\/35485","targetHints":{"allow":["GET"]}}],"collection":[{"href":"https:\/\/conakrynews.org\/index.php\/wp-json\/wp\/v2\/posts"}],"about":[{"href":"https:\/\/conakrynews.org\/index.php\/wp-json\/wp\/v2\/types\/post"}],"author":[{"embeddable":true,"href":"https:\/\/conakrynews.org\/index.php\/wp-json\/wp\/v2\/users\/2"}],"replies":[{"embeddable":true,"href":"https:\/\/conakrynews.org\/index.php\/wp-json\/wp\/v2\/comments?post=35485"}],"version-history":[{"count":0,"href":"https:\/\/conakrynews.org\/index.php\/wp-json\/wp\/v2\/posts\/35485\/revisions"}],"wp:featuredmedia":[{"embeddable":true,"href":"https:\/\/conakrynews.org\/index.php\/wp-json\/wp\/v2\/media\/35486"}],"wp:attachment":[{"href":"https:\/\/conakrynews.org\/index.php\/wp-json\/wp\/v2\/media?parent=35485"}],"wp:term":[{"taxonomy":"category","embeddable":true,"href":"https:\/\/conakrynews.org\/index.php\/wp-json\/wp\/v2\/categories?post=35485"},{"taxonomy":"post_tag","embeddable":true,"href":"https:\/\/conakrynews.org\/index.php\/wp-json\/wp\/v2\/tags?post=35485"}],"curies":[{"name":"wp","href":"https:\/\/api.w.org\/{rel}","templated":true}]}}