{"id":35488,"date":"2025-08-25T21:28:23","date_gmt":"2025-08-25T21:28:23","guid":{"rendered":"https:\/\/conakrynews.org\/?p=35488"},"modified":"2025-08-25T21:37:45","modified_gmt":"2025-08-25T21:37:45","slug":"guinee-la-date-de-louverture-des-classes-fixee","status":"publish","type":"post","link":"https:\/\/conakrynews.org\/index.php\/guinee-la-date-de-louverture-des-classes-fixee\/","title":{"rendered":"Guin\u00e9e :La date de l&rsquo;ouverture des classes fix\u00e9e !"},"content":{"rendered":"<div dir=\"auto\"><\/div>\n<div dir=\"auto\"><\/div>\n<div dir=\"auto\">Ce lundi 25 ao\u00fbt 2025,le minist\u00e8re de l\u2019Enseignement Pr\u00e9-Universitaire et de l\u2019Alphab\u00e9tisation (MEPU-A), \u00e0\u00a0 travers un communiqu\u00e9 publi\u00e9 sur la page officielle du d\u00e9partement dirig\u00e9 par Jean Paul Cedy, a annonc\u00e9 la reprise\u00a0 des cours \u00e0 l&rsquo;\u00e9cole, session 2025-2026,\u00a0 \u00a0pour le jeudi 25 Septembre sur toute l&rsquo;\u00e9tendue du territoire national.<\/div>\n<div dir=\"auto\">\n<div dir=\"auto\"><\/div>\n<div dir=\"auto\"><i>Le communiqu\u00e9 precise que le sujet des pr\u00e9paratifs de la rentr\u00e9e scolaire prochaine a \u00e9t\u00e9 abord\u00e9 par les autorit\u00e9s du syst\u00e8me \u00e9ducatif du pays.<\/i><\/div>\n<div dir=\"auto\"><i>\u00a0<\/i><\/div>\n<div dir=\"auto\"><i>Selon ce communiqu\u00e9 relay\u00e9 sur la page\u00a0 Facebook du d\u00e9partement de l&rsquo;\u00e9ducation,la date d\u2019ouverture des classes de l&rsquo;ann\u00e9e derni\u00e8re est confirm\u00e9e pour cette ann\u00e9e.<\/i><\/div>\n<\/div>\n<div dir=\"auto\"><\/div>\n<div dir=\"auto\"><\/div>\n<div dir=\"auto\"><\/div>\n<div dir=\"auto\">Les autorit\u00e9s du d\u00e9partement de l&rsquo;\u00e9ducation pr\u00e9cise que le\u00a0 choix de cette date retenue pour l&rsquo;ouverture des classes, vise \u00e0 permettre aux \u00e9l\u00e8ves de b\u00e9n\u00e9ficier\u00a0 des neufs mois de cours \u00e0 l&rsquo;\u00e9cole.<\/div>\n<div dir=\"auto\"><\/div>\n<div dir=\"auto\">Sylla Ibrahima Kalil, pour\u00a0<a href=\"http:\/\/www.conakrynews.org\/\" target=\"_blank\" rel=\"noopener noreferrer\" data-saferedirecturl=\"https:\/\/www.google.com\/url?q=http:\/\/www.conakrynews.org&amp;source=gmail&amp;ust=1756242834450000&amp;usg=AOvVaw314gO21YPd4FWcu8ZQaN-z\">www.conakrynews.org<\/a>\u00a0625444534<\/div>\n","protected":false},"excerpt":{"rendered":"<p>Ce lundi 25 ao\u00fbt 2025,le minist\u00e8re de l\u2019Enseignement Pr\u00e9-Universitaire et de l\u2019Alphab\u00e9tisation (MEPU-A), \u00e0\u00a0 travers un communiqu\u00e9 publi\u00e9 sur la page officielle du d\u00e9partement dirig\u00e9 par Jean Paul Cedy, a annonc\u00e9 la reprise\u00a0 des cours \u00e0 l&rsquo;\u00e9cole, session 2025-2026,\u00a0 \u00a0pour le jeudi 25 Septembre sur toute l&rsquo;\u00e9tendue du territoire national. Le communiqu\u00e9 precise que le [&hellip;]<\/p>\n","protected":false},"author":2,"featured_media":35493,"comment_status":"closed","ping_status":"closed","sticky":false,"template":"","format":"standard","meta":{"footnotes":""},"categories":[58],"tags":[],"class_list":{"0":"post-35488","1":"post","2":"type-post","3":"status-publish","4":"format-standard","5":"has-post-thumbnail","7":"category-societe"},"_links":{"self":[{"href":"https:\/\/conakrynews.org\/index.php\/wp-json\/wp\/v2\/posts\/35488","targetHints":{"allow":["GET"]}}],"collection":[{"href":"https:\/\/conakrynews.org\/index.php\/wp-json\/wp\/v2\/posts"}],"about":[{"href":"https:\/\/conakrynews.org\/index.php\/wp-json\/wp\/v2\/types\/post"}],"author":[{"embeddable":true,"href":"https:\/\/conakrynews.org\/index.php\/wp-json\/wp\/v2\/users\/2"}],"replies":[{"embeddable":true,"href":"https:\/\/conakrynews.org\/index.php\/wp-json\/wp\/v2\/comments?post=35488"}],"version-history":[{"count":0,"href":"https:\/\/conakrynews.org\/index.php\/wp-json\/wp\/v2\/posts\/35488\/revisions"}],"wp:featuredmedia":[{"embeddable":true,"href":"https:\/\/conakrynews.org\/index.php\/wp-json\/wp\/v2\/media\/35493"}],"wp:attachment":[{"href":"https:\/\/conakrynews.org\/index.php\/wp-json\/wp\/v2\/media?parent=35488"}],"wp:term":[{"taxonomy":"category","embeddable":true,"href":"https:\/\/conakrynews.org\/index.php\/wp-json\/wp\/v2\/categories?post=35488"},{"taxonomy":"post_tag","embeddable":true,"href":"https:\/\/conakrynews.org\/index.php\/wp-json\/wp\/v2\/tags?post=35488"}],"curies":[{"name":"wp","href":"https:\/\/api.w.org\/{rel}","templated":true}]}}