{"id":35500,"date":"2025-08-25T22:23:03","date_gmt":"2025-08-25T22:23:03","guid":{"rendered":"https:\/\/conakrynews.org\/?p=35500"},"modified":"2025-08-25T22:37:22","modified_gmt":"2025-08-25T22:37:22","slug":"guinee-la-rentree-scolaire-desormais-fixee-au-15-septembre","status":"publish","type":"post","link":"https:\/\/conakrynews.org\/index.php\/guinee-la-rentree-scolaire-desormais-fixee-au-15-septembre\/","title":{"rendered":"Guin\u00e9e : la rentr\u00e9e scolaire d\u00e9sormais\u00a0 \u00a0fix\u00e9e au 15 septembre"},"content":{"rendered":"<div class=\"entry-header\">\n<h1 class=\"jeg_post_title\"><\/h1>\n<div class=\"jeg_meta_container\">\n<div class=\"jeg_post_meta jeg_post_meta_1\">\n<div class=\"meta_left\">\n<div class=\"jeg_meta_author\"><\/div>\n<div><\/div>\n<\/div>\n<div class=\"meta_right\"><\/div>\n<\/div>\n<\/div>\n<\/div>\n<div class=\"jeg_featured featured_image \">\n<div class=\"thumbnail-container animate-lazy\"><\/div>\n<\/div>\n<div class=\"jeg_share_top_container\"><\/div>\n<div class=\"jeg_ad jeg_article jnews_content_top_ads \">\n<div class=\"ads-wrapper \">Les responsables du minist\u00e8re de l&rsquo;Enseignement Pr\u00e9-universitaire et de l&rsquo;Alphab\u00e9tisation viennent de fixer une nouvelle date pour la rentr\u00e9e scolaire session 2025-2026.Au cours d&rsquo;une r\u00e9union de cabinet avec des\u00a0 cadres du d\u00e9partement, il\u00a0 avait \u00e9t\u00e9 initialement annonc\u00e9 que la rentr\u00e9e scolaire aurait lieu \u00e0 la m\u00eame date que l\u2019ann\u00e9e\u00a0 \u00a0derni\u00e8re.Mais, une nouvelle information\u00a0 vient d\u2019\u00eatre relay\u00e9e\u00a0 par nos confr\u00e8res.<\/div>\n<\/div>\n<div class=\"entry-content no-share\">\n<div class=\"content-inner \">\n<p>&nbsp;<\/p>\n<p class=\"p3\"><span class=\"s2\">Selon nos informations,le minist\u00e8re a annonc\u00e9 d\u00e9sormais\u00a0 que la rentr\u00e9e scolaire est fix\u00e9e au <\/span><span class=\"s3\">15 septembre\u00a0 sur toute l&rsquo;\u00e9tendue du territoire national.<\/span><\/p>\n<p>&nbsp;<\/p>\n<p>&nbsp;<\/p>\n<p class=\"p3\"><span class=\"s2\">Ci-dessous, le message relay\u00e9\u00a0 sur la page officielle du d\u00e9partement.<\/span><\/p>\n<p><img loading=\"lazy\" decoding=\"async\" class=\"alignnone size-full wp-image-67592\" src=\"https:\/\/www.avenirguinee.org\/wp-content\/uploads\/2025\/08\/00470ba6-11d8-4c17-8c79-7313988b2f57.jpeg\" alt=\"\" width=\"591\" height=\"956\" data-pin-no-hover=\"true\" \/><\/p>\n<\/div>\n<\/div>\n","protected":false},"excerpt":{"rendered":"<p>Les responsables du minist\u00e8re de l&rsquo;Enseignement Pr\u00e9-universitaire et de l&rsquo;Alphab\u00e9tisation viennent de fixer une nouvelle date pour la rentr\u00e9e scolaire session 2025-2026.Au cours d&rsquo;une r\u00e9union de cabinet avec des\u00a0 cadres du d\u00e9partement, il\u00a0 avait \u00e9t\u00e9 initialement annonc\u00e9 que la rentr\u00e9e scolaire aurait lieu \u00e0 la m\u00eame date que l\u2019ann\u00e9e\u00a0 \u00a0derni\u00e8re.Mais, une nouvelle information\u00a0 vient d\u2019\u00eatre [&hellip;]<\/p>\n","protected":false},"author":2,"featured_media":35509,"comment_status":"closed","ping_status":"closed","sticky":false,"template":"","format":"standard","meta":{"footnotes":""},"categories":[58],"tags":[],"class_list":{"0":"post-35500","1":"post","2":"type-post","3":"status-publish","4":"format-standard","5":"has-post-thumbnail","7":"category-societe"},"_links":{"self":[{"href":"https:\/\/conakrynews.org\/index.php\/wp-json\/wp\/v2\/posts\/35500","targetHints":{"allow":["GET"]}}],"collection":[{"href":"https:\/\/conakrynews.org\/index.php\/wp-json\/wp\/v2\/posts"}],"about":[{"href":"https:\/\/conakrynews.org\/index.php\/wp-json\/wp\/v2\/types\/post"}],"author":[{"embeddable":true,"href":"https:\/\/conakrynews.org\/index.php\/wp-json\/wp\/v2\/users\/2"}],"replies":[{"embeddable":true,"href":"https:\/\/conakrynews.org\/index.php\/wp-json\/wp\/v2\/comments?post=35500"}],"version-history":[{"count":0,"href":"https:\/\/conakrynews.org\/index.php\/wp-json\/wp\/v2\/posts\/35500\/revisions"}],"wp:featuredmedia":[{"embeddable":true,"href":"https:\/\/conakrynews.org\/index.php\/wp-json\/wp\/v2\/media\/35509"}],"wp:attachment":[{"href":"https:\/\/conakrynews.org\/index.php\/wp-json\/wp\/v2\/media?parent=35500"}],"wp:term":[{"taxonomy":"category","embeddable":true,"href":"https:\/\/conakrynews.org\/index.php\/wp-json\/wp\/v2\/categories?post=35500"},{"taxonomy":"post_tag","embeddable":true,"href":"https:\/\/conakrynews.org\/index.php\/wp-json\/wp\/v2\/tags?post=35500"}],"curies":[{"name":"wp","href":"https:\/\/api.w.org\/{rel}","templated":true}]}}