{"id":35533,"date":"2025-08-27T14:28:40","date_gmt":"2025-08-27T14:28:40","guid":{"rendered":"https:\/\/conakrynews.org\/?p=35533"},"modified":"2025-08-27T14:28:40","modified_gmt":"2025-08-27T14:28:40","slug":"presidentielle-en-cote-divoire-alassane-ouattara-et-laurent-gbagbo-deposent-leur-candidature","status":"publish","type":"post","link":"https:\/\/conakrynews.org\/index.php\/presidentielle-en-cote-divoire-alassane-ouattara-et-laurent-gbagbo-deposent-leur-candidature\/","title":{"rendered":"Pr\u00e9sidentielle en C\u00f4te d\u2019Ivoire : Alassane Ouattara et Laurent Gbagbo d\u00e9posent leur candidature"},"content":{"rendered":"<h1 class=\"name post-title entry-title\"><\/h1>\n<p class=\"post-meta\">\n<div class=\"clear\"><\/div>\n<div class=\"entry\">\n<p class=\"t-content__chapo\">Ce mardi marquait la fin des d\u00e9p\u00f4ts des candidatures \u00e0 la pr\u00e9sidentielle d\u2019octobre prochain en C\u00f4te d\u2019Ivoire.\u00a0Le pr\u00e9sident Alassane Ouattara est venu\u00a0en personne d\u00e9poser la sienne \u00e0 la commission \u00e9lectorale ind\u00e9pendante, tout comme Laurent Gbagbo.<\/p>\n<div class=\"t-content__body u-clearfix\">\n<p>Egalement au sommaire : la France a restitu\u00e9 mardi 27 ao\u00fbt \u00e0\u00a0<a class=\"gtm-add-suggested-tag\" href=\"https:\/\/www.france24.com\/fr\/tag\/madagascar\/\" target=\"_self\" rel=\"noopener noreferrer\">Madagascar<\/a>\u00a0trois cr\u00e2nes datant de l\u2019\u00e9poque coloniale, dont l\u2019un attribu\u00e9 \u00e0 un roi malgache d\u00e9capit\u00e9 par l\u2019arm\u00e9e fran\u00e7aise lors d\u2019un massacre \u00e0 la fin du XIXe si\u00e8cle. R\u00e9clam\u00e9 depuis plusieurs ann\u00e9es par Antananarivo, le cr\u00e2ne pr\u00e9sum\u00e9 du roi Toera, tu\u00e9 en 1897 aux premi\u00e8res heures de la colonisation et emport\u00e9 ensuite comme troph\u00e9e en France, \u00e9tait jusque-l\u00e0 conserv\u00e9 au Mus\u00e9um national d\u2019histoire naturelle \u00e0 Paris aux c\u00f4t\u00e9s de centaines d\u2019autres restes humains malgaches.<\/p>\n<p>Enfin, au\u00a0<a class=\"gtm-add-suggested-tag\" href=\"https:\/\/www.france24.com\/fr\/tag\/b%C3%A9nin\/\" target=\"_self\" rel=\"noopener noreferrer\">B\u00e9nin<\/a>, les vacances d\u2019\u00e9t\u00e9 offrent une promesse de libert\u00e9 pour les enfants\u2026 mais cette escapade du quotidien n\u2019est pas \u00e0 la port\u00e9e de tous, car les centres priv\u00e9s affichent des tarifs \u00e9lev\u00e9s. Gr\u00e2ce \u00e0 des ONG, des artistes et des b\u00e9n\u00e9voles, les vacances ne sont plus un privil\u00e8ge r\u00e9serv\u00e9 \u00e0 quelques-uns. De Porto-Novo \u00e0 Grand-Popo, en passant par Cotonou,\u00a0 des initiatives solidaires fleurissent. Reportage d\u2019Emmanuelle Sodji et de Rapha\u00ebl N\u2019Tal\u00e9.<\/p>\n<\/div>\n<p><strong>Avec AFP<\/strong><\/p>\n<\/div>\n","protected":false},"excerpt":{"rendered":"<p>Ce mardi marquait la fin des d\u00e9p\u00f4ts des candidatures \u00e0 la pr\u00e9sidentielle d\u2019octobre prochain en C\u00f4te d\u2019Ivoire.\u00a0Le pr\u00e9sident Alassane Ouattara est venu\u00a0en personne d\u00e9poser la sienne \u00e0 la commission \u00e9lectorale ind\u00e9pendante, tout comme Laurent Gbagbo. Egalement au sommaire : la France a restitu\u00e9 mardi 27 ao\u00fbt \u00e0\u00a0Madagascar\u00a0trois cr\u00e2nes datant de l\u2019\u00e9poque coloniale, dont l\u2019un attribu\u00e9 [&hellip;]<\/p>\n","protected":false},"author":2,"featured_media":35534,"comment_status":"closed","ping_status":"closed","sticky":false,"template":"","format":"standard","meta":{"footnotes":""},"categories":[57],"tags":[],"class_list":{"0":"post-35533","1":"post","2":"type-post","3":"status-publish","4":"format-standard","5":"has-post-thumbnail","7":"category-politique"},"_links":{"self":[{"href":"https:\/\/conakrynews.org\/index.php\/wp-json\/wp\/v2\/posts\/35533","targetHints":{"allow":["GET"]}}],"collection":[{"href":"https:\/\/conakrynews.org\/index.php\/wp-json\/wp\/v2\/posts"}],"about":[{"href":"https:\/\/conakrynews.org\/index.php\/wp-json\/wp\/v2\/types\/post"}],"author":[{"embeddable":true,"href":"https:\/\/conakrynews.org\/index.php\/wp-json\/wp\/v2\/users\/2"}],"replies":[{"embeddable":true,"href":"https:\/\/conakrynews.org\/index.php\/wp-json\/wp\/v2\/comments?post=35533"}],"version-history":[{"count":0,"href":"https:\/\/conakrynews.org\/index.php\/wp-json\/wp\/v2\/posts\/35533\/revisions"}],"wp:featuredmedia":[{"embeddable":true,"href":"https:\/\/conakrynews.org\/index.php\/wp-json\/wp\/v2\/media\/35534"}],"wp:attachment":[{"href":"https:\/\/conakrynews.org\/index.php\/wp-json\/wp\/v2\/media?parent=35533"}],"wp:term":[{"taxonomy":"category","embeddable":true,"href":"https:\/\/conakrynews.org\/index.php\/wp-json\/wp\/v2\/categories?post=35533"},{"taxonomy":"post_tag","embeddable":true,"href":"https:\/\/conakrynews.org\/index.php\/wp-json\/wp\/v2\/tags?post=35533"}],"curies":[{"name":"wp","href":"https:\/\/api.w.org\/{rel}","templated":true}]}}